{"id":4125,"date":"2026-07-19T09:51:43","date_gmt":"2026-07-19T09:51:43","guid":{"rendered":"https:\/\/turkiyemhaber.com\/?p=4125"},"modified":"2026-07-19T09:51:48","modified_gmt":"2026-07-19T09:51:48","slug":"col-sicaklari-turkiyeyi-kavuracak-4-gunluk-kritik-uyari-hissedilen-sicaklik-50-dereceyi-bulacak","status":"publish","type":"post","link":"https:\/\/turkiyemhaber.com\/?p=4125","title":{"rendered":"\u00c7\u00f6l S\u0131caklar\u0131 T\u00fcrkiye&#8217;yi Kavuracak! 4 G\u00fcnl\u00fck Kritik Uyar\u0131: Hissedilen S\u0131cakl\u0131k 50 Dereceyi Bulacak"},"content":{"rendered":"\n<p class=\"wp-block-paragraph\">T\u00fcrkiye, yeni haftayla birlikte Afrika ve Balkanlar \u00fczerinden gelen s\u0131cak hava dalgas\u0131n\u0131n etkisi alt\u0131na giriyor. Meteoroloji Genel M\u00fcd\u00fcrl\u00fc\u011f\u00fc&#8217;n\u00fcn son tahminlerine g\u00f6re, yurt genelinde hava s\u0131cakl\u0131klar\u0131 mevsim normallerinin \u00fczerine \u00e7\u0131kacak. \u00d6zellikle Ege ve Akdeniz b\u00f6lgelerinde termometrelerin 43 dereceyi g\u00f6stermesi, y\u00fcksek nem nedeniyle hissedilen s\u0131cakl\u0131\u011f\u0131n ise 50 dereceye kadar ula\u015fmas\u0131 bekleniyor.<\/p>\n\n\n\n<p class=\"wp-block-paragraph\">Meteoroloji verilerine g\u00f6re etkisini yakla\u015f\u0131k 4 g\u00fcn boyunca s\u00fcrd\u00fcrecek s\u0131cak hava dalgas\u0131 nedeniyle uzmanlar, \u00f6zellikle ya\u015fl\u0131lar, \u00e7ocuklar ve kronik rahats\u0131zl\u0131\u011f\u0131 bulunan vatanda\u015flar\u0131n g\u00fcn\u00fcn en s\u0131cak saatlerinde d\u0131\u015far\u0131 \u00e7\u0131kmamalar\u0131 konusunda uyar\u0131yor.<\/p>\n\n\n\n<h3 class=\"wp-block-heading\">Bu Yaz\u0131n En S\u0131cak G\u00fcnleri Ya\u015fanacak<\/h3>\n\n\n\n<p class=\"wp-block-paragraph\">S\u0131cakl\u0131klar\u0131n bug\u00fcn itibar\u0131yla i\u00e7 ve bat\u0131 kesimlerde 1 ila 3 derece artaca\u011f\u0131 tahmin edilirken, sal\u0131, \u00e7ar\u015famba ve per\u015fembe g\u00fcnleri \u00f6zellikle Ege ile Akdeniz&#8217;de bu yaz\u0131n en y\u00fcksek s\u0131cakl\u0131k de\u011ferlerinin \u00f6l\u00e7\u00fclmesi bekleniyor.<\/p>\n\n\n\n<p class=\"wp-block-paragraph\">Y\u00fcksek s\u0131cakl\u0131\u011f\u0131n yan\u0131 s\u0131ra nem oran\u0131ndaki art\u0131\u015f nedeniyle hissedilen s\u0131cakl\u0131\u011f\u0131n bir\u00e7ok b\u00f6lgede 50 dereceye yakla\u015faca\u011f\u0131 tahmin ediliyor.<\/p>\n\n\n\n<h3 class=\"wp-block-heading\">Sa\u011fanak Ya\u011f\u0131\u015f \u0130\u00e7in Tarih Verildi<\/h3>\n\n\n\n<p class=\"wp-block-paragraph\">Kavurucu s\u0131caklar\u0131n ard\u0131ndan \u00e7ar\u015famba g\u00fcn\u00fcnden itibaren hava yeniden de\u011fi\u015fecek. \u0130stanbul ba\u015fta olmak \u00fczere Marmara B\u00f6lgesi&#8217;nin bir\u00e7ok ili ile Bat\u0131 Karadeniz&#8217;de g\u00f6k g\u00fcr\u00fclt\u00fcl\u00fc sa\u011fanak ya\u011f\u0131\u015flar\u0131n etkili olmas\u0131 bekleniyor.<\/p>\n\n\n\n<p class=\"wp-block-paragraph\">Meteoroloji&#8217;nin tahminlerine g\u00f6re;<\/p>\n\n\n\n<ul class=\"wp-block-list\">\n<li>\u0130stanbul<\/li>\n\n\n\n<li>Tekirda\u011f<\/li>\n\n\n\n<li>Edirne<\/li>\n\n\n\n<li>K\u0131rklareli<\/li>\n\n\n\n<li>\u00c7anakkale<\/li>\n\n\n\n<li>Bal\u0131kesir<\/li>\n\n\n\n<li>Bursa<\/li>\n\n\n\n<li>Bilecik<\/li>\n\n\n\n<li>Sakarya<\/li>\n\n\n\n<li>Kocaeli<\/li>\n<\/ul>\n\n\n\n<p class=\"wp-block-paragraph\">ba\u015fta olmak \u00fczere bir\u00e7ok ilde sa\u011fanak ve g\u00f6k g\u00fcr\u00fclt\u00fcl\u00fc sa\u011fanak ya\u011f\u0131\u015f g\u00f6r\u00fclecek.<\/p>\n\n\n\n<h3 class=\"wp-block-heading\">Uzmanlardan Uyar\u0131<\/h3>\n\n\n\n<p class=\"wp-block-paragraph\">Yetkililer, \u00f6zellikle \u00f6\u011fle saatlerinde g\u00fcne\u015f alt\u0131nda uzun s\u00fcre kal\u0131nmamas\u0131, bol s\u0131v\u0131 t\u00fcketilmesi ve zorunlu olmad\u0131k\u00e7a 11.00 ile 16.00 saatleri aras\u0131nda d\u0131\u015far\u0131 \u00e7\u0131k\u0131lmamas\u0131 gerekti\u011fini belirtiyor.<\/p>\n\n\n\n<p class=\"wp-block-paragraph\">T\u00fcrkiye genelinde etkili olacak s\u0131cak hava dalgas\u0131n\u0131n ard\u0131ndan hafta ortas\u0131nda kuzey ve bat\u0131 b\u00f6lgelerde ya\u011f\u0131\u015fl\u0131 havan\u0131n etkisini art\u0131rmas\u0131 bekleniyor.<\/p>\n\n\n\n<p class=\"wp-block-paragraph\"><strong>Etiketler:<\/strong> Meteoroloji, Hava Durumu, \u00c7\u00f6l S\u0131caklar\u0131, S\u0131cak Hava Dalgas\u0131, T\u00fcrkiye, \u0130stanbul, Marmara, Ege, Akdeniz, Sa\u011fanak Ya\u011f\u0131\u015f, Son Dakika, G\u00fcncel Haber<\/p>\n\n\n\n<p class=\"wp-block-paragraph\">#SonDakika #Meteoroloji #HavaDurumu #\u00c7\u00f6lS\u0131caklar\u0131 #T\u00fcrkiye #\u0130stanbul #Marmara #Ege #Akdeniz #Sa\u011fanak #G\u00fcndem #Gundem59 #TurkiyemHaber #Gundem44 #Gundem34Haber #Saray59 #TurkiyemHaberTV #TurkiyemRadyo<\/p>\n","protected":false},"excerpt":{"rendered":"<p>T\u00fcrkiye, yeni haftayla birlikte Afrika ve Balkanlar \u00fczerinden gelen s\u0131cak hava dalgas\u0131n\u0131n etkisi alt\u0131na giriyor.<\/p>\n","protected":false},"author":1,"featured_media":4126,"comment_status":"open","ping_status":"open","sticky":false,"template":"","format":"standard","meta":{"_rtcl_gb_attr":"","footnotes":""},"categories":[1],"tags":[],"class_list":["post-4125","post","type-post","status-publish","format-standard","has-post-thumbnail","hentry","category-http-turkiyemhaber-com-wp-content-uploads-2026-03-saray-59-haber-13-mart-pdf"],"_links":{"self":[{"href":"https:\/\/turkiyemhaber.com\/index.php?rest_route=\/wp\/v2\/posts\/4125","targetHints":{"allow":["GET"]}}],"collection":[{"href":"https:\/\/turkiyemhaber.com\/index.php?rest_route=\/wp\/v2\/posts"}],"about":[{"href":"https:\/\/turkiyemhaber.com\/index.php?rest_route=\/wp\/v2\/types\/post"}],"author":[{"embeddable":true,"href":"https:\/\/turkiyemhaber.com\/index.php?rest_route=\/wp\/v2\/users\/1"}],"replies":[{"embeddable":true,"href":"https:\/\/turkiyemhaber.com\/index.php?rest_route=%2Fwp%2Fv2%2Fcomments&post=4125"}],"version-history":[{"count":1,"href":"https:\/\/turkiyemhaber.com\/index.php?rest_route=\/wp\/v2\/posts\/4125\/revisions"}],"predecessor-version":[{"id":4127,"href":"https:\/\/turkiyemhaber.com\/index.php?rest_route=\/wp\/v2\/posts\/4125\/revisions\/4127"}],"wp:featuredmedia":[{"embeddable":true,"href":"https:\/\/turkiyemhaber.com\/index.php?rest_route=\/wp\/v2\/media\/4126"}],"wp:attachment":[{"href":"https:\/\/turkiyemhaber.com\/index.php?rest_route=%2Fwp%2Fv2%2Fmedia&parent=4125"}],"wp:term":[{"taxonomy":"category","embeddable":true,"href":"https:\/\/turkiyemhaber.com\/index.php?rest_route=%2Fwp%2Fv2%2Fcategories&post=4125"},{"taxonomy":"post_tag","embeddable":true,"href":"https:\/\/turkiyemhaber.com\/index.php?rest_route=%2Fwp%2Fv2%2Ftags&post=4125"}],"curies":[{"name":"wp","href":"https:\/\/api.w.org\/{rel}","templated":true}]}}