{"id":4118,"date":"2026-07-18T19:13:09","date_gmt":"2026-07-18T19:13:09","guid":{"rendered":"https:\/\/turkiyemhaber.com\/?p=4118"},"modified":"2026-07-18T19:13:14","modified_gmt":"2026-07-18T19:13:14","slug":"corluda-bicakli-kavga-kamerada-17-yasindaki-genc-hastanelik-oldu","status":"publish","type":"post","link":"https:\/\/turkiyemhaber.com\/?p=4118","title":{"rendered":"\u00c7orlu&#8217;da B\u0131\u00e7akl\u0131 Kavga Kamerada: 17 Ya\u015f\u0131ndaki Gen\u00e7 Hastanelik Oldu"},"content":{"rendered":"\n<p class=\"wp-block-paragraph\">Tekirda\u011f&#8217;\u0131n \u00c7orlu il\u00e7esinde aralar\u0131nda husumet bulundu\u011fu iddia edilen iki gen\u00e7 aras\u0131nda \u00e7\u0131kan kavga kanl\u0131 bitti. Tart\u0131\u015fma s\u0131ras\u0131nda b\u0131\u00e7aklanan 17 ya\u015f\u0131ndaki gen\u00e7 yaralan\u0131rken, olayla ilgili g\u00f6zalt\u0131na al\u0131nan 2 ki\u015fi tutukland\u0131.<\/p>\n\n\n\n<figure class=\"wp-block-video\"><video height=\"1080\" style=\"aspect-ratio: 1920 \/ 1080;\" width=\"1920\" controls src=\"https:\/\/turkiyemhaber.com\/wp-content\/uploads\/2026\/07\/Kendi-tarzini-belirle-7.mp4\"><\/video><\/figure>\n\n\n\n<p class=\"wp-block-paragraph\">Olay, \u00f6nceki gece \u00c7orlu il\u00e7esine ba\u011fl\u0131 Kaz\u0131miye Mahallesi Ali Pa\u015fa Caddesi&#8217;nde meydana geldi. \u0130ddiaya g\u00f6re aralar\u0131nda daha \u00f6nceden husumet bulunan M.\u015e.Y. (18) ile E.\u00dc. (17) sokakta kar\u015f\u0131la\u015ft\u0131.<\/p>\n\n\n\n<p class=\"wp-block-paragraph\">Kar\u015f\u0131la\u015fman\u0131n ard\u0131ndan taraflar aras\u0131nda ba\u015flayan tart\u0131\u015fma k\u0131sa s\u00fcrede kavgaya d\u00f6n\u00fc\u015ft\u00fc. G\u00f6rg\u00fc tan\u0131klar\u0131n\u0131n ifadelerine g\u00f6re E.\u00dc., tart\u0131\u015fma s\u0131ras\u0131nda M.\u015e.Y.&#8217;ye tokat att\u0131. Bunun \u00fczerine yan\u0131nda bulunan b\u0131\u00e7a\u011f\u0131 \u00e7\u0131karan M.\u015e.Y., E.\u00dc.&#8217;y\u00fc karn\u0131ndan b\u0131\u00e7aklayarak yaralad\u0131.<\/p>\n\n\n\n<p class=\"wp-block-paragraph\">\u00c7evredeki vatanda\u015flar\u0131n ihbar\u0131 \u00fczerine olay yerine polis ve sa\u011fl\u0131k ekipleri sevk edildi. Yaral\u0131 gen\u00e7, sa\u011fl\u0131k ekiplerinin olay yerindeki ilk m\u00fcdahalesinin ard\u0131ndan \u00f6zel bir hastaneye kald\u0131r\u0131larak tedavi alt\u0131na al\u0131nd\u0131.<\/p>\n\n\n\n<p class=\"wp-block-paragraph\">Olay\u0131n ard\u0131ndan \u00e7al\u0131\u015fma ba\u015flatan polis ekipleri, kavgaya kar\u0131\u015ft\u0131klar\u0131 belirlenen M.\u015e.Y. ile A.E.\u00c7.&#8217;yi g\u00f6zalt\u0131na ald\u0131. Emniyetteki i\u015flemleri tamamlanan iki \u015f\u00fcpheli, sevk edildikleri mahkeme taraf\u0131ndan tutuklanarak cezaevine g\u00f6nderildi.<\/p>\n\n\n\n<p class=\"wp-block-paragraph\">\u00d6te yandan ya\u015fanan kavga ve b\u0131\u00e7aklama an\u0131 \u00e7evredeki bir i\u015f yerinin g\u00fcvenlik kameras\u0131na saniye saniye yans\u0131d\u0131. G\u00f6r\u00fcnt\u00fclerde taraflar aras\u0131nda ba\u015flayan tart\u0131\u015fman\u0131n k\u0131sa s\u00fcrede kavgaya d\u00f6n\u00fc\u015ft\u00fc\u011f\u00fc ve ard\u0131ndan b\u0131\u00e7aklama olay\u0131n\u0131n ya\u015fand\u0131\u011f\u0131 g\u00f6r\u00fcld\u00fc.<\/p>\n\n\n\n<p class=\"wp-block-paragraph\">Tekirda\u011f, \u00c7orlu, Kaz\u0131miye Mahallesi, Ali Pa\u015fa Caddesi, B\u0131\u00e7akl\u0131 Kavga, G\u00fcvenlik Kameras\u0131, Yaralama, Polis, Tutuklama, Asayi\u015f, 3. Sayfa, \u00c7orlu Haberleri, Tekirda\u011f Haberleri<\/p>\n\n\n\n<p class=\"wp-block-paragraph\">#Tekirda\u011f #\u00c7orlu #SonDakika #B\u0131\u00e7akl\u0131Kavga #Asayi\u015f #G\u00fcvenlikKameras\u0131 #Yaralama #Polis #Tutuklama #Kaz\u0131miyeMahallesi #Tekirda\u011fHaberleri #\u00c7orluHaberleri #G\u00fcndem #TurkiyemHaber #Gundem59 #Gundem44 #Saray59 #TurkiyemHaberTV #TurkiyemRadyo<\/p>\n","protected":false},"excerpt":{"rendered":"<p>Tekirda\u011f&#8217;\u0131n \u00c7orlu il\u00e7esinde aralar\u0131nda husumet bulundu\u011fu iddia edilen iki gen\u00e7 aras\u0131nda \u00e7\u0131kan kavga kanl\u0131 bitti.<\/p>\n","protected":false},"author":1,"featured_media":4119,"comment_status":"open","ping_status":"open","sticky":false,"template":"","format":"standard","meta":{"_rtcl_gb_attr":"","footnotes":""},"categories":[1],"tags":[],"class_list":["post-4118","post","type-post","status-publish","format-standard","has-post-thumbnail","hentry","category-http-turkiyemhaber-com-wp-content-uploads-2026-03-saray-59-haber-13-mart-pdf"],"_links":{"self":[{"href":"https:\/\/turkiyemhaber.com\/index.php?rest_route=\/wp\/v2\/posts\/4118","targetHints":{"allow":["GET"]}}],"collection":[{"href":"https:\/\/turkiyemhaber.com\/index.php?rest_route=\/wp\/v2\/posts"}],"about":[{"href":"https:\/\/turkiyemhaber.com\/index.php?rest_route=\/wp\/v2\/types\/post"}],"author":[{"embeddable":true,"href":"https:\/\/turkiyemhaber.com\/index.php?rest_route=\/wp\/v2\/users\/1"}],"replies":[{"embeddable":true,"href":"https:\/\/turkiyemhaber.com\/index.php?rest_route=%2Fwp%2Fv2%2Fcomments&post=4118"}],"version-history":[{"count":1,"href":"https:\/\/turkiyemhaber.com\/index.php?rest_route=\/wp\/v2\/posts\/4118\/revisions"}],"predecessor-version":[{"id":4121,"href":"https:\/\/turkiyemhaber.com\/index.php?rest_route=\/wp\/v2\/posts\/4118\/revisions\/4121"}],"wp:featuredmedia":[{"embeddable":true,"href":"https:\/\/turkiyemhaber.com\/index.php?rest_route=\/wp\/v2\/media\/4119"}],"wp:attachment":[{"href":"https:\/\/turkiyemhaber.com\/index.php?rest_route=%2Fwp%2Fv2%2Fmedia&parent=4118"}],"wp:term":[{"taxonomy":"category","embeddable":true,"href":"https:\/\/turkiyemhaber.com\/index.php?rest_route=%2Fwp%2Fv2%2Fcategories&post=4118"},{"taxonomy":"post_tag","embeddable":true,"href":"https:\/\/turkiyemhaber.com\/index.php?rest_route=%2Fwp%2Fv2%2Ftags&post=4118"}],"curies":[{"name":"wp","href":"https:\/\/api.w.org\/{rel}","templated":true}]}}