{"id":4114,"date":"2026-07-18T19:02:32","date_gmt":"2026-07-18T19:02:32","guid":{"rendered":"https:\/\/turkiyemhaber.com\/?p=4114"},"modified":"2026-07-18T19:02:37","modified_gmt":"2026-07-18T19:02:37","slug":"freni-bosalan-kamyon-eve-daldi-suleymanpasada-facianin-esiginden-donuldu","status":"publish","type":"post","link":"https:\/\/turkiyemhaber.com\/?p=4114","title":{"rendered":"Freni Bo\u015falan Kamyon Eve Dald\u0131! S\u00fcleymanpa\u015fa&#8217;da Facian\u0131n E\u015fi\u011finden D\u00f6n\u00fcld\u00fc"},"content":{"rendered":"\n<p class=\"wp-block-paragraph\">Tekirda\u011f&#8217;\u0131n S\u00fcleymanpa\u015fa il\u00e7esinde park halindeyken freni bo\u015fald\u0131\u011f\u0131 iddia edilen hafriyat kamyonu yoku\u015f a\u015fa\u011f\u0131 hareket ederek bir eve \u00e7arpt\u0131. Olay s\u0131ras\u0131nda evden \u00e7\u0131kmaya haz\u0131rlanan aile b\u00fcy\u00fck korku ya\u015farken, sokakta kimsenin bulunmamas\u0131 olas\u0131 bir faciay\u0131 \u00f6nledi.<\/p>\n\n\n\n<p class=\"wp-block-paragraph\">Kaza, S\u00fcleymanpa\u015fa il\u00e7esine ba\u011fl\u0131 \u00c7iftlik\u00f6n\u00fc Mahallesi Sunay Sokak&#8217;ta meydana geldi. \u0130ddiaya g\u00f6re park halinde bulunan 59 DJ 327 plakal\u0131 hafriyat kamyonu hen\u00fcz bilinmeyen bir nedenle hareket ederek yoku\u015f a\u015fa\u011f\u0131 inmeye ba\u015flad\u0131. Kontrolden \u00e7\u0131kan kamyon, h\u0131zla ilerledikten sonra bir evin pencere b\u00f6l\u00fcm\u00fcne \u00e7arparak durabildi.<\/p>\n\n\n\n<p class=\"wp-block-paragraph\">\u00c7arpman\u0131n \u015fiddetiyle evin pencere korkuluklar\u0131 yerinden s\u00f6k\u00fcl\u00fcrken, mahallede b\u00fcy\u00fck panik ya\u015fand\u0131.<\/p>\n\n\n\n<h3 class=\"wp-block-heading\">&#8220;Deprem Oldu Sand\u0131k&#8221;<\/h3>\n\n\n\n<p class=\"wp-block-paragraph\">Olay s\u0131ras\u0131nda \u00e7ocuklar\u0131yla birlikte evden \u00e7\u0131kmaya haz\u0131rland\u0131\u011f\u0131n\u0131 belirten ev sahibi Seval Ural, ya\u015fad\u0131\u011f\u0131 korku dolu anlar\u0131 anlatt\u0131.<\/p>\n\n\n\n<p class=\"wp-block-paragraph\">Ural, &#8220;Tam evden \u00e7\u0131kacakt\u0131k. Bir anda b\u00fcy\u00fck bir g\u00fcr\u00fclt\u00fc koptu. \u00d6nce deprem oldu\u011funu sand\u0131k. D\u0131\u015far\u0131 bakt\u0131\u011f\u0131m\u0131zda kamyonun evimize \u00e7arpt\u0131\u011f\u0131n\u0131 g\u00f6rd\u00fck. \u00c7ok korktuk. Kedilerimiz bile panikle ka\u00e7maya ba\u015flad\u0131. Allah korudu, birka\u00e7 saniye sonra \u00e7\u0131ksayd\u0131k \u00e7ok daha k\u00f6t\u00fc \u015feyler ya\u015fanabilirdi&#8221; dedi.<\/p>\n\n\n\n<figure class=\"wp-block-image size-large\"><img loading=\"lazy\" decoding=\"async\" width=\"1024\" height=\"576\" src=\"https:\/\/turkiyemhaber.com\/wp-content\/uploads\/2026\/07\/freni-bosalan-kamyon-eve-carpti-mahalle-sakin-20065362_amp-1024x576.jpg\" alt=\"\" class=\"wp-image-4116\" srcset=\"https:\/\/turkiyemhaber.com\/wp-content\/uploads\/2026\/07\/freni-bosalan-kamyon-eve-carpti-mahalle-sakin-20065362_amp-1024x576.jpg 1024w, https:\/\/turkiyemhaber.com\/wp-content\/uploads\/2026\/07\/freni-bosalan-kamyon-eve-carpti-mahalle-sakin-20065362_amp-300x169.jpg 300w, https:\/\/turkiyemhaber.com\/wp-content\/uploads\/2026\/07\/freni-bosalan-kamyon-eve-carpti-mahalle-sakin-20065362_amp-768x432.jpg 768w, https:\/\/turkiyemhaber.com\/wp-content\/uploads\/2026\/07\/freni-bosalan-kamyon-eve-carpti-mahalle-sakin-20065362_amp-18x10.jpg 18w, https:\/\/turkiyemhaber.com\/wp-content\/uploads\/2026\/07\/freni-bosalan-kamyon-eve-carpti-mahalle-sakin-20065362_amp.jpg 1200w\" sizes=\"auto, (max-width: 1024px) 100vw, 1024px\" \/><\/figure>\n\n\n\n<h3 class=\"wp-block-heading\">Sokakta Kimsenin Olmamas\u0131 Felaketi \u00d6nledi<\/h3>\n\n\n\n<p class=\"wp-block-paragraph\">Kazan\u0131n ya\u015fand\u0131\u011f\u0131 s\u0131rada sokakta herhangi bir yaya ya da arac\u0131n bulunmamas\u0131 olas\u0131 bir can kayb\u0131n\u0131n \u00f6n\u00fcne ge\u00e7ti. Mahalle sakinleri b\u00fcy\u00fck panik ya\u015farken, ihbar \u00fczerine olay yerine polis ve sa\u011fl\u0131k ekipleri sevk edildi.<\/p>\n\n\n\n<p class=\"wp-block-paragraph\">Sa\u011fl\u0131k ekipleri tedbir ama\u00e7l\u0131 b\u00f6lgede haz\u0131r bekletilirken, polis ekipleri \u00e7evrede g\u00fcvenlik \u00f6nlemi alarak inceleme yapt\u0131.<\/p>\n\n\n\n<h3 class=\"wp-block-heading\">Kamyon \u0130\u015f Makineleriyle Kurtar\u0131ld\u0131<\/h3>\n\n\n\n<p class=\"wp-block-paragraph\">Olay yeri inceleme \u00e7al\u0131\u015fmalar\u0131n\u0131n ard\u0131ndan eve \u00e7arparak duran hafriyat kamyonu, iki i\u015f makinesinin yard\u0131m\u0131yla bulundu\u011fu noktadan \u00e7\u0131kar\u0131ld\u0131. Daha sonra kontroll\u00fc \u015fekilde yoku\u015f a\u015fa\u011f\u0131 indirilen kamyon g\u00fcvenli alana \u00e7ekildi.<\/p>\n\n\n\n<p class=\"wp-block-paragraph\">Polis ekipleri kazan\u0131n kesin nedenini belirlemek i\u00e7in inceleme ba\u015flat\u0131rken, mahalle sakinleri \u00f6zellikle e\u011fimli sokaklarda a\u011f\u0131r tonajl\u0131 ara\u00e7lar\u0131n park edilmesine kar\u015f\u0131 \u00f6nlem al\u0131nmas\u0131n\u0131 istedi.<\/p>\n\n\n\n<p class=\"wp-block-paragraph\">Tekirda\u011f, S\u00fcleymanpa\u015fa, \u00c7iftlik\u00f6n\u00fc Mahallesi, Sunay Sokak, Hafriyat Kamyonu, Trafik Kazas\u0131, Freni Bo\u015falan Kamyon, Polis, Tekirda\u011f Haberleri, S\u00fcleymanpa\u015fa Haberleri, G\u00fcncel Haber, Son Dakika<\/p>\n\n\n\n<p class=\"wp-block-paragraph\">#Tekirda\u011f #S\u00fcleymanpa\u015fa #\u00c7iftlik\u00f6n\u00fc #SonDakika #TrafikKazas\u0131 #Kamyon #HafriyatKamyonu #Tekirda\u011fHaberleri #S\u00fcleymanpa\u015faHaberleri #G\u00fcndem #G\u00fcncelHaber #TurkiyemHaber #Gundem59 #Gundem44 #Saray59 #TurkiyemHaberTV #TurkiyemRadyo<\/p>\n","protected":false},"excerpt":{"rendered":"<p>Tekirda\u011f&#8217;\u0131n S\u00fcleymanpa\u015fa il\u00e7esinde park halindeyken freni bo\u015fald\u0131\u011f\u0131 iddia edilen hafriyat kamyonu yoku\u015f a\u015fa\u011f\u0131 hareket ederek<\/p>\n","protected":false},"author":1,"featured_media":4115,"comment_status":"open","ping_status":"open","sticky":false,"template":"","format":"standard","meta":{"_rtcl_gb_attr":"","footnotes":""},"categories":[74],"tags":[],"class_list":["post-4114","post","type-post","status-publish","format-standard","has-post-thumbnail","hentry","category-yerel-haberler"],"_links":{"self":[{"href":"https:\/\/turkiyemhaber.com\/index.php?rest_route=\/wp\/v2\/posts\/4114","targetHints":{"allow":["GET"]}}],"collection":[{"href":"https:\/\/turkiyemhaber.com\/index.php?rest_route=\/wp\/v2\/posts"}],"about":[{"href":"https:\/\/turkiyemhaber.com\/index.php?rest_route=\/wp\/v2\/types\/post"}],"author":[{"embeddable":true,"href":"https:\/\/turkiyemhaber.com\/index.php?rest_route=\/wp\/v2\/users\/1"}],"replies":[{"embeddable":true,"href":"https:\/\/turkiyemhaber.com\/index.php?rest_route=%2Fwp%2Fv2%2Fcomments&post=4114"}],"version-history":[{"count":1,"href":"https:\/\/turkiyemhaber.com\/index.php?rest_route=\/wp\/v2\/posts\/4114\/revisions"}],"predecessor-version":[{"id":4117,"href":"https:\/\/turkiyemhaber.com\/index.php?rest_route=\/wp\/v2\/posts\/4114\/revisions\/4117"}],"wp:featuredmedia":[{"embeddable":true,"href":"https:\/\/turkiyemhaber.com\/index.php?rest_route=\/wp\/v2\/media\/4115"}],"wp:attachment":[{"href":"https:\/\/turkiyemhaber.com\/index.php?rest_route=%2Fwp%2Fv2%2Fmedia&parent=4114"}],"wp:term":[{"taxonomy":"category","embeddable":true,"href":"https:\/\/turkiyemhaber.com\/index.php?rest_route=%2Fwp%2Fv2%2Fcategories&post=4114"},{"taxonomy":"post_tag","embeddable":true,"href":"https:\/\/turkiyemhaber.com\/index.php?rest_route=%2Fwp%2Fv2%2Ftags&post=4114"}],"curies":[{"name":"wp","href":"https:\/\/api.w.org\/{rel}","templated":true}]}}