{"id":4110,"date":"2026-07-18T18:54:59","date_gmt":"2026-07-18T18:54:59","guid":{"rendered":"https:\/\/turkiyemhaber.com\/?p=4110"},"modified":"2026-07-18T18:55:05","modified_gmt":"2026-07-18T18:55:05","slug":"malkarada-korkutan-orman-yangini-80-dekarlik-alan-kul-oldu","status":"publish","type":"post","link":"https:\/\/turkiyemhaber.com\/?p=4110","title":{"rendered":"Malkara&#8217;da Korkutan Orman Yang\u0131n\u0131: 80 Dekarl\u0131k Alan K\u00fcl Oldu"},"content":{"rendered":"\n<p class=\"wp-block-paragraph\">Tekirda\u011f&#8217;\u0131n Malkara il\u00e7esinde \u00e7\u0131kan orman yang\u0131n\u0131, ekiplerin havadan ve karadan y\u00fcr\u00fctt\u00fc\u011f\u00fc yo\u011fun m\u00fcdahale sonucu kontrol alt\u0131na al\u0131nd\u0131. Yang\u0131nda yakla\u015f\u0131k 80 dekarl\u0131k ormanl\u0131k alan zarar g\u00f6rd\u00fc.<\/p>\n\n\n\n<p class=\"wp-block-paragraph\">Yang\u0131n, Malkara il\u00e7esine ba\u011fl\u0131 Tetek\u00f6y Mahallesi So\u011fuksu mevkisinde saat 16.00 s\u0131ralar\u0131nda hen\u00fcz belirlenemeyen bir nedenle ba\u015flad\u0131. R\u00fczgar\u0131n etkisiyle k\u0131sa s\u00fcrede b\u00fcy\u00fcyen alevler geni\u015f bir alana yay\u0131larak b\u00f6lgedeki ekipleri alarma ge\u00e7irdi.<\/p>\n\n\n\n<p class=\"wp-block-paragraph\">\u0130hbar \u00fczerine b\u00f6lgeye Tekirda\u011f Orman \u0130\u015fletme M\u00fcd\u00fcrl\u00fc\u011f\u00fc ekipleri, Tekirda\u011f B\u00fcy\u00fck\u015fehir Belediyesi \u0130tfaiye Daire Ba\u015fkanl\u0131\u011f\u0131 ekipleri ve \u00e7ok say\u0131da destek ekibi sevk edildi. Yang\u0131na havadan 3 helikopter ve 1 yang\u0131n s\u00f6nd\u00fcrme u\u00e7a\u011f\u0131, karadan ise 10 araz\u00f6z ile 10 itfaiye ekibi m\u00fcdahale etti.<\/p>\n\n\n\n<p class=\"wp-block-paragraph\">Yakla\u015f\u0131k 3 saat s\u00fcren yo\u011fun \u00e7al\u0131\u015fmalar\u0131n ard\u0131ndan alevler kontrol alt\u0131na al\u0131n\u0131rken, ilk belirlemelere g\u00f6re yakla\u015f\u0131k 80 dekarl\u0131k ormanl\u0131k alan\u0131n zarar g\u00f6rd\u00fc\u011f\u00fc bildirildi.<\/p>\n\n\n\n<p class=\"wp-block-paragraph\">Yang\u0131n\u0131n yerle\u015fim yerlerine s\u0131\u00e7ramadan kontrol alt\u0131na al\u0131nmas\u0131 olas\u0131 bir faciay\u0131 \u00f6nlerken, ekiplerin b\u00f6lgedeki so\u011futma \u00e7al\u0131\u015fmalar\u0131 devam ediyor. Yetkililer yang\u0131n\u0131n \u00e7\u0131k\u0131\u015f nedeninin belirlenmesi i\u00e7in inceleme ba\u015flat\u0131ld\u0131\u011f\u0131n\u0131 a\u00e7\u0131klad\u0131.<\/p>\n\n\n\n<p class=\"wp-block-paragraph\">Yaz aylar\u0131nda artan s\u0131cakl\u0131k ve kuvvetli r\u00fczgar nedeniyle yang\u0131n riskinin y\u00fckseldi\u011fine dikkat \u00e7eken yetkililer, vatanda\u015flar\u0131 ormanl\u0131k alanlarda daha dikkatli olmalar\u0131 konusunda uyard\u0131.<\/p>\n\n\n\n<p class=\"wp-block-paragraph\"><strong>Tekirda\u011f, Malkara, Tetek\u00f6y Mahallesi, So\u011fuksu Mevkii, Orman Yang\u0131n\u0131, Tekirda\u011f Orman \u0130\u015fletme M\u00fcd\u00fcrl\u00fc\u011f\u00fc, Tekirda\u011f B\u00fcy\u00fck\u015fehir Belediyesi, \u0130tfaiye, Yang\u0131n S\u00f6nd\u00fcrme \u00c7al\u0131\u015fmalar\u0131, \u00c7evre, Do\u011fa, Afet, Son Dakika, G\u00fcncel Haberler<\/strong><\/p>\n\n\n\n<p class=\"wp-block-paragraph\">#Tekirda\u011f #Malkara #OrmanYang\u0131n\u0131 #Yang\u0131n #SonDakika #Tetek\u00f6y #Tekirda\u011fHaberleri #MalkaraHaberleri #\u00c7evre #Do\u011fa #Afet #G\u00fcndem #G\u00fcncel #TurkiyemHaber #Gundem59 #Gundem44 #Saray59 #TurkiyemHaberTV #TurkiyemRadyo<\/p>\n","protected":false},"excerpt":{"rendered":"<p>Tekirda\u011f&#8217;\u0131n Malkara il\u00e7esinde \u00e7\u0131kan orman yang\u0131n\u0131, ekiplerin havadan ve karadan y\u00fcr\u00fctt\u00fc\u011f\u00fc yo\u011fun m\u00fcdahale sonucu kontrol<\/p>\n","protected":false},"author":1,"featured_media":4112,"comment_status":"open","ping_status":"open","sticky":false,"template":"","format":"standard","meta":{"_rtcl_gb_attr":"","footnotes":""},"categories":[74],"tags":[],"class_list":["post-4110","post","type-post","status-publish","format-standard","has-post-thumbnail","hentry","category-yerel-haberler"],"_links":{"self":[{"href":"https:\/\/turkiyemhaber.com\/index.php?rest_route=\/wp\/v2\/posts\/4110","targetHints":{"allow":["GET"]}}],"collection":[{"href":"https:\/\/turkiyemhaber.com\/index.php?rest_route=\/wp\/v2\/posts"}],"about":[{"href":"https:\/\/turkiyemhaber.com\/index.php?rest_route=\/wp\/v2\/types\/post"}],"author":[{"embeddable":true,"href":"https:\/\/turkiyemhaber.com\/index.php?rest_route=\/wp\/v2\/users\/1"}],"replies":[{"embeddable":true,"href":"https:\/\/turkiyemhaber.com\/index.php?rest_route=%2Fwp%2Fv2%2Fcomments&post=4110"}],"version-history":[{"count":1,"href":"https:\/\/turkiyemhaber.com\/index.php?rest_route=\/wp\/v2\/posts\/4110\/revisions"}],"predecessor-version":[{"id":4113,"href":"https:\/\/turkiyemhaber.com\/index.php?rest_route=\/wp\/v2\/posts\/4110\/revisions\/4113"}],"wp:featuredmedia":[{"embeddable":true,"href":"https:\/\/turkiyemhaber.com\/index.php?rest_route=\/wp\/v2\/media\/4112"}],"wp:attachment":[{"href":"https:\/\/turkiyemhaber.com\/index.php?rest_route=%2Fwp%2Fv2%2Fmedia&parent=4110"}],"wp:term":[{"taxonomy":"category","embeddable":true,"href":"https:\/\/turkiyemhaber.com\/index.php?rest_route=%2Fwp%2Fv2%2Fcategories&post=4110"},{"taxonomy":"post_tag","embeddable":true,"href":"https:\/\/turkiyemhaber.com\/index.php?rest_route=%2Fwp%2Fv2%2Ftags&post=4110"}],"curies":[{"name":"wp","href":"https:\/\/api.w.org\/{rel}","templated":true}]}}