{"id":4107,"date":"2026-07-18T13:01:12","date_gmt":"2026-07-18T13:01:12","guid":{"rendered":"https:\/\/turkiyemhaber.com\/?p=4107"},"modified":"2026-07-18T13:01:22","modified_gmt":"2026-07-18T13:01:22","slug":"fisildasmalari-baslarini-yakti-yan-dairedekileri-de-aldilar-mi-sorusu-operasyonu-buyuttu","status":"publish","type":"post","link":"https:\/\/turkiyemhaber.com\/?p=4107","title":{"rendered":"F\u0131s\u0131lda\u015fmalar\u0131 Ba\u015flar\u0131n\u0131 Yakt\u0131: \u201cYan Dairedekileri de Ald\u0131lar m\u0131?\u201d Sorusu Operasyonu B\u00fcy\u00fctt\u00fc"},"content":{"rendered":"\n<p class=\"wp-block-paragraph\">\u0130stanbul&#8217;un Ba\u011fc\u0131lar il\u00e7esinde uyu\u015fturucu ihbar\u0131 \u00fczerine d\u00fczenlenen polis operasyonunda ya\u015fanan ilgin\u00e7 bir diyalog, firari h\u00fck\u00fcml\u00fclerin yakalanmas\u0131na neden oldu. \u0130lk bask\u0131nda g\u00f6zalt\u0131na al\u0131nan \u015f\u00fcphelilerin kendi aralar\u0131nda yapt\u0131\u011f\u0131 f\u0131s\u0131lda\u015fmay\u0131 duyan polis ekipleri, yan daireye de operasyon d\u00fczenleyerek toplam 5 firari h\u00fck\u00fcml\u00fcy\u00fc yakalad\u0131.<\/p>\n\n\n\n<p class=\"wp-block-paragraph\">Ba\u011fc\u0131lar Asayi\u015f B\u00fcro Amirli\u011fi ekipleri, Ba\u011flar Mahallesi&#8217;nde bulunan bir adreste uyu\u015fturucu madde bulunduruldu\u011fu ve aranan ki\u015filerin sakland\u0131\u011f\u0131 y\u00f6n\u00fcndeki ihbar \u00fczerine harekete ge\u00e7ti. Yap\u0131lan ilk bask\u0131nda haklar\u0131nda kesinle\u015fmi\u015f hapis cezas\u0131 bulunan 3 ki\u015fi g\u00f6zalt\u0131na al\u0131nd\u0131.<\/p>\n\n\n\n<p class=\"wp-block-paragraph\">Ancak operasyonun seyri, g\u00f6zalt\u0131na al\u0131nan \u015f\u00fcphelilerin kendi aralar\u0131nda yapt\u0131\u011f\u0131 bir konu\u015fmayla de\u011fi\u015fti. \u015e\u00fcphelilerin, &#8220;Yan dairedekileri de ald\u0131lar m\u0131?&#8221; \u015feklindeki f\u0131s\u0131lda\u015fmas\u0131n\u0131 duyan polis ekipleri, vakit kaybetmeden biti\u015fikteki daireyi de kontrol etti. Yap\u0131lan incelemede burada da haklar\u0131nda kesinle\u015fmi\u015f hapis cezalar\u0131 bulunan 2 firari h\u00fck\u00fcml\u00fc daha yakaland\u0131.<\/p>\n\n\n\n<p class=\"wp-block-paragraph\">Yakalanan \u015fah\u0131slar\u0131n Nurullah D., Veysel T., Emre B., Serkan K. ve S\u00fcleyman A. oldu\u011fu belirlenirken, \u015f\u00fcphelilerin \u00e7e\u015fitli su\u00e7lardan toplam 78 y\u0131l 3 ay 29 g\u00fcn kesinle\u015fmi\u015f hapis cezas\u0131yla arand\u0131klar\u0131 ortaya \u00e7\u0131kt\u0131.<\/p>\n\n\n\n<p class=\"wp-block-paragraph\">Operasyonda ayr\u0131ca uyu\u015fturucu madde ve silah da ele ge\u00e7irildi. Polis ekipleri evlerde yapt\u0131klar\u0131 aramalarda kokain oldu\u011fu de\u011ferlendirilen uyu\u015fturucu maddeler, uyu\u015fturucu emdirilmi\u015f pe\u00e7eteler, s\u0131v\u0131 ve kat\u0131 uyu\u015fturucu hammaddeleri, ruhsats\u0131z tabanca, mermiler ve \u00e7ok say\u0131da cep telefonu buldu.<\/p>\n\n\n\n<p class=\"wp-block-paragraph\">Emniyetteki i\u015flemlerinin ard\u0131ndan firari h\u00fck\u00fcml\u00fcler cezaevine g\u00f6nderilirken, olayla ilgili soru\u015fturman\u0131n s\u00fcrd\u00fc\u011f\u00fc \u00f6\u011frenildi.<\/p>\n\n\n\n<p class=\"wp-block-paragraph\">Ba\u011fc\u0131lar&#8217;da uyu\u015fturucu ihbar\u0131yla ba\u015flayan operasyon, \u015f\u00fcphelilerin kendi aralar\u0131ndaki k\u0131sa bir konu\u015fman\u0131n ard\u0131ndan b\u00fcy\u00fcyerek dikkat \u00e7eken bir ba\u015far\u0131ya d\u00f6n\u00fc\u015ft\u00fc. Polis ekiplerinin dikkati sayesinde hem aranan h\u00fck\u00fcml\u00fcler yakaland\u0131 hem de \u00f6nemli miktarda uyu\u015fturucu ve silah ele ge\u00e7irildi.<\/p>\n","protected":false},"excerpt":{"rendered":"<p>\u0130stanbul&#8217;un Ba\u011fc\u0131lar il\u00e7esinde uyu\u015fturucu ihbar\u0131 \u00fczerine d\u00fczenlenen polis operasyonunda ya\u015fanan ilgin\u00e7 bir diyalog, firari h\u00fck\u00fcml\u00fclerin<\/p>\n","protected":false},"author":1,"featured_media":4108,"comment_status":"open","ping_status":"open","sticky":false,"template":"","format":"standard","meta":{"_rtcl_gb_attr":"","footnotes":""},"categories":[1],"tags":[],"class_list":["post-4107","post","type-post","status-publish","format-standard","has-post-thumbnail","hentry","category-http-turkiyemhaber-com-wp-content-uploads-2026-03-saray-59-haber-13-mart-pdf"],"_links":{"self":[{"href":"https:\/\/turkiyemhaber.com\/index.php?rest_route=\/wp\/v2\/posts\/4107","targetHints":{"allow":["GET"]}}],"collection":[{"href":"https:\/\/turkiyemhaber.com\/index.php?rest_route=\/wp\/v2\/posts"}],"about":[{"href":"https:\/\/turkiyemhaber.com\/index.php?rest_route=\/wp\/v2\/types\/post"}],"author":[{"embeddable":true,"href":"https:\/\/turkiyemhaber.com\/index.php?rest_route=\/wp\/v2\/users\/1"}],"replies":[{"embeddable":true,"href":"https:\/\/turkiyemhaber.com\/index.php?rest_route=%2Fwp%2Fv2%2Fcomments&post=4107"}],"version-history":[{"count":1,"href":"https:\/\/turkiyemhaber.com\/index.php?rest_route=\/wp\/v2\/posts\/4107\/revisions"}],"predecessor-version":[{"id":4109,"href":"https:\/\/turkiyemhaber.com\/index.php?rest_route=\/wp\/v2\/posts\/4107\/revisions\/4109"}],"wp:featuredmedia":[{"embeddable":true,"href":"https:\/\/turkiyemhaber.com\/index.php?rest_route=\/wp\/v2\/media\/4108"}],"wp:attachment":[{"href":"https:\/\/turkiyemhaber.com\/index.php?rest_route=%2Fwp%2Fv2%2Fmedia&parent=4107"}],"wp:term":[{"taxonomy":"category","embeddable":true,"href":"https:\/\/turkiyemhaber.com\/index.php?rest_route=%2Fwp%2Fv2%2Fcategories&post=4107"},{"taxonomy":"post_tag","embeddable":true,"href":"https:\/\/turkiyemhaber.com\/index.php?rest_route=%2Fwp%2Fv2%2Ftags&post=4107"}],"curies":[{"name":"wp","href":"https:\/\/api.w.org\/{rel}","templated":true}]}}