{"id":4103,"date":"2026-07-18T12:57:35","date_gmt":"2026-07-18T12:57:35","guid":{"rendered":"https:\/\/turkiyemhaber.com\/?p=4103"},"modified":"2026-07-18T12:57:49","modified_gmt":"2026-07-18T12:57:49","slug":"dans-videosunda-annenin-refleksi-gundem-oldu-milyonlar-izledi","status":"publish","type":"post","link":"https:\/\/turkiyemhaber.com\/?p=4103","title":{"rendered":"Dans Videosunda Annenin Refleksi G\u00fcndem Oldu! Milyonlar \u0130zledi"},"content":{"rendered":"\n<p class=\"wp-block-paragraph\">Sosyal medyada payla\u015f\u0131lan bir dans videosu k\u0131sa s\u00fcrede milyonlarca ki\u015fiye ula\u015f\u0131rken, videoda ya\u015fanan beklenmedik bir an izleyenleri hem \u015fa\u015f\u0131rtt\u0131 hem de g\u00fcl\u00fcmsetti.<\/p>\n\n\n\n<p class=\"wp-block-paragraph\">Son d\u00f6nemde pop\u00fcler olan Manifest grubunun \u015fark\u0131s\u0131 e\u015fli\u011finde evinde dans videosu \u00e7eken gen\u00e7 k\u0131z, telefonunu sabitleyerek kamera kar\u015f\u0131s\u0131na ge\u00e7ti. M\u00fczi\u011fin ritmine kap\u0131lan gen\u00e7 k\u0131z\u0131n sergiledi\u011fi enerjik fig\u00fcrler s\u0131ras\u0131nda ya\u015fanan bir detay ise videonun en \u00e7ok konu\u015fulan b\u00f6l\u00fcm\u00fc oldu.<\/p>\n\n\n\n<h2 class=\"wp-block-heading\">Ete\u011fi D\u00f6n\u00fc\u015f S\u0131ras\u0131nda Havaland\u0131<\/h2>\n\n\n\n<p class=\"wp-block-paragraph\">Dans s\u0131ras\u0131nda kendi etraf\u0131nda d\u00f6nen gen\u00e7 k\u0131z\u0131n ete\u011fi, hareketin etkisiyle bir anda yukar\u0131 do\u011fru havaland\u0131. O anlar kameraya saniye saniye yans\u0131rken, videoyu izleyenlerin dikkatini \u00e7eken as\u0131l detay hemen ard\u0131ndan ya\u015fand\u0131.<\/p>\n\n\n\n<h2 class=\"wp-block-heading\">Anne Bir Anda Kadraja Girdi<\/h2>\n\n\n\n<p class=\"wp-block-paragraph\">K\u0131z\u0131n\u0131n zor durumda kalabilece\u011fini fark eden anne, adeta \u0131\u015f\u0131k h\u0131z\u0131nda refleks g\u00f6stererek kadraja girdi. Anne, ete\u011fi eliyle kapatarak duruma an\u0131nda m\u00fcdahale etti.<\/p>\n\n\n\n<p class=\"wp-block-paragraph\">Sosyal medyada payla\u015f\u0131lan g\u00f6r\u00fcnt\u00fcler k\u0131sa s\u00fcrede binlerce yorum ve payla\u015f\u0131m al\u0131rken, kullan\u0131c\u0131lar annenin refleksini \u00f6ven yorumlarda bulundu.<\/p>\n\n\n\n<figure class=\"wp-block-video\"><\/figure>\n\n\n\n<h2 class=\"wp-block-heading\">Sosyal Medyada G\u00fcndem Oldu<\/h2>\n\n\n\n<p class=\"wp-block-paragraph\">Videonun yay\u0131lmas\u0131n\u0131n ard\u0131ndan sosyal medya kullan\u0131c\u0131lar\u0131;<\/p>\n\n\n\n<ul class=\"wp-block-list\">\n<li>&#8220;Anne radar\u0131 yine \u00e7al\u0131\u015fm\u0131\u015f.&#8221;<\/li>\n\n\n\n<li>&#8220;Bir annenin refleksi saniyelerle \u00f6l\u00e7\u00fclmez.&#8221;<\/li>\n\n\n\n<li>&#8220;K\u0131z\u0131ndan \u00f6nce durumu fark etmi\u015f.&#8221;<\/li>\n\n\n\n<li>&#8220;Anneler her yerde annedir.&#8221;<\/li>\n<\/ul>\n\n\n\n<p class=\"wp-block-paragraph\">\u015feklinde \u00e7ok say\u0131da yorum yapt\u0131.<\/p>\n\n\n\n<p class=\"wp-block-paragraph\">K\u0131sa s\u00fcrede viral hale gelen g\u00f6r\u00fcnt\u00fcler, sosyal medyada g\u00fcn\u00fcn en \u00e7ok konu\u015fulan videolar\u0131ndan biri oldu.<\/p>\n\n\n\n<p class=\"wp-block-paragraph\">Sosyal medya, viral video, Manifest, dans videosu, anne refleksi, g\u00fcndem, ya\u015fam, sosyal medya fenomenleri, trend video, internet g\u00fcndemi, g\u00fcncel haber<\/p>\n\n\n\n<p class=\"wp-block-paragraph\">#SosyalMedya #ViralVideo #Manifest #Dans #AnneRefleksi #G\u00fcndem #Ya\u015fam #TrendVideo #\u0130nternetG\u00fcndemi #G\u00fcncel #SonDakika #Gundem59 #TurkiyemHaber #Gundem44 #Gundem34Haber #Saray59 #TurkiyemHaberTV #TurkiyemRadyo<\/p>\n","protected":false},"excerpt":{"rendered":"<p>Sosyal medyada payla\u015f\u0131lan bir dans videosu k\u0131sa s\u00fcrede milyonlarca ki\u015fiye ula\u015f\u0131rken, videoda ya\u015fanan beklenmedik bir<\/p>\n","protected":false},"author":1,"featured_media":0,"comment_status":"open","ping_status":"open","sticky":false,"template":"","format":"standard","meta":{"_rtcl_gb_attr":"","footnotes":""},"categories":[1],"tags":[],"class_list":["post-4103","post","type-post","status-publish","format-standard","hentry","category-http-turkiyemhaber-com-wp-content-uploads-2026-03-saray-59-haber-13-mart-pdf"],"_links":{"self":[{"href":"https:\/\/turkiyemhaber.com\/index.php?rest_route=\/wp\/v2\/posts\/4103","targetHints":{"allow":["GET"]}}],"collection":[{"href":"https:\/\/turkiyemhaber.com\/index.php?rest_route=\/wp\/v2\/posts"}],"about":[{"href":"https:\/\/turkiyemhaber.com\/index.php?rest_route=\/wp\/v2\/types\/post"}],"author":[{"embeddable":true,"href":"https:\/\/turkiyemhaber.com\/index.php?rest_route=\/wp\/v2\/users\/1"}],"replies":[{"embeddable":true,"href":"https:\/\/turkiyemhaber.com\/index.php?rest_route=%2Fwp%2Fv2%2Fcomments&post=4103"}],"version-history":[{"count":1,"href":"https:\/\/turkiyemhaber.com\/index.php?rest_route=\/wp\/v2\/posts\/4103\/revisions"}],"predecessor-version":[{"id":4105,"href":"https:\/\/turkiyemhaber.com\/index.php?rest_route=\/wp\/v2\/posts\/4103\/revisions\/4105"}],"wp:attachment":[{"href":"https:\/\/turkiyemhaber.com\/index.php?rest_route=%2Fwp%2Fv2%2Fmedia&parent=4103"}],"wp:term":[{"taxonomy":"category","embeddable":true,"href":"https:\/\/turkiyemhaber.com\/index.php?rest_route=%2Fwp%2Fv2%2Fcategories&post=4103"},{"taxonomy":"post_tag","embeddable":true,"href":"https:\/\/turkiyemhaber.com\/index.php?rest_route=%2Fwp%2Fv2%2Ftags&post=4103"}],"curies":[{"name":"wp","href":"https:\/\/api.w.org\/{rel}","templated":true}]}}