{"id":4100,"date":"2026-07-18T11:23:18","date_gmt":"2026-07-18T11:23:18","guid":{"rendered":"https:\/\/turkiyemhaber.com\/?p=4100"},"modified":"2026-07-18T11:23:24","modified_gmt":"2026-07-18T11:23:24","slug":"tekirdag-sahillerinde-siki-denetim-800-kisiye-gbt-drone-destekli-huzur-uygulamasi","status":"publish","type":"post","link":"https:\/\/turkiyemhaber.com\/?p=4100","title":{"rendered":"Tekirda\u011f Sahillerinde S\u0131k\u0131 Denetim! 800 Ki\u015fiye GBT, Drone Destekli Huzur Uygulamas\u0131"},"content":{"rendered":"\n<p class=\"wp-block-paragraph\">Tekirda\u011f \u0130l Emniyet M\u00fcd\u00fcrl\u00fc\u011f\u00fc ekipleri, yaz sezonunda sahil kesimlerinde artan yo\u011funluk nedeniyle S\u00fcleymanpa\u015fa&#8217;da kapsaml\u0131 bir huzur uygulamas\u0131 ger\u00e7ekle\u015ftirdi. De\u011firmenalt\u0131 Kumsal\u0131 ba\u015fta olmak \u00fczere sahil band\u0131nda yap\u0131lan denetimlerde 800 ki\u015finin Genel Bilgi Toplama (GBT) sorgusu yap\u0131l\u0131rken, g\u00fcvenlik g\u00fc\u00e7leri denizden, havadan ve karadan sahili adeta abluka alt\u0131na ald\u0131.<\/p>\n\n\n\n<p class=\"wp-block-paragraph\">Ak\u015fam saatlerinde ba\u015flayan uygulamaya S\u00fcleymanpa\u015fa \u0130l\u00e7e Emniyet M\u00fcd\u00fcrl\u00fc\u011f\u00fc Devriye Ekipleri, \u00c7evik Kuvvet \u015eube M\u00fcd\u00fcrl\u00fc\u011f\u00fc, G\u00fcvenlik \u015eube M\u00fcd\u00fcrl\u00fc\u011f\u00fc ve drone ekipleri kat\u0131ld\u0131. Sahil boyunca y\u00fcr\u00fcy\u00fc\u015f yollar\u0131, parklar, kumsal alanlar\u0131 ve vatanda\u015flar\u0131n yo\u011fun bulundu\u011fu b\u00f6lgelerde detayl\u0131 kontroller ger\u00e7ekle\u015ftirildi.<\/p>\n\n\n\n<h2 class=\"wp-block-heading\">Drone ile Anbean Takip Edildi<\/h2>\n\n\n\n<p class=\"wp-block-paragraph\">Emniyet g\u00fc\u00e7leri uygulama kapsam\u0131nda sahil hatt\u0131n\u0131 drone deste\u011fiyle havadan izlerken, karadan g\u00f6rev yapan ekipler de vatanda\u015flar\u0131n kimlik kontrollerini ger\u00e7ekle\u015ftirdi.<\/p>\n\n\n\n<p class=\"wp-block-paragraph\">Yap\u0131lan denetimlerde yakla\u015f\u0131k 800 ki\u015finin kimlik ve GBT sorgusu yap\u0131l\u0131rken, 1 ki\u015finin bakaya oldu\u011fu tespit edildi.<\/p>\n\n\n\n<p class=\"wp-block-paragraph\">Ekipler, \u00f6zellikle yaz aylar\u0131nda art\u0131\u015f g\u00f6steren \u00e7evre kirlili\u011fi, g\u00fcr\u00fclt\u00fc ve kamu d\u00fczenini bozabilecek davran\u0131\u015flara kar\u015f\u0131 vatanda\u015flar\u0131 bilgilendirdi.<\/p>\n\n\n\n<h2 class=\"wp-block-heading\">G\u00fcr\u00fclt\u00fcye ve \u00c7evre Kirlili\u011fine Ge\u00e7it Yok<\/h2>\n\n\n\n<p class=\"wp-block-paragraph\">Polis ekipleri taraf\u0131ndan da\u011f\u0131t\u0131lan bilgilendirme bro\u015f\u00fcrlerinde sahil ve parklar\u0131n ortak ya\u015fam alanlar\u0131 oldu\u011funa dikkat \u00e7ekilerek vatanda\u015flardan \u00e7evre temizli\u011fi ve kamu d\u00fczenine duyarl\u0131 olmalar\u0131 istendi.<\/p>\n\n\n\n<p class=\"wp-block-paragraph\">Yetkililer taraf\u0131ndan yap\u0131lan bilgilendirmede;<\/p>\n\n\n\n<ul class=\"wp-block-list\">\n<li>G\u00fcr\u00fclt\u00fc yapan ki\u015filere <strong>1.764 TL<\/strong><\/li>\n\n\n\n<li>Yetkili makamlar\u0131n kararlar\u0131na ayk\u0131r\u0131 hareket edenlere <strong>3.705 TL<\/strong><\/li>\n\n\n\n<li>\u00c7evreye \u00e7\u00f6p ve sigara izmariti atanlara <strong>564 TL<\/strong><\/li>\n<\/ul>\n\n\n\n<p class=\"wp-block-paragraph\">idari para cezas\u0131 uygulanabilece\u011fi hat\u0131rlat\u0131ld\u0131.<\/p>\n\n\n\n<h2 class=\"wp-block-heading\">\u0130\u015fletmelere A\u011f\u0131r Yapt\u0131r\u0131mlar<\/h2>\n\n\n\n<p class=\"wp-block-paragraph\">Denetimlerde ticari i\u015fletmelere y\u00f6nelik uyar\u0131lar da yap\u0131ld\u0131.<\/p>\n\n\n\n<p class=\"wp-block-paragraph\">\u00c7evresel g\u00fcr\u00fclt\u00fcye neden olan i\u015fletmelere ihlalin durumuna g\u00f6re <strong>38 bin 246 TL ile 191 bin 867 TL aras\u0131nda<\/strong> de\u011fi\u015fen para cezalar\u0131 uygulanabilece\u011fi belirtildi.<\/p>\n\n\n\n<p class=\"wp-block-paragraph\">Ayr\u0131ca hafriyat ve in\u015faat at\u0131klar\u0131n\u0131 \u00e7evreye b\u0131rakan ki\u015fi ve i\u015fletmelere y\u00f6nelik cezalar\u0131n <strong>115 bin liray\u0131 a\u015fabilece\u011fi<\/strong> ifade edildi.<\/p>\n\n\n\n<h2 class=\"wp-block-heading\">&#8220;Sahillerde Huzur ve G\u00fcvenlik S\u00fcrecek&#8221;<\/h2>\n\n\n\n<p class=\"wp-block-paragraph\">Emniyet ekipleri vatanda\u015flara;<\/p>\n\n\n\n<ul class=\"wp-block-list\">\n<li>&#8220;Sessizlik huzurdur&#8221;<\/li>\n\n\n\n<li>&#8220;Ortak ya\u015fam alanlar\u0131m\u0131z\u0131 birlikte koruyal\u0131m&#8221;<\/li>\n\n\n\n<li>&#8220;Do\u011fam\u0131z\u0131 ve denizimizi temiz tutal\u0131m&#8221;<\/li>\n<\/ul>\n\n\n\n<p class=\"wp-block-paragraph\">mesajlar\u0131n\u0131n yer ald\u0131\u011f\u0131 bro\u015f\u00fcrler da\u011f\u0131tt\u0131.<\/p>\n\n\n\n<p class=\"wp-block-paragraph\">Tekirda\u011f \u0130l Emniyet M\u00fcd\u00fcrl\u00fc\u011f\u00fc yetkilileri, yaz sezonu boyunca De\u011firmenalt\u0131 ba\u015fta olmak \u00fczere sahil b\u00f6lgeleri, parklar ve kumsallarda denetimlerin aral\u0131ks\u0131z devam edece\u011fini belirterek vatanda\u015flar\u0131n huzur ve g\u00fcvenli\u011fi i\u00e7in uygulamalar\u0131n s\u00fcrd\u00fcr\u00fclece\u011fini a\u00e7\u0131klad\u0131.<\/p>\n\n\n\n<p class=\"wp-block-paragraph\">Tekirda\u011f, S\u00fcleymanpa\u015fa, De\u011firmenalt\u0131, \u0130l Emniyet M\u00fcd\u00fcrl\u00fc\u011f\u00fc, huzur uygulamas\u0131, GBT, drone denetimi, sahil g\u00fcvenli\u011fi, \u00e7evre kirlili\u011fi, g\u00fcr\u00fclt\u00fc cezas\u0131, polis denetimi, asayi\u015f, g\u00fcvenlik, g\u00fcncel, yerel haber<\/p>\n\n\n\n<p class=\"wp-block-paragraph\">#Tekirda\u011f #S\u00fcleymanpa\u015fa #De\u011firmenalt\u0131 #HuzurUygulamas\u0131 #GBT #Polis #Emniyet #Drone #G\u00fcvenlik #Asayi\u015f #\u00c7evre #G\u00fcr\u00fclt\u00fcCezas\u0131 #Sahil #Tekirda\u011fHaber #SonDakika #Gundem59 #TurkiyemHaber #Gundem44 #Gundem34Haber #Saray59<\/p>\n","protected":false},"excerpt":{"rendered":"<p>Tekirda\u011f \u0130l Emniyet M\u00fcd\u00fcrl\u00fc\u011f\u00fc ekipleri, yaz sezonunda sahil kesimlerinde artan yo\u011funluk nedeniyle S\u00fcleymanpa\u015fa&#8217;da kapsaml\u0131 bir<\/p>\n","protected":false},"author":1,"featured_media":4101,"comment_status":"open","ping_status":"open","sticky":false,"template":"","format":"standard","meta":{"_rtcl_gb_attr":"","footnotes":""},"categories":[74],"tags":[],"class_list":["post-4100","post","type-post","status-publish","format-standard","has-post-thumbnail","hentry","category-yerel-haberler"],"_links":{"self":[{"href":"https:\/\/turkiyemhaber.com\/index.php?rest_route=\/wp\/v2\/posts\/4100","targetHints":{"allow":["GET"]}}],"collection":[{"href":"https:\/\/turkiyemhaber.com\/index.php?rest_route=\/wp\/v2\/posts"}],"about":[{"href":"https:\/\/turkiyemhaber.com\/index.php?rest_route=\/wp\/v2\/types\/post"}],"author":[{"embeddable":true,"href":"https:\/\/turkiyemhaber.com\/index.php?rest_route=\/wp\/v2\/users\/1"}],"replies":[{"embeddable":true,"href":"https:\/\/turkiyemhaber.com\/index.php?rest_route=%2Fwp%2Fv2%2Fcomments&post=4100"}],"version-history":[{"count":1,"href":"https:\/\/turkiyemhaber.com\/index.php?rest_route=\/wp\/v2\/posts\/4100\/revisions"}],"predecessor-version":[{"id":4102,"href":"https:\/\/turkiyemhaber.com\/index.php?rest_route=\/wp\/v2\/posts\/4100\/revisions\/4102"}],"wp:featuredmedia":[{"embeddable":true,"href":"https:\/\/turkiyemhaber.com\/index.php?rest_route=\/wp\/v2\/media\/4101"}],"wp:attachment":[{"href":"https:\/\/turkiyemhaber.com\/index.php?rest_route=%2Fwp%2Fv2%2Fmedia&parent=4100"}],"wp:term":[{"taxonomy":"category","embeddable":true,"href":"https:\/\/turkiyemhaber.com\/index.php?rest_route=%2Fwp%2Fv2%2Fcategories&post=4100"},{"taxonomy":"post_tag","embeddable":true,"href":"https:\/\/turkiyemhaber.com\/index.php?rest_route=%2Fwp%2Fv2%2Ftags&post=4100"}],"curies":[{"name":"wp","href":"https:\/\/api.w.org\/{rel}","templated":true}]}}