{"id":4097,"date":"2026-07-18T11:15:03","date_gmt":"2026-07-18T11:15:03","guid":{"rendered":"https:\/\/turkiyemhaber.com\/?p=4097"},"modified":"2026-07-18T11:15:14","modified_gmt":"2026-07-18T11:15:14","slug":"altinda-yeni-hedef-4-900-dolar-dev-bankadan-dikkat-ceken-tahmin","status":"publish","type":"post","link":"https:\/\/turkiyemhaber.com\/?p=4097","title":{"rendered":"Alt\u0131nda Yeni Hedef 4.900 Dolar! Dev Bankadan Dikkat \u00c7eken Tahmin"},"content":{"rendered":"\n<p class=\"wp-block-paragraph\">K\u00fcresel piyasalarda son haftalarda dalgal\u0131 bir seyir izleyen alt\u0131n fiyatlar\u0131, yat\u0131r\u0131mc\u0131lar\u0131n oda\u011f\u0131ndaki yerini korurken d\u00fcnyan\u0131n \u00f6nde gelen yat\u0131r\u0131m bankalar\u0131ndan Goldman Sachs&#8217;tan dikkat \u00e7ekici bir tahmin geldi. ABD Merkez Bankas\u0131&#8217;n\u0131n (Fed) faiz politikalar\u0131 ve y\u00fckselen petrol fiyatlar\u0131n\u0131n bask\u0131s\u0131na ra\u011fmen banka, alt\u0131n\u0131n uzun vadede y\u00fckseli\u015fini s\u00fcrd\u00fcrece\u011fini belirterek 2026 y\u0131l\u0131 sonu i\u00e7in ons alt\u0131n hedefini 4.900 dolar olarak a\u00e7\u0131klad\u0131.<\/p>\n\n\n\n<h2 class=\"wp-block-heading\">Alt\u0131n Kritik S\u0131n\u0131rda Tutundu<\/h2>\n\n\n\n<p class=\"wp-block-paragraph\">K\u00fcresel piyasalarda ya\u015fanan geli\u015fmeler nedeniyle hafta boyunca sat\u0131\u015f bask\u0131s\u0131 alt\u0131nda kalan alt\u0131n, psikolojik e\u015fik olarak g\u00f6r\u00fclen 4.000 dolar seviyesinin alt\u0131n\u0131 test etti. Ancak gelen al\u0131mlarla toparlanan ons alt\u0131n haftay\u0131 4.018 dolar seviyesinde tamamlad\u0131.<\/p>\n\n\n\n<p class=\"wp-block-paragraph\">Yurt i\u00e7inde ise gram alt\u0131n haftay\u0131 6.093 TL seviyesinden kapatarak y\u00fcksek seyrini korudu.<\/p>\n\n\n\n<p class=\"wp-block-paragraph\">Uzmanlar, son d\u00f6nemde ya\u015fanan sert d\u00fczeltmelere ra\u011fmen alt\u0131n\u0131n k\u00fcresel belirsizlikler nedeniyle g\u00fcvenli liman \u00f6zelli\u011fini s\u00fcrd\u00fcrd\u00fc\u011f\u00fcn\u00fc belirtiyor.<\/p>\n\n\n\n<h2 class=\"wp-block-heading\">Petrol Fiyatlar\u0131 Alt\u0131n \u00dczerinde Bask\u0131 Kurdu<\/h2>\n\n\n\n<p class=\"wp-block-paragraph\">Alt\u0131n fiyatlar\u0131n\u0131 etkileyen en \u00f6nemli geli\u015fmelerden biri enerji piyasalar\u0131nda ya\u015fand\u0131. Ortado\u011fu kaynakl\u0131 jeopolitik risklerin etkisiyle Brent petrol fiyatlar\u0131 haftal\u0131k bazda yakla\u015f\u0131k y\u00fczde 12 y\u00fckseldi.<\/p>\n\n\n\n<p class=\"wp-block-paragraph\">Petroldeki art\u0131\u015f\u0131n enflasyon bask\u0131s\u0131n\u0131 yeniden art\u0131rabilece\u011fi endi\u015fesi, Fed&#8217;in faiz art\u0131r\u0131mlar\u0131na devam edebilece\u011fi beklentilerini g\u00fc\u00e7lendirdi. Bu durum ABD tahvil faizleri ve dolar endeksini yukar\u0131 ta\u015f\u0131rken, faiz getirisi olmayan alt\u0131n \u00fczerinde bask\u0131 olu\u015fturdu.<\/p>\n\n\n\n<p class=\"wp-block-paragraph\">Piyasalarda Fed&#8217;in y\u0131l\u0131n son toplant\u0131lar\u0131nda yeni faiz art\u0131\u015flar\u0131na gidebilece\u011fi y\u00f6n\u00fcndeki beklentiler dikkat \u00e7ekiyor.<\/p>\n\n\n\n<h2 class=\"wp-block-heading\">Goldman Sachs&#8217;tan G\u00fc\u00e7l\u00fc Mesaj<\/h2>\n\n\n\n<p class=\"wp-block-paragraph\">K\u0131sa vadeli bask\u0131lara ra\u011fmen Goldman Sachs, alt\u0131n konusunda olduk\u00e7a iyimser bir tablo \u00e7izdi.<\/p>\n\n\n\n<p class=\"wp-block-paragraph\">Yat\u0131r\u0131m bankas\u0131n\u0131n yay\u0131mlad\u0131\u011f\u0131 analizde, merkez bankalar\u0131n\u0131n son y\u0131llarda h\u0131z kazanan alt\u0131n al\u0131mlar\u0131n\u0131n fiyatlar i\u00e7in g\u00fc\u00e7l\u00fc bir destek olu\u015fturdu\u011fu vurguland\u0131.<\/p>\n\n\n\n<p class=\"wp-block-paragraph\">\u00d6zellikle \u00c7in ba\u015fta olmak \u00fczere bir\u00e7ok \u00fclkenin rezerv \u00e7e\u015fitlendirme politikalar\u0131 kapsam\u0131nda alt\u0131n al\u0131mlar\u0131n\u0131 s\u00fcrd\u00fcrd\u00fc\u011f\u00fcne dikkat \u00e7ekilen raporda, bu talebin \u00f6n\u00fcm\u00fczdeki d\u00f6nemde de devam edece\u011fi ifade edildi.<\/p>\n\n\n\n<p class=\"wp-block-paragraph\">Banka, merkez bankalar\u0131n\u0131n yaln\u0131zca May\u0131s ay\u0131nda yakla\u015f\u0131k 81 ton alt\u0131n al\u0131m\u0131 ger\u00e7ekle\u015ftirdi\u011fini \u00f6ng\u00f6r\u00fcyor.<\/p>\n\n\n\n<h2 class=\"wp-block-heading\">2026 Sonu \u0130\u00e7in Rekor Tahmin<\/h2>\n\n\n\n<p class=\"wp-block-paragraph\">Goldman Sachs&#8217;\u0131n raporundaki en dikkat \u00e7ekici b\u00f6l\u00fcm ise fiyat hedefi oldu.<\/p>\n\n\n\n<p class=\"wp-block-paragraph\">Dev yat\u0131r\u0131m bankas\u0131, k\u00fcresel merkez bankalar\u0131n\u0131n devam eden al\u0131mlar\u0131 ve jeopolitik risklerin etkisiyle ons alt\u0131n\u0131n 2026 y\u0131l\u0131 sonunda 4.900 dolar seviyesine ula\u015fabilece\u011fini \u00f6ng\u00f6rd\u00fc.<\/p>\n\n\n\n<p class=\"wp-block-paragraph\">Bu tahminin ger\u00e7ekle\u015fmesi halinde alt\u0131n piyasas\u0131nda yeni tarihi zirvelerin g\u00f6r\u00fclmesi ve yat\u0131r\u0131mc\u0131lar\u0131n uzun vadeli kazan\u00e7lar\u0131n\u0131n artmas\u0131 bekleniyor.<\/p>\n\n\n\n<h2 class=\"wp-block-heading\">Uzmanlar Ne Diyor?<\/h2>\n\n\n\n<p class=\"wp-block-paragraph\">Ekonomi \u00e7evrelerinde Goldman Sachs&#8217;\u0131n tahmini dikkatle takip edilirken, uzmanlar alt\u0131n\u0131n k\u0131sa vadede Fed kararlar\u0131 ve k\u00fcresel ekonomik verilerden etkilenmeye devam edece\u011fini belirtiyor.<\/p>\n\n\n\n<p class=\"wp-block-paragraph\">Ancak merkez bankalar\u0131n\u0131n g\u00fc\u00e7l\u00fc talebi, jeopolitik riskler ve k\u00fcresel ekonomik belirsizlikler nedeniyle alt\u0131n\u0131n uzun vadede de\u011ferini koruyan en \u00f6nemli yat\u0131r\u0131m ara\u00e7lar\u0131ndan biri olmay\u0131 s\u00fcrd\u00fcrece\u011fi ifade ediliyor.<\/p>\n\n\n\n<p class=\"wp-block-paragraph\">Goldman Sachs, ons alt\u0131n, gram alt\u0131n, alt\u0131n fiyatlar\u0131, Fed, merkez bankalar\u0131, ekonomi, yat\u0131r\u0131m, dolar, petrol fiyatlar\u0131, enflasyon, finans piyasalar\u0131, son dakika, k\u00fcresel ekonomi, yat\u0131r\u0131mc\u0131, piyasa analizi<\/p>\n\n\n\n<p class=\"wp-block-paragraph\">#Alt\u0131n #OnsAlt\u0131n #GramAlt\u0131n #GoldmanSachs #Fed #Ekonomi #Yat\u0131r\u0131m #Finans #Dolar #Petrol #Enflasyon #MerkezBankalar\u0131 #Piyasa #SonDakika #EkonomiHaberleri #Gundem59 #TurkiyemHaber #Gundem44 #Gundem34Haber #Saray59<\/p>\n","protected":false},"excerpt":{"rendered":"<p>K\u00fcresel piyasalarda son haftalarda dalgal\u0131 bir seyir izleyen alt\u0131n fiyatlar\u0131, yat\u0131r\u0131mc\u0131lar\u0131n oda\u011f\u0131ndaki yerini korurken d\u00fcnyan\u0131n<\/p>\n","protected":false},"author":1,"featured_media":4098,"comment_status":"open","ping_status":"open","sticky":false,"template":"","format":"standard","meta":{"_rtcl_gb_attr":"","footnotes":""},"categories":[14],"tags":[],"class_list":["post-4097","post","type-post","status-publish","format-standard","has-post-thumbnail","hentry","category-ekonomi"],"_links":{"self":[{"href":"https:\/\/turkiyemhaber.com\/index.php?rest_route=\/wp\/v2\/posts\/4097","targetHints":{"allow":["GET"]}}],"collection":[{"href":"https:\/\/turkiyemhaber.com\/index.php?rest_route=\/wp\/v2\/posts"}],"about":[{"href":"https:\/\/turkiyemhaber.com\/index.php?rest_route=\/wp\/v2\/types\/post"}],"author":[{"embeddable":true,"href":"https:\/\/turkiyemhaber.com\/index.php?rest_route=\/wp\/v2\/users\/1"}],"replies":[{"embeddable":true,"href":"https:\/\/turkiyemhaber.com\/index.php?rest_route=%2Fwp%2Fv2%2Fcomments&post=4097"}],"version-history":[{"count":1,"href":"https:\/\/turkiyemhaber.com\/index.php?rest_route=\/wp\/v2\/posts\/4097\/revisions"}],"predecessor-version":[{"id":4099,"href":"https:\/\/turkiyemhaber.com\/index.php?rest_route=\/wp\/v2\/posts\/4097\/revisions\/4099"}],"wp:featuredmedia":[{"embeddable":true,"href":"https:\/\/turkiyemhaber.com\/index.php?rest_route=\/wp\/v2\/media\/4098"}],"wp:attachment":[{"href":"https:\/\/turkiyemhaber.com\/index.php?rest_route=%2Fwp%2Fv2%2Fmedia&parent=4097"}],"wp:term":[{"taxonomy":"category","embeddable":true,"href":"https:\/\/turkiyemhaber.com\/index.php?rest_route=%2Fwp%2Fv2%2Fcategories&post=4097"},{"taxonomy":"post_tag","embeddable":true,"href":"https:\/\/turkiyemhaber.com\/index.php?rest_route=%2Fwp%2Fv2%2Ftags&post=4097"}],"curies":[{"name":"wp","href":"https:\/\/api.w.org\/{rel}","templated":true}]}}