{"id":4094,"date":"2026-07-18T11:00:51","date_gmt":"2026-07-18T11:00:51","guid":{"rendered":"https:\/\/turkiyemhaber.com\/?p=4094"},"modified":"2026-07-18T11:00:56","modified_gmt":"2026-07-18T11:00:56","slug":"rakoczinin-izinde-tarihi-calisma-macar-akademisyenler-tekirdagda","status":"publish","type":"post","link":"https:\/\/turkiyemhaber.com\/?p=4094","title":{"rendered":"Rakoczi&#8217;nin \u0130zinde Tarihi \u00c7al\u0131\u015fma: Macar Akademisyenler Tekirda\u011f&#8217;da"},"content":{"rendered":"\n<p class=\"wp-block-paragraph\">Tekirda\u011f, Macaristan ile y\u00fczy\u0131llar\u0131 a\u015fan tarihi ba\u011flar\u0131n\u0131 g\u00fc\u00e7lendirecek \u00f6nemli bir uluslararas\u0131 projeye ev sahipli\u011fi yap\u0131yor. Budape\u015fte Teknik ve Ekonomi \u00dcniversitesi ba\u015fta olmak \u00fczere Macaristan&#8217;\u0131n farkl\u0131 \u00fcniversitelerinden gelen akademisyen ve \u00f6\u011frenciler, Tekirda\u011f&#8217;\u0131n simge yap\u0131lar\u0131ndan Rakoczi M\u00fczesi&#8217;nde kapsaml\u0131 bir r\u00f6l\u00f6ve ve dijital belgeleme \u00e7al\u0131\u015fmas\u0131 y\u00fcr\u00fct\u00fcyor.<\/p>\n\n\n\n<p class=\"wp-block-paragraph\">Macar K\u00fclt\u00fcr Merkezi koordinasyonunda ger\u00e7ekle\u015ftirilen proje kapsam\u0131nda tarihi yap\u0131n\u0131n mevcut durumu hem geleneksel mimari y\u00f6ntemlerle hem de son teknoloji cihazlarla kay\u0131t alt\u0131na al\u0131n\u0131yor. \u00c7al\u0131\u015fmalar \u00e7er\u00e7evesinde binan\u0131n manuel r\u00f6l\u00f6vesi haz\u0131rlan\u0131rken, yer tabanl\u0131 lazer tarama sistemleri kullan\u0131larak yap\u0131n\u0131n \u00fc\u00e7 boyutlu dijital modeli olu\u015fturuluyor.<\/p>\n\n\n\n<h2 class=\"wp-block-heading\">Tarihi Yap\u0131 Gelece\u011fe Ta\u015f\u0131n\u0131yor<\/h2>\n\n\n\n<p class=\"wp-block-paragraph\">Proje sayesinde Rakoczi M\u00fczesi&#8217;nin t\u00fcm mimari detaylar\u0131 dijital ortamda kay\u0131t alt\u0131na al\u0131nacak. Haz\u0131rlanacak teknik dok\u00fcmantasyonun ilerleyen y\u0131llarda ger\u00e7ekle\u015ftirilebilecek restorasyon ve koruma \u00e7al\u0131\u015fmalar\u0131na \u00f6nemli katk\u0131 sa\u011flamas\u0131 hedefleniyor.<\/p>\n\n\n\n<p class=\"wp-block-paragraph\">\u00c7al\u0131\u015fmalara kat\u0131lan akademisyenler ve \u00f6\u011frenciler, tarihi yap\u0131n\u0131n her k\u00f6\u015fesini detayl\u0131 \u015fekilde inceleyerek \u00f6l\u00e7\u00fcm ve analizler ger\u00e7ekle\u015ftiriyor. Elde edilen veriler sayesinde m\u00fczenin gelecekte daha sa\u011fl\u0131kl\u0131 \u015fekilde korunabilmesi i\u00e7in kapsaml\u0131 bir ar\u015fiv olu\u015fturulacak.<\/p>\n\n\n\n<h2 class=\"wp-block-heading\">&#8220;Macar Tarihinin \u00d6nemli Bir Par\u00e7as\u0131&#8221;<\/h2>\n\n\n\n<p class=\"wp-block-paragraph\">Macar K\u00fclt\u00fcr Merkezi M\u00fcd\u00fcr\u00fc Aron Sipos, Rakoczi&#8217;nin Macar halk\u0131 i\u00e7in ta\u015f\u0131d\u0131\u011f\u0131 tarihi \u00f6neme dikkat \u00e7ekerek, ba\u011f\u0131ms\u0131zl\u0131k m\u00fccadelesini kaybettikten sonra Tekirda\u011f&#8217;a s\u0131\u011f\u0131nan II. Rakoczi Ferenc&#8217;in hayat\u0131n\u0131n son d\u00f6nemini burada ge\u00e7irdi\u011fini s\u00f6yledi.<\/p>\n\n\n\n<p class=\"wp-block-paragraph\">Sipos, tarihi yap\u0131n\u0131n Macar tarihi a\u00e7\u0131s\u0131ndan b\u00fcy\u00fck bir de\u011fer ta\u015f\u0131d\u0131\u011f\u0131n\u0131 belirterek:<\/p>\n\n\n\n<p class=\"wp-block-paragraph\">&#8220;Bu bina ve bu hik\u00e2ye Macar tarihinin \u00f6nemli bir par\u00e7as\u0131n\u0131 olu\u015fturuyor. \u00dc\u00e7 farkl\u0131 \u00fcniversiteden gelen akademisyen ve \u00f6\u011frencilerle birlikte yap\u0131n\u0131n ayr\u0131nt\u0131l\u0131 belgelemesini ger\u00e7ekle\u015ftiriyoruz. \u00c7al\u0131\u015fmalar tamamland\u0131\u011f\u0131nda sunumlar, sergiler ve \u00e7al\u0131\u015ftaylarla proje kamuoyuyla payla\u015f\u0131lacak.&#8221; dedi.<\/p>\n\n\n\n<h2 class=\"wp-block-heading\">\u00dc\u00e7 Boyutlu Dijital Model Olu\u015fturuluyor<\/h2>\n\n\n\n<p class=\"wp-block-paragraph\">Macar K\u00fclt\u00fcr Merkezi M\u00fcd\u00fcr Yard\u0131mc\u0131s\u0131 Gerg\u00f6 Kovacs ise Rakoczi M\u00fczesi&#8217;nin Macaristan i\u00e7in sembolik \u00f6neme sahip oldu\u011funu belirterek, arkeoloji, mimarl\u0131k ve grafik tasar\u0131m b\u00f6l\u00fcmlerinden \u00f6\u011frencilerin bir hafta boyunca m\u00fczede \u00e7al\u0131\u015fma yapt\u0131\u011f\u0131n\u0131 ifade etti.<\/p>\n\n\n\n<p class=\"wp-block-paragraph\">Kovacs, lazer tarama teknolojisiyle yap\u0131n\u0131n dijital modelinin olu\u015fturuldu\u011funu belirterek:<\/p>\n\n\n\n<p class=\"wp-block-paragraph\">&#8220;\u00d6\u011frenciler tarihi yap\u0131lar\u0131n nas\u0131l belgelenmesi gerekti\u011fini uygulamal\u0131 olarak \u00f6\u011freniyor. Ayn\u0131 zamanda m\u00fczenin ayr\u0131nt\u0131l\u0131 dijital ar\u015fivi haz\u0131rlan\u0131yor.&#8221; diye konu\u015ftu.<\/p>\n\n\n\n<h2 class=\"wp-block-heading\">&#8220;Burada \u00c7al\u0131\u015fmak B\u00fcy\u00fck Bir Onur&#8221;<\/h2>\n\n\n\n<p class=\"wp-block-paragraph\">Budape\u015fte Teknik ve Ekonomi \u00dcniversitesi Mimarl\u0131k Fak\u00fcltesi \u00d6\u011fretim \u00dcyesi Rita Pataky de Rakoczi M\u00fczesi&#8217;nin Macar tarihi a\u00e7\u0131s\u0131ndan \u00f6zel bir yere sahip oldu\u011funu vurgulayarak:<\/p>\n\n\n\n<p class=\"wp-block-paragraph\">&#8220;Bu tarihi yap\u0131da \u00e7al\u0131\u015fmak bizim i\u00e7in b\u00fcy\u00fck bir onur. B\u00f6yle \u00f6nemli bir k\u00fclt\u00fcrel miras\u0131n korunmas\u0131na katk\u0131 sunmak son derece de\u011ferli.&#8221; ifadelerini kulland\u0131.<\/p>\n\n\n\n<p class=\"wp-block-paragraph\">\u00dcniversite \u00f6\u011frencisi Raka Podmaniczky ise Rakoczi&#8217;nin Macarlar i\u00e7in ulusal bir kahraman oldu\u011funu belirterek, Tekirda\u011f&#8217;da onun ya\u015fad\u0131\u011f\u0131 evi incelemenin hem tarihi hem de mesleki a\u00e7\u0131dan kendileri i\u00e7in \u00f6nemli bir deneyim oldu\u011funu s\u00f6yledi.<\/p>\n\n\n\n<h2 class=\"wp-block-heading\">Rakoczi M\u00fczesi Macaristan&#8217;\u0131n Tekirda\u011f&#8217;daki Miras\u0131<\/h2>\n\n\n\n<p class=\"wp-block-paragraph\">Tekirda\u011f&#8217;da bulunan ve geleneksel T\u00fcrk sivil mimarisinin \u00f6nemli \u00f6rneklerinden biri olan tarihi yap\u0131, Macar Halk Kurtulu\u015f Kahraman\u0131 II. Rakoczi Ferenc&#8217;in an\u0131s\u0131na Macar H\u00fck\u00fcmeti taraf\u0131ndan m\u00fczeye d\u00f6n\u00fc\u015ft\u00fcr\u00fcld\u00fc.<\/p>\n\n\n\n<p class=\"wp-block-paragraph\">M\u00fclkiyeti ve i\u00e7erisindeki eserleriyle birlikte Macaristan&#8217;a ait olan m\u00fcze, 25 Eyl\u00fcl 1982 tarihinde ziyarete a\u00e7\u0131ld\u0131. M\u00fczede Rakoczi ve ailesine ait ki\u015fisel e\u015fyalar\u0131n yan\u0131 s\u0131ra T\u00fcrk-Macar dostlu\u011funu yans\u0131tan \u00e7ok say\u0131da tarihi eser sergileniyor.<\/p>\n\n\n\n<p class=\"wp-block-paragraph\">Tekirda\u011f&#8217;da s\u00fcrd\u00fcr\u00fclen bu uluslararas\u0131 \u00e7al\u0131\u015fma, hem k\u00fclt\u00fcrel miras\u0131n korunmas\u0131na katk\u0131 sa\u011fl\u0131yor hem de T\u00fcrkiye ile Macaristan aras\u0131ndaki tarihi ba\u011flar\u0131 yeniden g\u00fcndeme ta\u015f\u0131yor.<\/p>\n\n\n\n<p class=\"wp-block-paragraph\">Rakoczi M\u00fczesi, II. Rakoczi Ferenc, Macaristan, Budape\u015fte Teknik ve Ekonomi \u00dcniversitesi, Tekirda\u011f, S\u00fcleymanpa\u015fa, k\u00fclt\u00fcrel miras, r\u00f6l\u00f6ve \u00e7al\u0131\u015fmas\u0131, restorasyon, lazer tarama, mimarl\u0131k, tarih, k\u00fclt\u00fcr sanat, e\u011fitim, T\u00fcrk-Macar ili\u015fkileri, m\u00fcze, g\u00fcncel<\/p>\n\n\n\n<p class=\"wp-block-paragraph\">#RakocziM\u00fczesi #Tekirda\u011f #Macaristan #Rakoczi #K\u00fclt\u00fcrelMiras #Tarih #Mimarl\u0131k #Restorasyon #K\u00fclt\u00fcrSanat #T\u00fcrkMacarDostlu\u011fu #Budape\u015fteTeknik\u00dcniversitesi #S\u00fcleymanpa\u015fa #E\u011fitim #Belgesel #K\u00fclt\u00fcr #G\u00fcndem59 #TurkiyemHaber #Tekirda\u011fHaberleri #G\u00fcncelHaberler #SonDakika<\/p>\n","protected":false},"excerpt":{"rendered":"<p>Tekirda\u011f, Macaristan ile y\u00fczy\u0131llar\u0131 a\u015fan tarihi ba\u011flar\u0131n\u0131 g\u00fc\u00e7lendirecek \u00f6nemli bir uluslararas\u0131 projeye ev sahipli\u011fi yap\u0131yor.<\/p>\n","protected":false},"author":1,"featured_media":4095,"comment_status":"open","ping_status":"open","sticky":false,"template":"","format":"standard","meta":{"_rtcl_gb_attr":"","footnotes":""},"categories":[1],"tags":[],"class_list":["post-4094","post","type-post","status-publish","format-standard","has-post-thumbnail","hentry","category-http-turkiyemhaber-com-wp-content-uploads-2026-03-saray-59-haber-13-mart-pdf"],"_links":{"self":[{"href":"https:\/\/turkiyemhaber.com\/index.php?rest_route=\/wp\/v2\/posts\/4094","targetHints":{"allow":["GET"]}}],"collection":[{"href":"https:\/\/turkiyemhaber.com\/index.php?rest_route=\/wp\/v2\/posts"}],"about":[{"href":"https:\/\/turkiyemhaber.com\/index.php?rest_route=\/wp\/v2\/types\/post"}],"author":[{"embeddable":true,"href":"https:\/\/turkiyemhaber.com\/index.php?rest_route=\/wp\/v2\/users\/1"}],"replies":[{"embeddable":true,"href":"https:\/\/turkiyemhaber.com\/index.php?rest_route=%2Fwp%2Fv2%2Fcomments&post=4094"}],"version-history":[{"count":1,"href":"https:\/\/turkiyemhaber.com\/index.php?rest_route=\/wp\/v2\/posts\/4094\/revisions"}],"predecessor-version":[{"id":4096,"href":"https:\/\/turkiyemhaber.com\/index.php?rest_route=\/wp\/v2\/posts\/4094\/revisions\/4096"}],"wp:featuredmedia":[{"embeddable":true,"href":"https:\/\/turkiyemhaber.com\/index.php?rest_route=\/wp\/v2\/media\/4095"}],"wp:attachment":[{"href":"https:\/\/turkiyemhaber.com\/index.php?rest_route=%2Fwp%2Fv2%2Fmedia&parent=4094"}],"wp:term":[{"taxonomy":"category","embeddable":true,"href":"https:\/\/turkiyemhaber.com\/index.php?rest_route=%2Fwp%2Fv2%2Fcategories&post=4094"},{"taxonomy":"post_tag","embeddable":true,"href":"https:\/\/turkiyemhaber.com\/index.php?rest_route=%2Fwp%2Fv2%2Ftags&post=4094"}],"curies":[{"name":"wp","href":"https:\/\/api.w.org\/{rel}","templated":true}]}}