{"id":4091,"date":"2026-07-18T10:56:24","date_gmt":"2026-07-18T10:56:24","guid":{"rendered":"https:\/\/turkiyemhaber.com\/?p=4091"},"modified":"2026-07-18T10:56:29","modified_gmt":"2026-07-18T10:56:29","slug":"20-yillik-yol-arkadasindan-sok-ifade-alper-celik-oklari-haluk-levente-cevirdi","status":"publish","type":"post","link":"https:\/\/turkiyemhaber.com\/?p=4091","title":{"rendered":"20 Y\u0131ll\u0131k Yol Arkada\u015f\u0131ndan \u015eok \u0130fade! Alper \u00c7elik Oklar\u0131 Haluk Levent&#8217;e \u00c7evirdi"},"content":{"rendered":"\n<p class=\"wp-block-paragraph\">\u0130stanbul Cumhuriyet Ba\u015fsavc\u0131l\u0131\u011f\u0131 Ter\u00f6rizmin Finansman\u0131 ve Aklama Su\u00e7u Soru\u015fturma B\u00fcrosu taraf\u0131ndan Ahbap Derne\u011fi&#8217;ne y\u00f6nelik y\u00fcr\u00fct\u00fclen soru\u015fturmada dikkat \u00e7eken geli\u015fmeler ya\u015fan\u0131yor. Soru\u015fturma kapsam\u0131nda ifade veren ve yakla\u015f\u0131k 20 y\u0131ld\u0131r Haluk Levent&#8217;in en yak\u0131n\u0131ndaki isimlerden biri olarak bilinen Alper \u00c7elik&#8217;in savc\u0131l\u0131\u011fa yapt\u0131\u011f\u0131 a\u00e7\u0131klamalar dosyada yeni bir d\u00f6nemin kap\u0131s\u0131n\u0131 aralad\u0131.<\/p>\n\n\n\n<p class=\"wp-block-paragraph\">Etkin pi\u015fmanl\u0131k h\u00fck\u00fcmlerinden yararlanmak istedi\u011fini belirten \u00c7elik, banka hesaplar\u0131ndan bahis i\u015flemlerine, para transferlerinden d\u00f6viz hareketlerine kadar bir\u00e7ok konuda sorumlulu\u011fun Haluk Levent&#8217;e ait oldu\u011funu \u00f6ne s\u00fcrd\u00fc.<\/p>\n\n\n\n<h2 class=\"wp-block-heading\">&#8220;20 Y\u0131ld\u0131r Yan\u0131ndayd\u0131m&#8221;<\/h2>\n\n\n\n<p class=\"wp-block-paragraph\">\u0130fadesinde Haluk Levent ile yakla\u015f\u0131k 20 y\u0131ld\u0131r birlikte \u00e7al\u0131\u015ft\u0131\u011f\u0131n\u0131 s\u00f6yleyen Alper \u00c7elik, Ahbap Derne\u011fi&#8217;nin kurulu\u015f s\u00fcrecinde aktif rol ald\u0131\u011f\u0131n\u0131 ancak 2021 y\u0131l\u0131nda dernekten ayr\u0131ld\u0131\u011f\u0131n\u0131 anlatt\u0131.<\/p>\n\n\n\n<p class=\"wp-block-paragraph\">Mali i\u015flemler konusunda do\u011frudan karar verici olmad\u0131\u011f\u0131n\u0131 savunan \u00c7elik, kendi ad\u0131na a\u00e7\u0131lan hesaplar\u0131n ve yap\u0131lan para transferlerinin Haluk Levent&#8217;in talimatlar\u0131 do\u011frultusunda ger\u00e7ekle\u015fti\u011fini iddia etti.<\/p>\n\n\n\n<p class=\"wp-block-paragraph\">\u00c7elik ifadesinde, &#8220;Yap\u0131lacak i\u015flemleri bana s\u00f6ylerdi, ben de yerine getirirdim&#8221; diyerek t\u00fcm para hareketlerinin kendi inisiyatifi d\u0131\u015f\u0131nda ger\u00e7ekle\u015fti\u011fini \u00f6ne s\u00fcrd\u00fc.<\/p>\n\n\n\n<h2 class=\"wp-block-heading\">MASAK Raporlar\u0131nda Dikkat \u00c7eken Hareketlilik<\/h2>\n\n\n\n<p class=\"wp-block-paragraph\">Soru\u015fturma dosyas\u0131na giren MASAK incelemelerinde Alper \u00c7elik&#8217;in hesaplar\u0131nda y\u0131llard\u0131r y\u00fcksek miktarl\u0131 para hareketleri bulundu\u011fu belirtildi.<\/p>\n\n\n\n<p class=\"wp-block-paragraph\">Raporda;<\/p>\n\n\n\n<ul class=\"wp-block-list\">\n<li>Y\u00fczlerce nakit para yat\u0131rma ve \u00e7ekme i\u015flemi,<\/li>\n\n\n\n<li>Binlerce EFT ve havale hareketi,<\/li>\n\n\n\n<li>&#8220;Ahbap bor\u00e7&#8221;,<\/li>\n\n\n\n<li>&#8220;Haluk i\u00e7in bor\u00e7&#8221;,<\/li>\n\n\n\n<li>&#8220;Bor\u00e7 iadesi&#8221;<\/li>\n<\/ul>\n\n\n\n<p class=\"wp-block-paragraph\">gibi a\u00e7\u0131klamalarla yap\u0131lan para transferlerinin dikkat \u00e7ekti\u011fi kaydedildi.<\/p>\n\n\n\n<p class=\"wp-block-paragraph\">\u00c7elik ise bu transferlerin kayna\u011f\u0131n\u0131 sorgulad\u0131\u011f\u0131nda kendisine &#8220;arkada\u015flardan al\u0131nan bor\u00e7lar&#8221; cevab\u0131n\u0131n verildi\u011fini s\u00f6yledi.<\/p>\n\n\n\n<h2 class=\"wp-block-heading\">&#8220;Bahis Hesaplar\u0131n\u0131 Haluk Levent Kullan\u0131yordu&#8221;<\/h2>\n\n\n\n<p class=\"wp-block-paragraph\">Soru\u015fturman\u0131n en dikkat \u00e7eken b\u00f6l\u00fcmlerinden biri ise bahis iddialar\u0131 oldu.<\/p>\n\n\n\n<p class=\"wp-block-paragraph\">Alper \u00c7elik, kendi ad\u0131na a\u00e7\u0131lm\u0131\u015f bahis hesaplar\u0131n\u0131n Haluk Levent taraf\u0131ndan kullan\u0131ld\u0131\u011f\u0131n\u0131 \u00f6ne s\u00fcrd\u00fc.<\/p>\n\n\n\n<p class=\"wp-block-paragraph\">Savc\u0131l\u0131k ifadesinde;<\/p>\n\n\n\n<ul class=\"wp-block-list\">\n<li>Bahis sitelerine yat\u0131r\u0131lan paralar\u0131n kendi hesab\u0131ndan g\u00f6nderildi\u011fini,<\/li>\n\n\n\n<li>Kuponlar\u0131n Haluk Levent&#8217;in talimatlar\u0131yla oynand\u0131\u011f\u0131n\u0131,<\/li>\n\n\n\n<li>\u0130\u015flemleri sadece y\u00f6nlendirme do\u011frultusunda ger\u00e7ekle\u015ftirdi\u011fini<\/li>\n<\/ul>\n\n\n\n<p class=\"wp-block-paragraph\">iddia etti.<\/p>\n\n\n\n<p class=\"wp-block-paragraph\">MASAK incelemelerinde de baz\u0131 bahis platformlar\u0131nda milyonlarca liral\u0131k hareketlilik tespit edildi\u011fi \u00f6\u011frenildi.<\/p>\n\n\n\n<h2 class=\"wp-block-heading\">Kapal\u0131\u00e7ar\u015f\u0131 \u0130ddias\u0131<\/h2>\n\n\n\n<p class=\"wp-block-paragraph\">Alper \u00c7elik ifadesinde zaman zaman Kapal\u0131\u00e7ar\u015f\u0131&#8217;ya g\u00f6nderildi\u011fini de anlatt\u0131.<\/p>\n\n\n\n<p class=\"wp-block-paragraph\">\u00c7elik, baz\u0131 ki\u015filerden d\u00f6viz veya T\u00fcrk Liras\u0131 teslim ald\u0131\u011f\u0131n\u0131, ard\u0131ndan bu paralar\u0131 farkl\u0131 hesaplara yat\u0131rd\u0131\u011f\u0131n\u0131 s\u00f6yledi.<\/p>\n\n\n\n<p class=\"wp-block-paragraph\">Paralar\u0131n kayna\u011f\u0131n\u0131 bilmedi\u011fini savunan \u00c7elik, bu fonlar\u0131n bir b\u00f6l\u00fcm\u00fcn\u00fcn bahis ve borsa i\u015flemlerinde kullan\u0131ld\u0131\u011f\u0131n\u0131 ileri s\u00fcrd\u00fc.<\/p>\n\n\n\n<h2 class=\"wp-block-heading\">K\u0131br\u0131s Transferleri de Dosyada<\/h2>\n\n\n\n<p class=\"wp-block-paragraph\">Dosyada dikkat \u00e7eken bir ba\u015fka detay ise K\u0131br\u0131s ba\u011flant\u0131l\u0131 para transferleri oldu.<\/p>\n\n\n\n<p class=\"wp-block-paragraph\">Merit K\u0131br\u0131s Turizm Limited isimli \u015firkete yap\u0131lan \u00f6demelerin sorulmas\u0131 \u00fczerine Alper \u00c7elik, Haluk Levent&#8217;in K\u0131br\u0131s seyahatleri s\u0131ras\u0131nda kendisinden belirli hesaplara para yat\u0131rmas\u0131n\u0131 istedi\u011fini \u00f6ne s\u00fcrd\u00fc.<\/p>\n\n\n\n<p class=\"wp-block-paragraph\">\u00c7elik, transferlerin hangi ama\u00e7la yap\u0131ld\u0131\u011f\u0131n\u0131 bilmedi\u011fini ifade etti.<\/p>\n\n\n\n<h2 class=\"wp-block-heading\">Ahbap ve E\u011fitim Paketi G\u00f6r\u00fc\u015fmeleri<\/h2>\n\n\n\n<p class=\"wp-block-paragraph\">Soru\u015fturma kapsam\u0131nda incelenen baz\u0131 telefon kay\u0131tlar\u0131nda Ahbap Derne\u011fi ile ba\u011flant\u0131l\u0131 e\u011fitim projeleri ve fatura g\u00f6r\u00fc\u015fmeleri de yer ald\u0131.<\/p>\n\n\n\n<p class=\"wp-block-paragraph\">Alper \u00c7elik, deprem b\u00f6lgelerinde uygulanmas\u0131 planlanan e\u011fitim projeleri i\u00e7in baz\u0131 firmalarla g\u00f6r\u00fc\u015fmeler yap\u0131ld\u0131\u011f\u0131n\u0131, sonras\u0131nda taraflar aras\u0131nda anla\u015fmazl\u0131k \u00e7\u0131kt\u0131\u011f\u0131n\u0131 anlatt\u0131.<\/p>\n\n\n\n<p class=\"wp-block-paragraph\">Fatura konu\u015fmalar\u0131n\u0131n da bu proje kapsam\u0131nda de\u011ferlendirilmesi gerekti\u011fini s\u00f6yledi.<\/p>\n\n\n\n<h2 class=\"wp-block-heading\">Etkin Pi\u015fmanl\u0131k Talebi<\/h2>\n\n\n\n<p class=\"wp-block-paragraph\">Hem emniyet hem de savc\u0131l\u0131k ifadesinde etkin pi\u015fmanl\u0131ktan yararlanmak istedi\u011fini belirten Alper \u00c7elik, kendisinin de maddi ve manevi zarar g\u00f6rd\u00fc\u011f\u00fcn\u00fc \u00f6ne s\u00fcrd\u00fc.<\/p>\n\n\n\n<p class=\"wp-block-paragraph\">\u00c7elik, soru\u015fturmaya katk\u0131 sunmaya haz\u0131r oldu\u011funu ifade ederken, bug\u00fcne kadar yapt\u0131\u011f\u0131 t\u00fcm i\u015flemlerin Haluk Levent&#8217;in bilgisi ve talimat\u0131 do\u011frultusunda ger\u00e7ekle\u015fti\u011fini savundu.<\/p>\n\n\n\n<p class=\"wp-block-paragraph\">\u0130stanbul Cumhuriyet Ba\u015fsavc\u0131l\u0131\u011f\u0131 taraf\u0131ndan y\u00fcr\u00fct\u00fclen soru\u015fturmada MASAK raporlar\u0131, banka hareketleri, dijital materyaller ve tan\u0131k ifadeleri do\u011frultusunda incelemeler s\u00fcr\u00fcyor.<\/p>\n\n\n\n<p class=\"wp-block-paragraph\">\u0130stanbul Cumhuriyet Ba\u015fsavc\u0131l\u0131\u011f\u0131, Ahbap Derne\u011fi, Haluk Levent, Alper \u00c7elik, MASAK, etkin pi\u015fmanl\u0131k, bahis, para transferi, Kapal\u0131\u00e7ar\u015f\u0131, K\u0131br\u0131s, savc\u0131l\u0131k, soru\u015fturma, g\u00fcndem, son dakika, T\u00fcrkiye<\/p>\n\n\n\n<p class=\"wp-block-paragraph\">#HalukLevent #Alper\u00c7elik #Ahbap #AhbapDerne\u011fi #MASAK #EtkinPi\u015fmanl\u0131k #\u0130stanbulCumhuriyetBa\u015fsavc\u0131l\u0131\u011f\u0131 #Soru\u015fturma #Bahis #ParaTransferi #Kapal\u0131\u00e7ar\u015f\u0131 #K\u0131br\u0131s #Borsa #EFT #Havale #SonDakika #G\u00fcndem #T\u00fcrkiye #G\u00fcncelHaber #Gundem59 #TurkiyemHaber #Gundem44 #Gundem34Haber #Saray59 #TurkiyemHaberTV #TurkiyemRadyo<\/p>\n","protected":false},"excerpt":{"rendered":"<p>\u0130stanbul Cumhuriyet Ba\u015fsavc\u0131l\u0131\u011f\u0131 Ter\u00f6rizmin Finansman\u0131 ve Aklama Su\u00e7u Soru\u015fturma B\u00fcrosu taraf\u0131ndan Ahbap Derne\u011fi&#8217;ne y\u00f6nelik y\u00fcr\u00fct\u00fclen<\/p>\n","protected":false},"author":1,"featured_media":4092,"comment_status":"open","ping_status":"open","sticky":false,"template":"","format":"standard","meta":{"_rtcl_gb_attr":"","footnotes":""},"categories":[1],"tags":[],"class_list":["post-4091","post","type-post","status-publish","format-standard","has-post-thumbnail","hentry","category-http-turkiyemhaber-com-wp-content-uploads-2026-03-saray-59-haber-13-mart-pdf"],"_links":{"self":[{"href":"https:\/\/turkiyemhaber.com\/index.php?rest_route=\/wp\/v2\/posts\/4091","targetHints":{"allow":["GET"]}}],"collection":[{"href":"https:\/\/turkiyemhaber.com\/index.php?rest_route=\/wp\/v2\/posts"}],"about":[{"href":"https:\/\/turkiyemhaber.com\/index.php?rest_route=\/wp\/v2\/types\/post"}],"author":[{"embeddable":true,"href":"https:\/\/turkiyemhaber.com\/index.php?rest_route=\/wp\/v2\/users\/1"}],"replies":[{"embeddable":true,"href":"https:\/\/turkiyemhaber.com\/index.php?rest_route=%2Fwp%2Fv2%2Fcomments&post=4091"}],"version-history":[{"count":1,"href":"https:\/\/turkiyemhaber.com\/index.php?rest_route=\/wp\/v2\/posts\/4091\/revisions"}],"predecessor-version":[{"id":4093,"href":"https:\/\/turkiyemhaber.com\/index.php?rest_route=\/wp\/v2\/posts\/4091\/revisions\/4093"}],"wp:featuredmedia":[{"embeddable":true,"href":"https:\/\/turkiyemhaber.com\/index.php?rest_route=\/wp\/v2\/media\/4092"}],"wp:attachment":[{"href":"https:\/\/turkiyemhaber.com\/index.php?rest_route=%2Fwp%2Fv2%2Fmedia&parent=4091"}],"wp:term":[{"taxonomy":"category","embeddable":true,"href":"https:\/\/turkiyemhaber.com\/index.php?rest_route=%2Fwp%2Fv2%2Fcategories&post=4091"},{"taxonomy":"post_tag","embeddable":true,"href":"https:\/\/turkiyemhaber.com\/index.php?rest_route=%2Fwp%2Fv2%2Ftags&post=4091"}],"curies":[{"name":"wp","href":"https:\/\/api.w.org\/{rel}","templated":true}]}}