{"id":4086,"date":"2026-07-18T10:54:38","date_gmt":"2026-07-18T10:54:38","guid":{"rendered":"https:\/\/turkiyemhaber.com\/?p=4086"},"modified":"2026-07-18T10:54:43","modified_gmt":"2026-07-18T10:54:43","slug":"baykal-ailesinden-sert-mesaj-gercek-vefa-objektiflere-degil-hatiralara-yansir","status":"publish","type":"post","link":"https:\/\/turkiyemhaber.com\/?p=4086","title":{"rendered":"Baykal Ailesinden Sert Mesaj: \u201cGer\u00e7ek Vefa Objektiflere De\u011fil, Hat\u0131ralara Yans\u0131r\u201d"},"content":{"rendered":"\n<p class=\"wp-block-paragraph\">CHP\u2019nin eski Genel Ba\u015fkan\u0131 merhum Deniz Baykal\u2019\u0131n e\u015fi Olcay Baykal, Ankara\u2019da d\u00fczenlenen cenaze t\u00f6reniyle son yolculu\u011funa u\u011furland\u0131. Siyaset d\u00fcnyas\u0131n\u0131n \u00f6nemli isimlerini bir araya getiren t\u00f6rende g\u00f6zler, son d\u00f6nemde parti i\u00e7indeki geli\u015fmeler nedeniyle s\u0131k s\u0131k kar\u015f\u0131 kar\u015f\u0131ya gelen CHP Genel Ba\u015fkan\u0131 \u00d6zg\u00fcr \u00d6zel ile eski Genel Ba\u015fkan Kemal K\u0131l\u0131\u00e7daro\u011flu\u2019na \u00e7evrildi.<\/p>\n\n\n\n<p class=\"wp-block-paragraph\">Kar\u015f\u0131yaka Mezarl\u0131\u011f\u0131\u2019nda ger\u00e7ekle\u015ftirilen cenaze t\u00f6reninde iki ismin k\u0131sa ve mesafeli tokala\u015fmas\u0131 dikkat \u00e7ekti. T\u00f6ren alan\u0131nda hem Kemal K\u0131l\u0131\u00e7daro\u011flu hem de \u00d6zg\u00fcr \u00d6zel ad\u0131na g\u00f6nderilen ve \u00fczerinde \u201cCHP Genel Ba\u015fkan\u0131\u201d ifadelerinin yer ald\u0131\u011f\u0131 \u00e7elenkler de siyasi kulislerde konu\u015fulan detaylar aras\u0131nda yer ald\u0131.<\/p>\n\n\n\n<figure class=\"wp-block-image size-full\"><img loading=\"lazy\" decoding=\"async\" width=\"640\" height=\"481\" src=\"https:\/\/turkiyemhaber.com\/wp-content\/uploads\/2026\/07\/annesini-topraga-veren-asli-ba-20064126-9204_1_m.webp\" alt=\"\" class=\"wp-image-4088\" srcset=\"https:\/\/turkiyemhaber.com\/wp-content\/uploads\/2026\/07\/annesini-topraga-veren-asli-ba-20064126-9204_1_m.webp 640w, https:\/\/turkiyemhaber.com\/wp-content\/uploads\/2026\/07\/annesini-topraga-veren-asli-ba-20064126-9204_1_m-300x225.webp 300w, https:\/\/turkiyemhaber.com\/wp-content\/uploads\/2026\/07\/annesini-topraga-veren-asli-ba-20064126-9204_1_m-16x12.webp 16w, https:\/\/turkiyemhaber.com\/wp-content\/uploads\/2026\/07\/annesini-topraga-veren-asli-ba-20064126-9204_1_m-320x240.webp 320w\" sizes=\"auto, (max-width: 640px) 100vw, 640px\" \/><\/figure>\n\n\n\n<h2 class=\"wp-block-heading\">Cenazenin Ard\u0131ndan G\u00fcndem Olan Payla\u015f\u0131m<\/h2>\n\n\n\n<p class=\"wp-block-paragraph\">T\u00f6renin ard\u0131ndan Deniz Baykal\u2019\u0131n k\u0131z\u0131 Asl\u0131 Baykal, sosyal medya hesab\u0131ndan yapt\u0131\u011f\u0131 a\u00e7\u0131klamayla dikkatleri \u00fczerine \u00e7ekti. Payla\u015f\u0131m\u0131nda do\u011frudan isim vermeyen Baykal, ailelerinin zor g\u00fcnlerinde yanlar\u0131nda bulunmayan baz\u0131 ki\u015filerin cenazede \u00f6n s\u0131ralarda yer almas\u0131na tepki g\u00f6sterdi.<\/p>\n\n\n\n<p class=\"wp-block-paragraph\">Asl\u0131 Baykal a\u00e7\u0131klamas\u0131nda, g\u00f6steri\u015f ve samimiyet vurgusu yaparak \u015fu de\u011ferlendirmelerde bulundu:<\/p>\n\n\n\n<blockquote class=\"wp-block-quote is-layout-flow wp-block-quote-is-layout-flow\">\n<p class=\"wp-block-paragraph\">\u201cBiz annemle birlikte y\u0131llarca zorluk ya\u015farken yan\u0131m\u0131zda olmayan; ne h\u00e2limizi soran, ne kap\u0131m\u0131z\u0131 \u00e7alan, hatta kimi zaman bizi inciten insanlar\u0131n en \u00f6nde yer al\u0131\u015f\u0131n\u0131 izledim. \u0130nsan\u0131n en zor g\u00fcnlerinde yan\u0131nda olmayanlar\u0131n, en g\u00f6r\u00fcn\u00fcr an\u0131nda en \u00f6nde olmas\u0131 insana ister istemez d\u00fc\u015f\u00fcnd\u00fcr\u00fcyor.\u201d<\/p>\n<\/blockquote>\n\n\n\n<figure class=\"wp-block-image size-full\"><img loading=\"lazy\" decoding=\"async\" width=\"640\" height=\"882\" src=\"https:\/\/turkiyemhaber.com\/wp-content\/uploads\/2026\/07\/annesini-topraga-veren-asli-ba-20064126-9795_1_m.webp\" alt=\"\" class=\"wp-image-4089\" srcset=\"https:\/\/turkiyemhaber.com\/wp-content\/uploads\/2026\/07\/annesini-topraga-veren-asli-ba-20064126-9795_1_m.webp 640w, https:\/\/turkiyemhaber.com\/wp-content\/uploads\/2026\/07\/annesini-topraga-veren-asli-ba-20064126-9795_1_m-218x300.webp 218w, https:\/\/turkiyemhaber.com\/wp-content\/uploads\/2026\/07\/annesini-topraga-veren-asli-ba-20064126-9795_1_m-9x12.webp 9w\" sizes=\"auto, (max-width: 640px) 100vw, 640px\" \/><\/figure>\n\n\n\n<h2 class=\"wp-block-heading\">\u201cSamimiyetin Kameralara \u0130htiyac\u0131 Yoktur\u201d<\/h2>\n\n\n\n<p class=\"wp-block-paragraph\">Asl\u0131 Baykal payla\u015f\u0131m\u0131n\u0131n devam\u0131nda ger\u00e7ek vefan\u0131n zor g\u00fcnlerde ortaya \u00e7\u0131kt\u0131\u011f\u0131n\u0131 belirterek, annesi Olcay Baykal\u2019\u0131n ya\u015fam\u0131 boyunca g\u00f6steri\u015ften uzak bir hayat s\u00fcrd\u00fc\u011f\u00fcn\u00fc ifade etti.<\/p>\n\n\n\n<p class=\"wp-block-paragraph\">\u201cVefa; kalabal\u0131klar\u0131n \u00f6n\u00fcnde g\u00f6r\u00fcnmek de\u011fil, kimsenin g\u00f6rmedi\u011fi zamanlarda yan\u0131nda olabilmektir\u201d diyen Baykal, a\u00e7\u0131klamas\u0131nda \u015fu ifadelere yer verdi:<\/p>\n\n\n\n<blockquote class=\"wp-block-quote is-layout-flow wp-block-quote-is-layout-flow\">\n<p class=\"wp-block-paragraph\">\u201cAnnem bunu hayat\u0131 boyunca ya\u015fayarak g\u00f6sterdi. G\u00f6steri\u015ften uzak durdu. Makamlara de\u011fil, insanl\u0131\u011fa de\u011fer verdi. Sessiz ama onurlu bir hayat ya\u015fad\u0131. Onu u\u011furlarken bir kez daha anlad\u0131m ki; samimiyetin kameralara ihtiyac\u0131 yoktur. Ger\u00e7ek vefa objektiflere de\u011fil, hat\u0131ralara yans\u0131r.\u201d<\/p>\n<\/blockquote>\n\n\n\n<h2 class=\"wp-block-heading\">CHP\u2019deki Tart\u0131\u015fmalar\u0131n G\u00f6lgesinde Cenaze<\/h2>\n\n\n\n<p class=\"wp-block-paragraph\">Olcay Baykal\u2019\u0131n cenaze t\u00f6reni, CHP\u2019de son d\u00f6nemde ya\u015fanan liderlik ve parti i\u00e7i tart\u0131\u015fmalar\u0131n g\u00f6lgesinde ger\u00e7ekle\u015fti. \u00d6zellikle Kemal K\u0131l\u0131\u00e7daro\u011flu ile \u00d6zg\u00fcr \u00d6zel aras\u0131nda son aylarda ya\u015fanan g\u00f6r\u00fc\u015f ayr\u0131l\u0131klar\u0131 ve mahkeme s\u00fcre\u00e7leri nedeniyle iki ismin t\u00f6rendeki g\u00f6r\u00fcnt\u00fcleri kamuoyunda geni\u015f yank\u0131 uyand\u0131rd\u0131.<\/p>\n\n\n\n<p class=\"wp-block-paragraph\">Siyasi kulislerde konu\u015fulan en dikkat \u00e7ekici ayr\u0131nt\u0131lardan biri ise cenaze t\u00f6reninde ya\u015fanan sembolik g\u00f6r\u00fcnt\u00fcler ve Baykal ailesinden gelen sert mesajlar oldu. Asl\u0131 Baykal\u2019\u0131n payla\u015f\u0131m\u0131, k\u0131sa s\u00fcrede sosyal medyada geni\u015f yank\u0131 bulurken, CHP i\u00e7indeki tart\u0131\u015fmalar\u0131 yeniden g\u00fcndemin \u00fcst s\u0131ralar\u0131na ta\u015f\u0131d\u0131.<\/p>\n\n\n\n<p class=\"wp-block-paragraph\">Cumhuriyet Halk Partisi, Kemal K\u0131l\u0131\u00e7daro\u011flu, \u00d6zg\u00fcr \u00d6zel, Deniz Baykal, Olcay Baykal, Asl\u0131 Baykal, Ankara, siyaset, CHP, cenaze t\u00f6reni, g\u00fcndem, T\u00fcrkiye siyaseti, parti i\u00e7i tart\u0131\u015fma, son dakika, g\u00fcncel haberler<\/p>\n\n\n\n<p class=\"wp-block-paragraph\">#Asl\u0131Baykal #OlcayBaykal #DenizBaykal #KemalK\u0131l\u0131\u00e7daro\u011flu #\u00d6zg\u00fcr\u00d6zel #CHP #CumhuriyetHalkPartisi #Ankara #Siyaset #G\u00fcndem #SonDakika #T\u00fcrkiye #G\u00fcncelHaber #Politika #BaykalAilesi #CHPTart\u0131\u015fmas\u0131 #T\u00fcrkiyeSiyaseti #Gundem59 #TurkiyemHaber #TekirdagHaber #SonDakikaHaberleri<\/p>\n","protected":false},"excerpt":{"rendered":"<p>CHP\u2019nin eski Genel Ba\u015fkan\u0131 merhum Deniz Baykal\u2019\u0131n e\u015fi Olcay Baykal, Ankara\u2019da d\u00fczenlenen cenaze t\u00f6reniyle son<\/p>\n","protected":false},"author":1,"featured_media":4087,"comment_status":"open","ping_status":"open","sticky":false,"template":"","format":"standard","meta":{"_rtcl_gb_attr":"","footnotes":""},"categories":[44],"tags":[],"class_list":["post-4086","post","type-post","status-publish","format-standard","has-post-thumbnail","hentry","category-politika"],"_links":{"self":[{"href":"https:\/\/turkiyemhaber.com\/index.php?rest_route=\/wp\/v2\/posts\/4086","targetHints":{"allow":["GET"]}}],"collection":[{"href":"https:\/\/turkiyemhaber.com\/index.php?rest_route=\/wp\/v2\/posts"}],"about":[{"href":"https:\/\/turkiyemhaber.com\/index.php?rest_route=\/wp\/v2\/types\/post"}],"author":[{"embeddable":true,"href":"https:\/\/turkiyemhaber.com\/index.php?rest_route=\/wp\/v2\/users\/1"}],"replies":[{"embeddable":true,"href":"https:\/\/turkiyemhaber.com\/index.php?rest_route=%2Fwp%2Fv2%2Fcomments&post=4086"}],"version-history":[{"count":1,"href":"https:\/\/turkiyemhaber.com\/index.php?rest_route=\/wp\/v2\/posts\/4086\/revisions"}],"predecessor-version":[{"id":4090,"href":"https:\/\/turkiyemhaber.com\/index.php?rest_route=\/wp\/v2\/posts\/4086\/revisions\/4090"}],"wp:featuredmedia":[{"embeddable":true,"href":"https:\/\/turkiyemhaber.com\/index.php?rest_route=\/wp\/v2\/media\/4087"}],"wp:attachment":[{"href":"https:\/\/turkiyemhaber.com\/index.php?rest_route=%2Fwp%2Fv2%2Fmedia&parent=4086"}],"wp:term":[{"taxonomy":"category","embeddable":true,"href":"https:\/\/turkiyemhaber.com\/index.php?rest_route=%2Fwp%2Fv2%2Fcategories&post=4086"},{"taxonomy":"post_tag","embeddable":true,"href":"https:\/\/turkiyemhaber.com\/index.php?rest_route=%2Fwp%2Fv2%2Ftags&post=4086"}],"curies":[{"name":"wp","href":"https:\/\/api.w.org\/{rel}","templated":true}]}}