{"id":4083,"date":"2026-07-18T10:46:04","date_gmt":"2026-07-18T10:46:04","guid":{"rendered":"https:\/\/turkiyemhaber.com\/?p=4083"},"modified":"2026-07-18T19:19:35","modified_gmt":"2026-07-18T19:19:35","slug":"acik-rogar-kapagi-faciasi-otomobil-200-metre-suruklendi-surucu-mucize-eseri-kurtuldu","status":"publish","type":"post","link":"https:\/\/turkiyemhaber.com\/?p=4083","title":{"rendered":"A\u00e7\u0131k R\u00f6gar Kapa\u011f\u0131 Facias\u0131! Otomobil 200 Metre S\u00fcr\u00fcklendi, S\u00fcr\u00fcc\u00fc Mucize Eseri Kurtuldu"},"content":{"rendered":"\n<p class=\"wp-block-paragraph\">Tekirda\u011f&#8217;\u0131n S\u00fcleymanpa\u015fa il\u00e7esinde ya\u015fanan trafik kazas\u0131, yol g\u00fcvenli\u011fi tart\u0131\u015fmalar\u0131n\u0131 yeniden g\u00fcndeme getirdi. \u0130ddiaya g\u00f6re yolda a\u00e7\u0131k halde bulunan r\u00f6gar kapa\u011f\u0131na \u00e7arpan otomobil kontrolden \u00e7\u0131karak ref\u00fcje vurdu. Yakla\u015f\u0131k 200 metre s\u00fcr\u00fcklenen ara\u00e7 hurdaya d\u00f6nerken, direksiyon ba\u015f\u0131ndaki kad\u0131n s\u00fcr\u00fcc\u00fcn\u00fcn kazadan yara almadan kurtulmas\u0131 b\u00fcy\u00fck \u015fans olarak de\u011ferlendirildi.<\/p>\n\n\n\n<p class=\"wp-block-paragraph\">Kaza, S\u00fcleymanpa\u015fa il\u00e7esine ba\u011fl\u0131 \u00c7iftlik\u00f6n\u00fc Mahallesi So\u011fanc\u0131lar Caddesi \u00fczerinde meydana geldi. Edinilen bilgilere g\u00f6re Beyza \u0130. y\u00f6netimindeki 59 ALG 322 plakal\u0131 otomobil, seyir halindeyken yol \u00fczerinde a\u00e7\u0131k durumda bulundu\u011fu \u00f6ne s\u00fcr\u00fclen r\u00f6gar kapa\u011f\u0131na \u00e7arpt\u0131. \u00c7arpman\u0131n etkisiyle direksiyon hakimiyetini kaybeden s\u00fcr\u00fcc\u00fc, \u00f6nce ref\u00fcje \u00e7arpt\u0131 ard\u0131ndan arac\u0131n kontrol\u00fcn\u00fc tamamen yitirdi.<\/p>\n\n\n\n<figure class=\"wp-block-image size-full\"><img loading=\"lazy\" decoding=\"async\" width=\"372\" height=\"209\" src=\"http:\/\/turkiyemhaber.com\/wp-content\/uploads\/2026\/07\/faciadan-donuldu-acik-rogar-kapagina-carpan-20063137_amp.jpg\" alt=\"\" class=\"wp-image-4084\" srcset=\"https:\/\/turkiyemhaber.com\/wp-content\/uploads\/2026\/07\/faciadan-donuldu-acik-rogar-kapagina-carpan-20063137_amp.jpg 372w, https:\/\/turkiyemhaber.com\/wp-content\/uploads\/2026\/07\/faciadan-donuldu-acik-rogar-kapagina-carpan-20063137_amp-300x169.jpg 300w, https:\/\/turkiyemhaber.com\/wp-content\/uploads\/2026\/07\/faciadan-donuldu-acik-rogar-kapagina-carpan-20063137_amp-18x10.jpg 18w\" sizes=\"auto, (max-width: 372px) 100vw, 372px\" \/><\/figure>\n\n\n\n<p class=\"wp-block-paragraph\">Yakla\u015f\u0131k 200 metre boyunca s\u00fcr\u00fcklenen otomobil, b\u00fcy\u00fck hasar alarak durabildi. Kazay\u0131 g\u00f6ren vatanda\u015flar\u0131n ihbar\u0131 \u00fczerine olay yerine sa\u011fl\u0131k ve polis ekipleri sevk edildi.<\/p>\n\n\n\n<h2 class=\"wp-block-heading\">Hurdaya D\u00f6nen Ara\u00e7tan Sa\u011f \u00c7\u0131kt\u0131<\/h2>\n\n\n\n<p class=\"wp-block-paragraph\">112 Acil Sa\u011fl\u0131k ekiplerinin yapt\u0131\u011f\u0131 ilk kontrollerde s\u00fcr\u00fcc\u00fcn\u00fcn herhangi bir yaralanma ya\u015famad\u0131\u011f\u0131 belirlendi. B\u00fcy\u00fck \u00e7apta maddi hasar\u0131n meydana geldi\u011fi kazada arac\u0131n kullan\u0131lamaz hale geldi\u011fi \u00f6\u011frenildi.<\/p>\n\n\n\n<p class=\"wp-block-paragraph\">Polis ekipleri b\u00f6lgede g\u00fcvenlik \u00f6nlemi al\u0131rken, kazan\u0131n meydana geli\u015f \u015fekli ve r\u00f6gar kapa\u011f\u0131yla ilgili iddialar \u00fczerine inceleme ba\u015flat\u0131ld\u0131.<\/p>\n\n\n\n<h2 class=\"wp-block-heading\">&#8220;R\u00f6gar Kapa\u011f\u0131n\u0131 Karton Sand\u0131m&#8221;<\/h2>\n\n\n\n<p class=\"wp-block-paragraph\">Kazay\u0131 \u015fans eseri yara almadan atlatan s\u00fcr\u00fcc\u00fc Beyza \u0130., ya\u015fad\u0131\u011f\u0131 korku dolu anlar\u0131 \u015fu s\u00f6zlerle anlatt\u0131:<\/p>\n\n\n\n<p class=\"wp-block-paragraph\">&#8220;Yolda ilerliyordum. \u00d6n\u00fcmde bir motosiklet vard\u0131. R\u00f6gar kapa\u011f\u0131 kalk\u0131kt\u0131, ben onu karton sand\u0131m. Sonras\u0131nda neler oldu\u011funu hat\u0131rlayam\u0131yorum. Arabam pert oldu.&#8221;<\/p>\n\n\n\n<h2 class=\"wp-block-heading\">Soru\u015fturma Ba\u015flat\u0131ld\u0131<\/h2>\n\n\n\n<p class=\"wp-block-paragraph\">Kazan\u0131n ard\u0131ndan a\u00e7\u0131k oldu\u011fu \u00f6ne s\u00fcr\u00fclen r\u00f6gar kapa\u011f\u0131n\u0131n durumu ve olas\u0131 ihmal iddialar\u0131yla ilgili inceleme ba\u015flat\u0131ld\u0131. Yetkililerin haz\u0131rlayaca\u011f\u0131 raporun ard\u0131ndan olay\u0131n kesin nedeni netlik kazanacak.<\/p>\n\n\n\n<p class=\"wp-block-paragraph\">Tekirda\u011f&#8217;da ya\u015fanan olay, yol g\u00fcvenli\u011fi ve altyap\u0131 denetimlerinin \u00f6nemini bir kez daha g\u00f6zler \u00f6n\u00fcne serdi.<\/p>\n\n\n\n<p class=\"wp-block-paragraph\">Tekirda\u011f, S\u00fcleymanpa\u015fa, \u00c7iftlik\u00f6n\u00fc Mahallesi, Trafik Kazas\u0131, R\u00f6gar Kapa\u011f\u0131, Beyza \u0130., Polis, 112 Acil Sa\u011fl\u0131k, G\u00fcvenlik, Yerel Haberler, G\u00fcncel, Ula\u015f\u0131m<\/p>\n\n\n\n<p class=\"wp-block-paragraph\">#Tekirda\u011f #S\u00fcleymanpa\u015fa #TrafikKazas\u0131 #SonDakika #R\u00f6garKapa\u011f\u0131 #\u00c7iftlik\u00f6n\u00fc #Kaza #G\u00fcvenlik #YerelHaber #G\u00fcndem #Tekirda\u011fHaber #Ula\u015f\u0131m #Gundem59 #TurkiyemHaber #Gundem44 #Gundem34Haber #Saray59 #TurkiyemHaberTV #TurkiyemRadyo<\/p>\n","protected":false},"excerpt":{"rendered":"<p>Tekirda\u011f&#8217;\u0131n S\u00fcleymanpa\u015fa il\u00e7esinde ya\u015fanan trafik kazas\u0131, yol g\u00fcvenli\u011fi tart\u0131\u015fmalar\u0131n\u0131 yeniden g\u00fcndeme getirdi. \u0130ddiaya g\u00f6re yolda<\/p>\n","protected":false},"author":1,"featured_media":4123,"comment_status":"open","ping_status":"open","sticky":false,"template":"","format":"standard","meta":{"_rtcl_gb_attr":"","footnotes":""},"categories":[1],"tags":[],"class_list":["post-4083","post","type-post","status-publish","format-standard","has-post-thumbnail","hentry","category-http-turkiyemhaber-com-wp-content-uploads-2026-03-saray-59-haber-13-mart-pdf"],"_links":{"self":[{"href":"https:\/\/turkiyemhaber.com\/index.php?rest_route=\/wp\/v2\/posts\/4083","targetHints":{"allow":["GET"]}}],"collection":[{"href":"https:\/\/turkiyemhaber.com\/index.php?rest_route=\/wp\/v2\/posts"}],"about":[{"href":"https:\/\/turkiyemhaber.com\/index.php?rest_route=\/wp\/v2\/types\/post"}],"author":[{"embeddable":true,"href":"https:\/\/turkiyemhaber.com\/index.php?rest_route=\/wp\/v2\/users\/1"}],"replies":[{"embeddable":true,"href":"https:\/\/turkiyemhaber.com\/index.php?rest_route=%2Fwp%2Fv2%2Fcomments&post=4083"}],"version-history":[{"count":2,"href":"https:\/\/turkiyemhaber.com\/index.php?rest_route=\/wp\/v2\/posts\/4083\/revisions"}],"predecessor-version":[{"id":4124,"href":"https:\/\/turkiyemhaber.com\/index.php?rest_route=\/wp\/v2\/posts\/4083\/revisions\/4124"}],"wp:featuredmedia":[{"embeddable":true,"href":"https:\/\/turkiyemhaber.com\/index.php?rest_route=\/wp\/v2\/media\/4123"}],"wp:attachment":[{"href":"https:\/\/turkiyemhaber.com\/index.php?rest_route=%2Fwp%2Fv2%2Fmedia&parent=4083"}],"wp:term":[{"taxonomy":"category","embeddable":true,"href":"https:\/\/turkiyemhaber.com\/index.php?rest_route=%2Fwp%2Fv2%2Fcategories&post=4083"},{"taxonomy":"post_tag","embeddable":true,"href":"https:\/\/turkiyemhaber.com\/index.php?rest_route=%2Fwp%2Fv2%2Ftags&post=4083"}],"curies":[{"name":"wp","href":"https:\/\/api.w.org\/{rel}","templated":true}]}}