{"id":4079,"date":"2026-07-18T10:22:04","date_gmt":"2026-07-18T10:22:04","guid":{"rendered":"https:\/\/turkiyemhaber.com\/?p=4079"},"modified":"2026-07-18T10:22:09","modified_gmt":"2026-07-18T10:22:09","slug":"cift-maasli-vekillere-1-8-milyonluk-konut-tepkisi","status":"publish","type":"post","link":"https:\/\/turkiyemhaber.com\/?p=4079","title":{"rendered":"\u00c7\u0130FT MAA\u015eLI VEK\u0130LLERE 1.8 M\u0130LYONLUK KONUT TEPK\u0130S\u0130!"},"content":{"rendered":"\n<h2 class=\"wp-block-heading\">Ayl\u0131k Gelirleri Yar\u0131m Milyonu A\u015f\u0131yor, Dar Gelirlilere Y\u00f6nelik Fiyatlarla Ev Sahibi Olacaklar \u0130ddias\u0131 Tart\u0131\u015fma Yaratt\u0131<\/h2>\n\n\n\n<p class=\"wp-block-paragraph\">T\u00fcrkiye&#8217;de milyonlarca vatanda\u015f y\u00fcksek kiralar ve konut fiyatlar\u0131 nedeniyle ev sahibi olma hayalini ertelerken, milletvekillerine y\u00f6nelik ortaya at\u0131lan yeni bir iddia kamuoyunda geni\u015f yank\u0131 uyand\u0131rd\u0131. \u0130ddiaya g\u00f6re ayl\u0131k gelirleri 500 bin liray\u0131 a\u015fan \u00e7ok say\u0131da milletvekili, \u0130stanbul&#8217;da uygun fiyatl\u0131 konut sahibi olmak amac\u0131yla kurulan bir kooperatif \u00fczerinden daire edinmeye haz\u0131rlan\u0131yor.<\/p>\n\n\n\n<p class=\"wp-block-paragraph\">G\u00fcndeme gelen projede yer alan fiyatlar\u0131n, devletin dar gelirli vatanda\u015flar i\u00e7in hayata ge\u00e7irdi\u011fi sosyal konut projeleriyle benzer seviyelerde olmas\u0131 dikkat \u00e7ekti.<\/p>\n\n\n\n<h2 class=\"wp-block-heading\">\u00c7\u0130FT MAA\u015eLA GEL\u0130RLER\u0130 512 B\u0130N L\u0130RAYA ULA\u015eIYOR<\/h2>\n\n\n\n<p class=\"wp-block-paragraph\">Mevcut uygulamada milletvekilleri ayl\u0131k 310 bin 336 lira maa\u015f al\u0131rken, emekli milletvekili olanlar ayr\u0131ca 201 bin 677 lira emekli ayl\u0131\u011f\u0131 da alabiliyor.<\/p>\n\n\n\n<p class=\"wp-block-paragraph\">Bu nedenle hem milletvekili maa\u015f\u0131 hem de emekli milletvekili maa\u015f\u0131 alan \u00e7ok say\u0131da vekilin ayl\u0131k toplam gelirinin yakla\u015f\u0131k 512 bin liraya ula\u015ft\u0131\u011f\u0131 belirtiliyor.<\/p>\n\n\n\n<p class=\"wp-block-paragraph\">Milletvekillerinin ula\u015f\u0131m, konaklama ve \u00e7e\u015fitli resmi giderlerinin de devlet taraf\u0131ndan kar\u015f\u0131lanmas\u0131 nedeniyle ortaya \u00e7\u0131kan tablo kamuoyunda s\u0131k s\u0131k tart\u0131\u015fma konusu oluyor.<\/p>\n\n\n\n<figure class=\"wp-block-image size-full\"><img loading=\"lazy\" decoding=\"async\" width=\"640\" height=\"360\" src=\"https:\/\/turkiyemhaber.com\/wp-content\/uploads\/2026\/07\/cift-maasli-vekiller-18-milyon-33370112-8501_1_m.webp\" alt=\"\" class=\"wp-image-4081\" srcset=\"https:\/\/turkiyemhaber.com\/wp-content\/uploads\/2026\/07\/cift-maasli-vekiller-18-milyon-33370112-8501_1_m.webp 640w, https:\/\/turkiyemhaber.com\/wp-content\/uploads\/2026\/07\/cift-maasli-vekiller-18-milyon-33370112-8501_1_m-300x169.webp 300w, https:\/\/turkiyemhaber.com\/wp-content\/uploads\/2026\/07\/cift-maasli-vekiller-18-milyon-33370112-8501_1_m-18x10.webp 18w\" sizes=\"auto, (max-width: 640px) 100vw, 640px\" \/><\/figure>\n\n\n\n<h2 class=\"wp-block-heading\">ESENYURT&#8217;TA KOOPERAT\u0130F PROJES\u0130<\/h2>\n\n\n\n<p class=\"wp-block-paragraph\">\u0130ddialara g\u00f6re AK Parti Giresun Milletvekili Ali Tem\u00fcr \u00f6nc\u00fcl\u00fc\u011f\u00fcnde kurulan &#8220;Parlamenterler G\u00f6lvadi Bah\u00e7e\u015fehir Yap\u0131 Kooperatifi&#8221;, \u0130stanbul Esenyurt&#8217;ta hayata ge\u00e7irilmesi planlanan bir konut projesi i\u00e7in \u00e7al\u0131\u015fma y\u00fcr\u00fct\u00fcyor.<\/p>\n\n\n\n<p class=\"wp-block-paragraph\">Milletvekillerine da\u011f\u0131t\u0131ld\u0131\u011f\u0131 \u00f6ne s\u00fcr\u00fclen proje katalo\u011funda yer alan fiyatlar ise dikkat \u00e7ekti.<\/p>\n\n\n\n<p class=\"wp-block-paragraph\">Taslak projede;<\/p>\n\n\n\n<ul class=\"wp-block-list\">\n<li>1+1 daireler: 1 milyon 800 bin TL<\/li>\n\n\n\n<li>2+1 daireler: 2 milyon 800 bin TL<\/li>\n\n\n\n<li>3+1 daireler: 4 milyon 100 bin TL<\/li>\n<\/ul>\n\n\n\n<p class=\"wp-block-paragraph\">olarak yer ald\u0131.<\/p>\n\n\n\n<h2 class=\"wp-block-heading\">&#8220;DAR GEL\u0130RL\u0130 VATANDA\u015eA SUNULAN \u015eARTLARLA EV SAH\u0130B\u0130 OLUYORLAR&#8221; ELE\u015eT\u0130R\u0130S\u0130<\/h2>\n\n\n\n<p class=\"wp-block-paragraph\">Projeye ili\u015fkin kamuoyunda yap\u0131lan yorumlarda, y\u00fcksek maa\u015f alan milletvekillerinin sosyal konut seviyesindeki fiyatlarla ev sahibi olmas\u0131n\u0131n adalet duygusunu zedeledi\u011fi ileri s\u00fcr\u00fcld\u00fc.<\/p>\n\n\n\n<p class=\"wp-block-paragraph\">\u00d6zellikle konut fiyatlar\u0131n\u0131n b\u00fcy\u00fck \u015fehirlerde milyonlarca liraya ula\u015ft\u0131\u011f\u0131 bir d\u00f6nemde ortaya \u00e7\u0131kan proje, sosyal medyada da yo\u011fun \u015fekilde tart\u0131\u015f\u0131lmaya ba\u015fland\u0131.<\/p>\n\n\n\n<p class=\"wp-block-paragraph\">Bir\u00e7ok vatanda\u015f, ev sahibi olmak i\u00e7in y\u0131llarca kredi \u00f6demek zorunda kald\u0131\u011f\u0131n\u0131 belirtirken, milletvekillerine y\u00f6nelik b\u00f6yle bir giri\u015fimin kamu vicdan\u0131n\u0131 rahats\u0131z etti\u011fini savundu.<\/p>\n\n\n\n<h2 class=\"wp-block-heading\">AL\u0130 TEM\u00dcR: &#8220;SADECE VEK\u0130LLERE \u00d6ZEL DE\u011e\u0130L&#8221;<\/h2>\n\n\n\n<p class=\"wp-block-paragraph\">Tepkiler \u00fczerine a\u00e7\u0131klama yapan AK Parti Giresun Milletvekili Ali Tem\u00fcr ise projenin yaln\u0131zca milletvekillerine y\u00f6nelik olmad\u0131\u011f\u0131n\u0131 belirtti.<\/p>\n\n\n\n<p class=\"wp-block-paragraph\">Tem\u00fcr, arsa sahibiyle g\u00f6r\u00fc\u015fmelerin s\u00fcrd\u00fc\u011f\u00fcn\u00fc, hen\u00fcz ortada tamamlanm\u0131\u015f bir konut bulunmad\u0131\u011f\u0131n\u0131 ifade ederek isteyen herkesin kooperatife \u00fcye olabilece\u011fini s\u00f6yledi.<\/p>\n\n\n\n<p class=\"wp-block-paragraph\">Projenin bas\u0131na yans\u0131d\u0131\u011f\u0131 \u015fekilde &#8220;ucuz konut projesi&#8221; olarak de\u011ferlendirilmemesi gerekti\u011fini belirten Tem\u00fcr, arsa pazarl\u0131klar\u0131n\u0131n devam etti\u011fini ve nihai maliyetlerin hen\u00fcz netle\u015fmedi\u011fini dile getirdi.<\/p>\n\n\n\n<h2 class=\"wp-block-heading\">KAMUOYUNDA YEN\u0130 TARTI\u015eMA<\/h2>\n\n\n\n<p class=\"wp-block-paragraph\">Ortaya \u00e7\u0131kan proje, son d\u00f6nemde s\u0131k s\u0131k g\u00fcndeme gelen milletvekili maa\u015flar\u0131, ayr\u0131cal\u0131klar\u0131 ve sosyal imkanlar\u0131 tart\u0131\u015fmas\u0131n\u0131 yeniden alevlendirdi.<\/p>\n\n\n\n<p class=\"wp-block-paragraph\">Bir tarafta konut sahibi olmakta zorlanan milyonlarca vatanda\u015f, di\u011fer tarafta y\u00fcksek gelirli siyaset\u00e7ilere y\u00f6nelik ortaya at\u0131lan uygun fiyatl\u0131 konut iddialar\u0131, &#8220;f\u0131rsat e\u015fitli\u011fi&#8221; ve &#8220;kamu kaynaklar\u0131n\u0131n kullan\u0131m\u0131nda adalet&#8221; ba\u015fl\u0131klar\u0131n\u0131n yeniden tart\u0131\u015f\u0131lmas\u0131na neden oldu.<\/p>\n\n\n\n<p class=\"wp-block-paragraph\">Ali Tem\u00fcr, AK Parti, TBMM, Milletvekili, Esenyurt, \u0130stanbul, Konut, Kooperatif, Sosyal Konut, Ekonomi, Siyaset, G\u00fcndem, T\u00fcrkiye, G\u00fcncel Haberler, G\u00fcndem59, T\u00fcrkiyem Haber<\/p>\n","protected":false},"excerpt":{"rendered":"<p>Ayl\u0131k Gelirleri Yar\u0131m Milyonu A\u015f\u0131yor, Dar Gelirlilere Y\u00f6nelik Fiyatlarla Ev Sahibi Olacaklar \u0130ddias\u0131 Tart\u0131\u015fma Yaratt\u0131<\/p>\n","protected":false},"author":1,"featured_media":4080,"comment_status":"open","ping_status":"open","sticky":false,"template":"","format":"standard","meta":{"_rtcl_gb_attr":"","footnotes":""},"categories":[1],"tags":[],"class_list":["post-4079","post","type-post","status-publish","format-standard","has-post-thumbnail","hentry","category-http-turkiyemhaber-com-wp-content-uploads-2026-03-saray-59-haber-13-mart-pdf"],"_links":{"self":[{"href":"https:\/\/turkiyemhaber.com\/index.php?rest_route=\/wp\/v2\/posts\/4079","targetHints":{"allow":["GET"]}}],"collection":[{"href":"https:\/\/turkiyemhaber.com\/index.php?rest_route=\/wp\/v2\/posts"}],"about":[{"href":"https:\/\/turkiyemhaber.com\/index.php?rest_route=\/wp\/v2\/types\/post"}],"author":[{"embeddable":true,"href":"https:\/\/turkiyemhaber.com\/index.php?rest_route=\/wp\/v2\/users\/1"}],"replies":[{"embeddable":true,"href":"https:\/\/turkiyemhaber.com\/index.php?rest_route=%2Fwp%2Fv2%2Fcomments&post=4079"}],"version-history":[{"count":1,"href":"https:\/\/turkiyemhaber.com\/index.php?rest_route=\/wp\/v2\/posts\/4079\/revisions"}],"predecessor-version":[{"id":4082,"href":"https:\/\/turkiyemhaber.com\/index.php?rest_route=\/wp\/v2\/posts\/4079\/revisions\/4082"}],"wp:featuredmedia":[{"embeddable":true,"href":"https:\/\/turkiyemhaber.com\/index.php?rest_route=\/wp\/v2\/media\/4080"}],"wp:attachment":[{"href":"https:\/\/turkiyemhaber.com\/index.php?rest_route=%2Fwp%2Fv2%2Fmedia&parent=4079"}],"wp:term":[{"taxonomy":"category","embeddable":true,"href":"https:\/\/turkiyemhaber.com\/index.php?rest_route=%2Fwp%2Fv2%2Fcategories&post=4079"},{"taxonomy":"post_tag","embeddable":true,"href":"https:\/\/turkiyemhaber.com\/index.php?rest_route=%2Fwp%2Fv2%2Ftags&post=4079"}],"curies":[{"name":"wp","href":"https:\/\/api.w.org\/{rel}","templated":true}]}}