{"id":4074,"date":"2026-07-18T10:17:56","date_gmt":"2026-07-18T10:17:56","guid":{"rendered":"https:\/\/turkiyemhaber.com\/?p=4074"},"modified":"2026-07-18T10:18:05","modified_gmt":"2026-07-18T10:18:05","slug":"17-yil-sonra-gelen-itiraf-muhsin-yazicioglu-bilerek-olume-mi-terk-edildi-sorusturmada-sok-iddialar","status":"publish","type":"post","link":"https:\/\/turkiyemhaber.com\/?p=4074","title":{"rendered":"17 Y\u0131l Sonra Gelen \u0130tiraf: Muhsin Yaz\u0131c\u0131o\u011flu Bilerek \u00d6l\u00fcme mi Terk Edildi? Soru\u015fturmada \u015eok \u0130ddialar"},"content":{"rendered":"\n<p class=\"wp-block-paragraph\">B\u00fcy\u00fck Birlik Partisi Kurucu Genel Ba\u015fkan\u0131 Muhsin Yaz\u0131c\u0131o\u011flu\u2019nun hayat\u0131n\u0131 kaybetti\u011fi helikopter kazas\u0131na ili\u015fkin y\u00fcr\u00fct\u00fclen soru\u015fturmada ortaya \u00e7\u0131kan yeni ifadeler, T\u00fcrkiye&#8217;nin haf\u0131zas\u0131na kaz\u0131nan olayla ilgili tart\u0131\u015fmalar\u0131 yeniden alevlendirdi. Aradan ge\u00e7en 17 y\u0131l\u0131n ard\u0131ndan dosyaya giren yeni beyanlarda, enkaz\u0131n yerinin k\u0131sa s\u00fcrede tespit edildi\u011fi ancak kurtarma ekiplerinin bilin\u00e7li \u015fekilde farkl\u0131 b\u00f6lgelere y\u00f6nlendirildi\u011fi \u00f6ne s\u00fcr\u00fcld\u00fc.<\/p>\n\n\n\n<p class=\"wp-block-paragraph\">Ankara Cumhuriyet Ba\u015fsavc\u0131l\u0131\u011f\u0131 taraf\u0131ndan y\u00fcr\u00fct\u00fclen soru\u015fturmada \u00e7ok say\u0131da \u015f\u00fcphelinin ifadeleri al\u0131n\u0131rken, d\u00f6nemin Kahramanmara\u015f \u0130stihbarat \u015eube M\u00fcd\u00fcrl\u00fc\u011f\u00fc personellerinden oldu\u011fu belirtilen \u0130smail Kaya&#8217;n\u0131n verdi\u011fi ifadeler dikkat \u00e7ekti.<\/p>\n\n\n\n<figure class=\"wp-block-image size-large\"><img loading=\"lazy\" decoding=\"async\" width=\"1024\" height=\"683\" src=\"https:\/\/turkiyemhaber.com\/wp-content\/uploads\/2026\/07\/muhsin-yazicioglu-sorusturmasinda-17-yil-sonra_505689880e_amp-1024x683.jpg\" alt=\"\" class=\"wp-image-4076\" srcset=\"https:\/\/turkiyemhaber.com\/wp-content\/uploads\/2026\/07\/muhsin-yazicioglu-sorusturmasinda-17-yil-sonra_505689880e_amp-1024x683.jpg 1024w, https:\/\/turkiyemhaber.com\/wp-content\/uploads\/2026\/07\/muhsin-yazicioglu-sorusturmasinda-17-yil-sonra_505689880e_amp-300x200.jpg 300w, https:\/\/turkiyemhaber.com\/wp-content\/uploads\/2026\/07\/muhsin-yazicioglu-sorusturmasinda-17-yil-sonra_505689880e_amp-768x512.jpg 768w, https:\/\/turkiyemhaber.com\/wp-content\/uploads\/2026\/07\/muhsin-yazicioglu-sorusturmasinda-17-yil-sonra_505689880e_amp-18x12.jpg 18w, https:\/\/turkiyemhaber.com\/wp-content\/uploads\/2026\/07\/muhsin-yazicioglu-sorusturmasinda-17-yil-sonra_505689880e_amp.jpg 1200w\" sizes=\"auto, (max-width: 1024px) 100vw, 1024px\" \/><\/figure>\n\n\n\n<h3 class=\"wp-block-heading\"><strong>\u201cEnkaz\u0131n Yeri Biliniyordu\u201d \u0130ddias\u0131<\/strong><\/h3>\n\n\n\n<p class=\"wp-block-paragraph\">Soru\u015fturma dosyas\u0131na giren ifadelere g\u00f6re, helikopterin d\u00fc\u015ft\u00fc\u011f\u00fc b\u00f6lge baz istasyonu verileri \u00fczerinden k\u0131sa s\u00fcrede belirlenmi\u015fti. D\u00f6nemin istihbarat personeli \u0130lyas U\u00e7ar&#8217;\u0131n yapt\u0131\u011f\u0131 teknik \u00e7al\u0131\u015fma sonucu enkaz\u0131n yakla\u015f\u0131k 1,5 kilometrelik dar bir alan i\u00e7erisinde bulundu\u011fu tespit edildi.<\/p>\n\n\n\n<p class=\"wp-block-paragraph\">Ancak elde edilen bu kritik bilgiye ra\u011fmen arama kurtarma ekiplerinin do\u011fru b\u00f6lgeye y\u00f6nlendirilmedi\u011fi ve enkaza g\u00fcnler sonra ula\u015f\u0131ld\u0131\u011f\u0131 iddia edildi. Dosyada yer alan ifadelerde, do\u011fru koordinatlar\u0131n bilinmesine ra\u011fmen farkl\u0131 b\u00f6lgelerde arama yap\u0131lmas\u0131n\u0131n soru i\u015faretlerini art\u0131rd\u0131\u011f\u0131 belirtildi.<\/p>\n\n\n\n<figure class=\"wp-block-image size-full\"><img loading=\"lazy\" decoding=\"async\" width=\"640\" height=\"357\" src=\"https:\/\/turkiyemhaber.com\/wp-content\/uploads\/2026\/07\/muhsin-yazicioglu-sorusturmasi-56880702-2569_1_m.webp\" alt=\"\" class=\"wp-image-4077\" srcset=\"https:\/\/turkiyemhaber.com\/wp-content\/uploads\/2026\/07\/muhsin-yazicioglu-sorusturmasi-56880702-2569_1_m.webp 640w, https:\/\/turkiyemhaber.com\/wp-content\/uploads\/2026\/07\/muhsin-yazicioglu-sorusturmasi-56880702-2569_1_m-300x167.webp 300w, https:\/\/turkiyemhaber.com\/wp-content\/uploads\/2026\/07\/muhsin-yazicioglu-sorusturmasi-56880702-2569_1_m-18x10.webp 18w\" sizes=\"auto, (max-width: 640px) 100vw, 640px\" \/><\/figure>\n\n\n\n<h3 class=\"wp-block-heading\"><strong>\u201cYanl\u0131\u015f Bilgi Servis Edildi\u201d \u0130ddias\u0131<\/strong><\/h3>\n\n\n\n<p class=\"wp-block-paragraph\">Soru\u015fturman\u0131n en dikkat \u00e7eken b\u00f6l\u00fcmlerinden biri ise kamuoyuna servis edildi\u011fi \u00f6ne s\u00fcr\u00fclen yanl\u0131\u015f bilgi oldu.<\/p>\n\n\n\n<p class=\"wp-block-paragraph\">\u0130fadelerde, kazan\u0131n ard\u0131ndan Muhsin Yaz\u0131c\u0131o\u011flu\u2019nun yaral\u0131 halde kurtar\u0131larak G\u00f6ksun Devlet Hastanesi\u2019ne g\u00f6t\u00fcr\u00fcld\u00fc\u011f\u00fcne dair bilginin \u00e7e\u015fitli kurumlara ve medya kurulu\u015flar\u0131na ula\u015ft\u0131r\u0131ld\u0131\u011f\u0131 \u00f6ne s\u00fcr\u00fcld\u00fc. Bu bilginin arama \u00e7al\u0131\u015fmalar\u0131n\u0131 farkl\u0131 noktalara y\u00f6nlendirdi\u011fi ve zaman kayb\u0131na neden oldu\u011fu iddia edildi.<\/p>\n\n\n\n<p class=\"wp-block-paragraph\">S\u00f6z konusu bilginin kimlerin talimat\u0131yla haz\u0131rland\u0131\u011f\u0131 ve neden servis edildi\u011fi ise soru\u015fturman\u0131n en kritik ba\u015fl\u0131klar\u0131 aras\u0131nda yer al\u0131yor.<\/p>\n\n\n\n<h3 class=\"wp-block-heading\"><strong>FET\u00d6 Ba\u011flant\u0131lar\u0131 Yeniden G\u00fcndemde<\/strong><\/h3>\n\n\n\n<p class=\"wp-block-paragraph\">Dosyada yer alan baz\u0131 isimlerin FET\u00d6 ile ba\u011flant\u0131l\u0131 olduklar\u0131na ili\u015fkin tespitlerin de soru\u015fturma kapsam\u0131nda de\u011ferlendirildi\u011fi belirtildi.<\/p>\n\n\n\n<p class=\"wp-block-paragraph\">Kazan\u0131n ard\u0131ndan enkaz b\u00f6lgesine giden baz\u0131 ki\u015filerin daha sonraki y\u0131llarda FET\u00d6 soru\u015fturmalar\u0131nda adlar\u0131n\u0131n ge\u00e7ti\u011fi, \u00f6rg\u00fct y\u00f6neticileri ve mahrem imamlarla irtibat kay\u0131tlar\u0131n\u0131n bulundu\u011fu iddia edildi.<\/p>\n\n\n\n<p class=\"wp-block-paragraph\">\u00d6zellikle helikopter enkaz\u0131ndaki baz\u0131 par\u00e7alar\u0131n s\u00f6k\u00fclmesi ve olay yerindeki delillerin kaybolmas\u0131na ili\u015fkin y\u0131llard\u0131r kamuoyunda tart\u0131\u015f\u0131lan iddialar da yeniden g\u00fcndeme geldi.<\/p>\n\n\n\n<h3 class=\"wp-block-heading\"><strong>Sonik Patlama Tart\u0131\u015fmalar\u0131 Yeniden A\u00e7\u0131ld\u0131<\/strong><\/h3>\n\n\n\n<p class=\"wp-block-paragraph\">Kamuoyunda uzun y\u0131llard\u0131r tart\u0131\u015f\u0131lan &#8220;helikopter sava\u015f u\u00e7aklar\u0131n\u0131n olu\u015fturdu\u011fu sonik patlama nedeniyle d\u00fc\u015f\u00fcr\u00fcld\u00fc&#8221; iddias\u0131 da soru\u015fturma dosyas\u0131nda yeniden de\u011ferlendirildi.<\/p>\n\n\n\n<p class=\"wp-block-paragraph\">\u0130fadelerine ba\u015fvurulan baz\u0131 askeri personeller ve pilotlar, teknik olarak sonik patlaman\u0131n helikopter d\u00fc\u015f\u00fcrmesinin m\u00fcmk\u00fcn olmad\u0131\u011f\u0131n\u0131 savundu.<\/p>\n\n\n\n<p class=\"wp-block-paragraph\">\u00d6te yandan baz\u0131 uzman g\u00f6r\u00fc\u015flerinde ise kazan\u0131n yo\u011fun sis, d\u00fc\u015f\u00fck g\u00f6r\u00fc\u015f mesafesi ve olumsuz hava \u015fartlar\u0131 nedeniyle meydana gelmi\u015f olabilece\u011fi y\u00f6n\u00fcnde de\u011ferlendirmeler yer ald\u0131.<\/p>\n\n\n\n<h3 class=\"wp-block-heading\"><strong>T\u00fcrkiye&#8217;nin Cevap Bekleyen Dosyalar\u0131ndan Biri<\/strong><\/h3>\n\n\n\n<p class=\"wp-block-paragraph\">25 Mart 2009 tarihinde Kahramanmara\u015f&#8217;\u0131n G\u00f6ksun il\u00e7esi yak\u0131nlar\u0131nda d\u00fc\u015fen helikopterde Muhsin Yaz\u0131c\u0131o\u011flu ile birlikte \u0130HA muhabiri \u0130smail G\u00fcne\u015f, Belediye Meclis \u00dcyesi Murat \u00c7etinkaya, \u0130l Ba\u015fkan Yard\u0131mc\u0131s\u0131 Yavuz Hac\u0131osmano\u011flu, \u0130l Ba\u015fkan\u0131 \u0130lhan Kurt ve pilot Kaya \u0130stektepe hayat\u0131n\u0131 kaybetmi\u015fti.<\/p>\n\n\n\n<p class=\"wp-block-paragraph\">Y\u0131llard\u0131r kamuoyunda &#8220;ihmal mi, sabotaj m\u0131?&#8221; sorular\u0131yla tart\u0131\u015f\u0131lan dosyada ortaya \u00e7\u0131kan yeni ifadeler ve iddialar, soru\u015fturman\u0131n seyrini de\u011fi\u015ftirebilecek geli\u015fmeler olarak de\u011ferlendiriliyor.<\/p>\n\n\n\n<p class=\"wp-block-paragraph\">Soru\u015fturma kapsam\u0131nda yeni deliller, teknik analizler ve tan\u0131k beyanlar\u0131 do\u011frultusunda incelemelerin s\u00fcrd\u00fc\u011f\u00fc \u00f6\u011frenildi.<\/p>\n\n\n\n<p class=\"wp-block-paragraph\">MuhsinYaz\u0131c\u0131o\u011flu #BBP #Kahramanmara\u015f #FailiMe\u00e7hul #HelikopterKazas\u0131 #T\u00fcrkiyeG\u00fcndemi #Soru\u015fturma #AnkaraCumhuriyetBa\u015fsavc\u0131l\u0131\u011f\u0131 #FET\u00d6 #SonDakika #G\u00fcndem #T\u00fcrkiye #G\u00fcncelHaber #Politika #Adalet #MuhsinYaz\u0131c\u0131o\u011fluDosyas\u0131 #Yaz\u0131c\u0131o\u011flu #Gundem59 #TurkiyemHaber #Gundem44 #Gundem34Haber #Saray59 #TurkiyemHaberTV #TurkiyemRadyo<\/p>\n","protected":false},"excerpt":{"rendered":"<p>B\u00fcy\u00fck Birlik Partisi Kurucu Genel Ba\u015fkan\u0131 Muhsin Yaz\u0131c\u0131o\u011flu\u2019nun hayat\u0131n\u0131 kaybetti\u011fi helikopter kazas\u0131na ili\u015fkin y\u00fcr\u00fct\u00fclen soru\u015fturmada<\/p>\n","protected":false},"author":1,"featured_media":4075,"comment_status":"open","ping_status":"open","sticky":false,"template":"","format":"standard","meta":{"_rtcl_gb_attr":"","footnotes":""},"categories":[1],"tags":[],"class_list":["post-4074","post","type-post","status-publish","format-standard","has-post-thumbnail","hentry","category-http-turkiyemhaber-com-wp-content-uploads-2026-03-saray-59-haber-13-mart-pdf"],"_links":{"self":[{"href":"https:\/\/turkiyemhaber.com\/index.php?rest_route=\/wp\/v2\/posts\/4074","targetHints":{"allow":["GET"]}}],"collection":[{"href":"https:\/\/turkiyemhaber.com\/index.php?rest_route=\/wp\/v2\/posts"}],"about":[{"href":"https:\/\/turkiyemhaber.com\/index.php?rest_route=\/wp\/v2\/types\/post"}],"author":[{"embeddable":true,"href":"https:\/\/turkiyemhaber.com\/index.php?rest_route=\/wp\/v2\/users\/1"}],"replies":[{"embeddable":true,"href":"https:\/\/turkiyemhaber.com\/index.php?rest_route=%2Fwp%2Fv2%2Fcomments&post=4074"}],"version-history":[{"count":1,"href":"https:\/\/turkiyemhaber.com\/index.php?rest_route=\/wp\/v2\/posts\/4074\/revisions"}],"predecessor-version":[{"id":4078,"href":"https:\/\/turkiyemhaber.com\/index.php?rest_route=\/wp\/v2\/posts\/4074\/revisions\/4078"}],"wp:featuredmedia":[{"embeddable":true,"href":"https:\/\/turkiyemhaber.com\/index.php?rest_route=\/wp\/v2\/media\/4075"}],"wp:attachment":[{"href":"https:\/\/turkiyemhaber.com\/index.php?rest_route=%2Fwp%2Fv2%2Fmedia&parent=4074"}],"wp:term":[{"taxonomy":"category","embeddable":true,"href":"https:\/\/turkiyemhaber.com\/index.php?rest_route=%2Fwp%2Fv2%2Fcategories&post=4074"},{"taxonomy":"post_tag","embeddable":true,"href":"https:\/\/turkiyemhaber.com\/index.php?rest_route=%2Fwp%2Fv2%2Ftags&post=4074"}],"curies":[{"name":"wp","href":"https:\/\/api.w.org\/{rel}","templated":true}]}}