{"id":4071,"date":"2026-07-18T10:11:03","date_gmt":"2026-07-18T10:11:03","guid":{"rendered":"https:\/\/turkiyemhaber.com\/?p=4071"},"modified":"2026-07-18T10:11:07","modified_gmt":"2026-07-18T10:11:07","slug":"ahbap-sorusturmasinda-dikkat-ceken-ifade-kurucu-isim-alper-celikten-etkin-pismanlik-basvurusu","status":"publish","type":"post","link":"https:\/\/turkiyemhaber.com\/?p=4071","title":{"rendered":"Ahbap Soru\u015fturmas\u0131nda Dikkat \u00c7eken \u0130fade: Kurucu \u0130sim Alper \u00c7elik&#8217;ten Etkin Pi\u015fmanl\u0131k Ba\u015fvurusu"},"content":{"rendered":"\n<p class=\"wp-block-paragraph\">AHBAP Derne\u011fi&#8217;ne y\u00f6nelik y\u00fcr\u00fct\u00fclen soru\u015fturma kapsam\u0131nda tutuklanan derne\u011fin kurucular\u0131ndan Alper \u00c7elik&#8217;in savc\u0131l\u0131kta verdi\u011fi ifade g\u00fcndeme bomba gibi d\u00fc\u015ft\u00fc. Etkin pi\u015fmanl\u0131k h\u00fck\u00fcmlerinden yararlanmak istedi\u011fini belirten \u00c7elik&#8217;in, Haluk Levent&#8217;in talimatlar\u0131 do\u011frultusunda \u00e7e\u015fitli para transferleri ger\u00e7ekle\u015ftirdi\u011fini \u00f6ne s\u00fcrmesi soru\u015fturman\u0131n seyrini de\u011fi\u015ftirebilecek nitelikte de\u011ferlendiriliyor.<\/p>\n\n\n\n<p class=\"wp-block-paragraph\">Soru\u015fturma dosyas\u0131na giren ifadelere g\u00f6re Alper \u00c7elik, uzun s\u00fcredir Haluk Levent&#8217;in y\u00f6nlendirmesiyle baz\u0131 finansal i\u015flemleri ger\u00e7ekle\u015ftirdi\u011fini, ancak bu i\u015flemlerde kullan\u0131lan paralar\u0131n kayna\u011f\u0131 hakk\u0131nda bilgi sahibi olmad\u0131\u011f\u0131n\u0131 savundu.<\/p>\n\n\n\n<h3 class=\"wp-block-heading\">&#8220;Kapal\u0131\u00e7ar\u015f\u0131&#8217;dan D\u00f6viz Al\u0131yordum&#8221;<\/h3>\n\n\n\n<p class=\"wp-block-paragraph\">Savc\u0131l\u0131k ifadesinde dikkat \u00e7eken iddialarda bulunan \u00c7elik, zaman zaman Kapal\u0131\u00e7ar\u015f\u0131&#8217;daki bir d\u00f6viz b\u00fcrosuna g\u00f6nderildi\u011fini belirterek, burada ald\u0131\u011f\u0131 d\u00f6viz ve T\u00fcrk liras\u0131n\u0131 daha sonra \u00e7e\u015fitli hesaplara yat\u0131rd\u0131\u011f\u0131n\u0131 s\u00f6yledi.<\/p>\n\n\n\n<p class=\"wp-block-paragraph\">\u00c7elik ifadesinde, kendisine yaln\u0131zca belirli isimlerin verildi\u011fini, bu ki\u015filerden teslim ald\u0131\u011f\u0131 paralar\u0131 belirtilen banka hesaplar\u0131na yat\u0131rd\u0131\u011f\u0131n\u0131 veya elden teslim etti\u011fini anlatt\u0131.<\/p>\n\n\n\n<p class=\"wp-block-paragraph\">Savc\u0131l\u0131k tutanaklar\u0131na yans\u0131yan ifadelerde \u00c7elik&#8217;in, &#8220;Paralar\u0131n nereden geldi\u011fini bilmiyorum. Bana s\u00f6ylenen i\u015flemleri yerine getiriyordum&#8221; dedi\u011fi \u00f6\u011frenildi.<\/p>\n\n\n\n<h3 class=\"wp-block-heading\">Bahis ve Borsa \u0130ddias\u0131<\/h3>\n\n\n\n<p class=\"wp-block-paragraph\">\u0130fadesinde en dikkat \u00e7eken b\u00f6l\u00fcmlerden biri ise bahis ve borsa i\u015flemlerine ili\u015fkin oldu.<\/p>\n\n\n\n<p class=\"wp-block-paragraph\">\u00c7elik, Haluk Levent&#8217;in zaman zaman kendisini telefonla arayarak \u00e7e\u015fitli \u00f6demeler yap\u0131lmas\u0131n\u0131 istedi\u011fini \u00f6ne s\u00fcrerken, baz\u0131 transferlerin borsa i\u015flemleri ve bahis \u00f6demeleri i\u00e7in kullan\u0131ld\u0131\u011f\u0131n\u0131 iddia etti.<\/p>\n\n\n\n<p class=\"wp-block-paragraph\">Bu iddialar\u0131n soru\u015fturma kapsam\u0131nda MASAK raporlar\u0131 ve banka hareketleriyle birlikte de\u011ferlendirildi\u011fi \u00f6\u011frenildi.<\/p>\n\n\n\n<h3 class=\"wp-block-heading\">Sat\u0131n Alma Birimini \u0130\u015faret Etti<\/h3>\n\n\n\n<p class=\"wp-block-paragraph\">Alper \u00c7elik, savc\u0131l\u0131k ifadesinde Ahbap Derne\u011fi&#8217;nin sat\u0131n alma biriminde g\u00f6rev yapt\u0131\u011f\u0131n\u0131 s\u00f6yledi\u011fi &#8220;Deniz&#8221; isimli bir ki\u015fiyi de i\u015faret etti.<\/p>\n\n\n\n<p class=\"wp-block-paragraph\">S\u00f6z konusu ki\u015finin sat\u0131n al\u0131nan baz\u0131 \u00fcr\u00fcnlerin depolarda bekledi\u011fini, ihtiya\u00e7 sahiplerine ula\u015ft\u0131r\u0131lmad\u0131\u011f\u0131n\u0131 ve zamanla kullan\u0131lamaz hale geldi\u011fini bildi\u011fini \u00f6ne s\u00fcren \u00c7elik, bu ki\u015finin de soru\u015fturma a\u00e7\u0131s\u0131ndan \u00f6nemli bilgiler verebilece\u011fini savundu.<\/p>\n\n\n\n<h3 class=\"wp-block-heading\">&#8220;Etkin Pi\u015fmanl\u0131ktan Yararlanmak \u0130stiyorum&#8221;<\/h3>\n\n\n\n<p class=\"wp-block-paragraph\">Savc\u0131l\u0131k ifadesi boyunca soru\u015fturmaya yard\u0131mc\u0131 olmak istedi\u011fini belirten \u00c7elik, etkin pi\u015fmanl\u0131k h\u00fck\u00fcmlerinden faydalanma talebinde bulundu.<\/p>\n\n\n\n<p class=\"wp-block-paragraph\">\u0130fadesinin sonunda ise kendisinin de maddi ve manevi zarara u\u011frad\u0131\u011f\u0131n\u0131 \u00f6ne s\u00fcrerek su\u00e7suz oldu\u011funu savundu.<\/p>\n\n\n\n<p class=\"wp-block-paragraph\">Soru\u015fturma kapsam\u0131nda yeni g\u00f6zalt\u0131 ve tutuklama kararlar\u0131n\u0131n g\u00fcndeme gelip gelmeyece\u011fi merak edilirken, Alper \u00c7elik&#8217;in ifadelerinin dosyada nas\u0131l de\u011ferlendirilece\u011fi \u00f6n\u00fcm\u00fczdeki g\u00fcnlerde netlik kazanacak.<\/p>\n\n\n\n<p class=\"wp-block-paragraph\">Haluk Levent, Ahbap Derne\u011fi, Alper \u00c7elik, Etkin Pi\u015fmanl\u0131k, MASAK, Savc\u0131l\u0131k, \u0130stanbul Cumhuriyet Ba\u015fsavc\u0131l\u0131\u011f\u0131, Para Transferi, D\u00f6viz, Kapal\u0131\u00e7ar\u015f\u0131, Borsa, Bahis, Banka Hesaplar\u0131, Soru\u015fturma, G\u00f6zalt\u0131, Tutuklama, G\u00fcndem, T\u00fcrkiye, G\u00fcncel Haberler<\/p>\n","protected":false},"excerpt":{"rendered":"<p>AHBAP Derne\u011fi&#8217;ne y\u00f6nelik y\u00fcr\u00fct\u00fclen soru\u015fturma kapsam\u0131nda tutuklanan derne\u011fin kurucular\u0131ndan Alper \u00c7elik&#8217;in savc\u0131l\u0131kta verdi\u011fi ifade g\u00fcndeme<\/p>\n","protected":false},"author":1,"featured_media":4072,"comment_status":"open","ping_status":"open","sticky":false,"template":"","format":"standard","meta":{"_rtcl_gb_attr":"","footnotes":""},"categories":[1],"tags":[],"class_list":["post-4071","post","type-post","status-publish","format-standard","has-post-thumbnail","hentry","category-http-turkiyemhaber-com-wp-content-uploads-2026-03-saray-59-haber-13-mart-pdf"],"_links":{"self":[{"href":"https:\/\/turkiyemhaber.com\/index.php?rest_route=\/wp\/v2\/posts\/4071","targetHints":{"allow":["GET"]}}],"collection":[{"href":"https:\/\/turkiyemhaber.com\/index.php?rest_route=\/wp\/v2\/posts"}],"about":[{"href":"https:\/\/turkiyemhaber.com\/index.php?rest_route=\/wp\/v2\/types\/post"}],"author":[{"embeddable":true,"href":"https:\/\/turkiyemhaber.com\/index.php?rest_route=\/wp\/v2\/users\/1"}],"replies":[{"embeddable":true,"href":"https:\/\/turkiyemhaber.com\/index.php?rest_route=%2Fwp%2Fv2%2Fcomments&post=4071"}],"version-history":[{"count":1,"href":"https:\/\/turkiyemhaber.com\/index.php?rest_route=\/wp\/v2\/posts\/4071\/revisions"}],"predecessor-version":[{"id":4073,"href":"https:\/\/turkiyemhaber.com\/index.php?rest_route=\/wp\/v2\/posts\/4071\/revisions\/4073"}],"wp:featuredmedia":[{"embeddable":true,"href":"https:\/\/turkiyemhaber.com\/index.php?rest_route=\/wp\/v2\/media\/4072"}],"wp:attachment":[{"href":"https:\/\/turkiyemhaber.com\/index.php?rest_route=%2Fwp%2Fv2%2Fmedia&parent=4071"}],"wp:term":[{"taxonomy":"category","embeddable":true,"href":"https:\/\/turkiyemhaber.com\/index.php?rest_route=%2Fwp%2Fv2%2Fcategories&post=4071"},{"taxonomy":"post_tag","embeddable":true,"href":"https:\/\/turkiyemhaber.com\/index.php?rest_route=%2Fwp%2Fv2%2Ftags&post=4071"}],"curies":[{"name":"wp","href":"https:\/\/api.w.org\/{rel}","templated":true}]}}