{"id":4067,"date":"2026-07-18T10:02:28","date_gmt":"2026-07-18T10:02:28","guid":{"rendered":"https:\/\/turkiyemhaber.com\/?p=4067"},"modified":"2026-07-18T10:02:33","modified_gmt":"2026-07-18T10:02:33","slug":"tekel-bayisi-acilisinda-imam-duasi-krizi-muftuluk-sorusturma-baslatti","status":"publish","type":"post","link":"https:\/\/turkiyemhaber.com\/?p=4067","title":{"rendered":"Tekel Bayisi A\u00e7\u0131l\u0131\u015f\u0131nda \u0130mam Duas\u0131 Krizi! M\u00fcft\u00fcl\u00fck Soru\u015fturma Ba\u015flatt\u0131"},"content":{"rendered":"\n<p class=\"wp-block-paragraph\">Tekirda\u011f&#8217;\u0131n \u00c7erkezk\u00f6y il\u00e7esinde ya\u015fanan olay kamuoyunda geni\u015f yank\u0131 uyand\u0131rd\u0131. Yeni a\u00e7\u0131lan bir tekel bayisinin a\u00e7\u0131l\u0131\u015f t\u00f6renine kat\u0131lan cami imam\u0131n\u0131n dua etmesi sosyal medyada b\u00fcy\u00fck tart\u0131\u015fma yaratt\u0131. G\u00f6r\u00fcnt\u00fclerin k\u0131sa s\u00fcrede yay\u0131lmas\u0131 \u00fczerine olayla ilgili Tekirda\u011f \u0130l M\u00fcft\u00fcl\u00fc\u011f\u00fc taraf\u0131ndan idari soru\u015fturma ba\u015flat\u0131ld\u0131.<\/p>\n\n\n\n<p class=\"wp-block-paragraph\">Olay, \u00c7erkezk\u00f6y&#8217;de faaliyet g\u00f6stermeye ba\u015flayan bir tekel bayisinin a\u00e7\u0131l\u0131\u015f\u0131nda meydana geldi. A\u00e7\u0131l\u0131\u015f t\u00f6renine kat\u0131lan imam\u0131n dua etti\u011fi anlar cep telefonu kameralar\u0131yla kaydedildi. G\u00f6r\u00fcnt\u00fclerin sosyal medya platformlar\u0131nda payla\u015f\u0131lmas\u0131n\u0131n ard\u0131ndan \u00e7ok say\u0131da kullan\u0131c\u0131 duruma tepki g\u00f6sterdi.<\/p>\n\n\n\n<p class=\"wp-block-paragraph\">Tepkilerin b\u00fcy\u00fcmesi \u00fczerine s\u00f6z konusu imam sosyal medya hesab\u0131ndan a\u00e7\u0131klama yapt\u0131. A\u00e7\u0131klamas\u0131nda, cemaatinden baz\u0131 ki\u015filerin kendisini bir i\u015f yeri a\u00e7\u0131l\u0131\u015f\u0131na davet etti\u011fini, a\u00e7\u0131l\u0131\u015f\u0131n tekel bayisine ait oldu\u011funu ise t\u00f6ren alan\u0131na geldi\u011finde fark etti\u011fini \u00f6ne s\u00fcrd\u00fc.<\/p>\n\n\n\n<p class=\"wp-block-paragraph\">\u0130mam a\u00e7\u0131klamas\u0131nda, i\u015f yerinin niteli\u011fini \u00f6\u011frendikten sonra programdan ayr\u0131ld\u0131\u011f\u0131n\u0131 belirtirken, ya\u015fanan olay nedeniyle i\u015fletme sahiplerinin kendisinden \u015fikayet\u00e7i oldu\u011funu da ifade etti.<\/p>\n\n\n\n<p class=\"wp-block-paragraph\">Kamuoyunda olu\u015fan tart\u0131\u015fmalar\u0131n ard\u0131ndan Tekirda\u011f \u0130l M\u00fcft\u00fcl\u00fc\u011f\u00fc konuyla ilgili inceleme ba\u015flatt\u0131. M\u00fcft\u00fcl\u00fck taraf\u0131ndan y\u00fcr\u00fct\u00fclen idari soru\u015fturma kapsam\u0131nda imam\u0131n a\u00e7\u0131l\u0131\u015fa hangi ko\u015fullarda kat\u0131ld\u0131\u011f\u0131, olay\u0131n nas\u0131l ger\u00e7ekle\u015fti\u011fi ve g\u00f6r\u00fcnt\u00fclerde yer alan s\u00fcrecin t\u00fcm y\u00f6nleriyle ara\u015ft\u0131r\u0131laca\u011f\u0131 \u00f6\u011frenildi.<\/p>\n\n\n\n<p class=\"wp-block-paragraph\">Olay sosyal medyada farkl\u0131 g\u00f6r\u00fc\u015fleri de beraberinde getirdi. Baz\u0131 vatanda\u015flar imam\u0131n i\u015f yerinin niteli\u011fini bilmeden a\u00e7\u0131l\u0131\u015fa kat\u0131lm\u0131\u015f olabilece\u011fini savunurken, baz\u0131 kullan\u0131c\u0131lar ise bir din g\u00f6revlisinin b\u00f6yle bir organizasyonda yer almas\u0131n\u0131n kabul edilemez oldu\u011funu dile getirdi.<\/p>\n\n\n\n<figure class=\"wp-block-image size-full\"><img loading=\"lazy\" decoding=\"async\" width=\"640\" height=\"607\" src=\"https:\/\/turkiyemhaber.com\/wp-content\/uploads\/2026\/07\/20260718_1f795a3e8cd94ee6b48f70c3e364079c.webp\" alt=\"\" class=\"wp-image-4069\" srcset=\"https:\/\/turkiyemhaber.com\/wp-content\/uploads\/2026\/07\/20260718_1f795a3e8cd94ee6b48f70c3e364079c.webp 640w, https:\/\/turkiyemhaber.com\/wp-content\/uploads\/2026\/07\/20260718_1f795a3e8cd94ee6b48f70c3e364079c-300x285.webp 300w, https:\/\/turkiyemhaber.com\/wp-content\/uploads\/2026\/07\/20260718_1f795a3e8cd94ee6b48f70c3e364079c-13x12.webp 13w\" sizes=\"auto, (max-width: 640px) 100vw, 640px\" \/><\/figure>\n\n\n\n<p class=\"wp-block-paragraph\">Ba\u015flat\u0131lan soru\u015fturman\u0131n sonucunda m\u00fcft\u00fcl\u00fc\u011f\u00fcn haz\u0131rlayaca\u011f\u0131 rapor do\u011frultusunda gerekli idari i\u015flemlerin de\u011ferlendirilece\u011fi belirtildi.<\/p>\n\n\n\n<p class=\"wp-block-paragraph\">Tekirda\u011f \u00c7erkezk\u00f6y M\u00fcft\u00fcl\u00fck \u0130mam TekelBayisi A\u00e7\u0131l\u0131\u015f Dua Soru\u015fturma DinG\u00f6revlisi SosyalMedya G\u00fcndem T\u00fcrkiye G\u00fcncelHaber \u00c7erkezk\u00f6yHaber Tekirda\u011fHaber Gundem59 TurkiyemHaber Saray59 Gundem44 Gundem34Haber<\/p>\n","protected":false},"excerpt":{"rendered":"<p>Tekirda\u011f&#8217;\u0131n \u00c7erkezk\u00f6y il\u00e7esinde ya\u015fanan olay kamuoyunda geni\u015f yank\u0131 uyand\u0131rd\u0131. Yeni a\u00e7\u0131lan bir tekel bayisinin a\u00e7\u0131l\u0131\u015f<\/p>\n","protected":false},"author":1,"featured_media":4068,"comment_status":"open","ping_status":"open","sticky":false,"template":"","format":"standard","meta":{"_rtcl_gb_attr":"","footnotes":""},"categories":[1],"tags":[],"class_list":["post-4067","post","type-post","status-publish","format-standard","has-post-thumbnail","hentry","category-http-turkiyemhaber-com-wp-content-uploads-2026-03-saray-59-haber-13-mart-pdf"],"_links":{"self":[{"href":"https:\/\/turkiyemhaber.com\/index.php?rest_route=\/wp\/v2\/posts\/4067","targetHints":{"allow":["GET"]}}],"collection":[{"href":"https:\/\/turkiyemhaber.com\/index.php?rest_route=\/wp\/v2\/posts"}],"about":[{"href":"https:\/\/turkiyemhaber.com\/index.php?rest_route=\/wp\/v2\/types\/post"}],"author":[{"embeddable":true,"href":"https:\/\/turkiyemhaber.com\/index.php?rest_route=\/wp\/v2\/users\/1"}],"replies":[{"embeddable":true,"href":"https:\/\/turkiyemhaber.com\/index.php?rest_route=%2Fwp%2Fv2%2Fcomments&post=4067"}],"version-history":[{"count":1,"href":"https:\/\/turkiyemhaber.com\/index.php?rest_route=\/wp\/v2\/posts\/4067\/revisions"}],"predecessor-version":[{"id":4070,"href":"https:\/\/turkiyemhaber.com\/index.php?rest_route=\/wp\/v2\/posts\/4067\/revisions\/4070"}],"wp:featuredmedia":[{"embeddable":true,"href":"https:\/\/turkiyemhaber.com\/index.php?rest_route=\/wp\/v2\/media\/4068"}],"wp:attachment":[{"href":"https:\/\/turkiyemhaber.com\/index.php?rest_route=%2Fwp%2Fv2%2Fmedia&parent=4067"}],"wp:term":[{"taxonomy":"category","embeddable":true,"href":"https:\/\/turkiyemhaber.com\/index.php?rest_route=%2Fwp%2Fv2%2Fcategories&post=4067"},{"taxonomy":"post_tag","embeddable":true,"href":"https:\/\/turkiyemhaber.com\/index.php?rest_route=%2Fwp%2Fv2%2Ftags&post=4067"}],"curies":[{"name":"wp","href":"https:\/\/api.w.org\/{rel}","templated":true}]}}