{"id":4064,"date":"2026-07-18T08:19:51","date_gmt":"2026-07-18T08:19:51","guid":{"rendered":"https:\/\/turkiyemhaber.com\/?p=4064"},"modified":"2026-07-18T08:19:56","modified_gmt":"2026-07-18T08:19:56","slug":"21-yillik-sir-perdesi-aralandi-faili-mechul-cinayetler-tek-tek-cozuldu","status":"publish","type":"post","link":"https:\/\/turkiyemhaber.com\/?p=4064","title":{"rendered":"21 Y\u0131ll\u0131k S\u0131r Perdesi Araland\u0131! Faili Me\u00e7hul Cinayetler Tek Tek \u00c7\u00f6z\u00fcld\u00fc"},"content":{"rendered":"\n<p class=\"wp-block-paragraph\">T\u00fcrkiye&#8217;nin farkl\u0131 \u015fehirlerinde y\u0131llard\u0131r karanl\u0131kta kalan ve kamuoyunun haf\u0131zas\u0131nda derin izler b\u0131rakan 6 faili me\u00e7hul cinayet dosyas\u0131 yeniden a\u00e7\u0131ld\u0131. Adalet Bakan\u0131 Ak\u0131n G\u00fcrlek&#8217;in duyurdu\u011fu geli\u015fmeye g\u00f6re, 2005 ile 2016 y\u0131llar\u0131 aras\u0131nda i\u015flenen cinayetler g\u00fcn\u00fcm\u00fcz teknolojisi, DNA incelemeleri, HTS kay\u0131tlar\u0131, baz analizleri ve yeni tan\u0131k ifadeleri sayesinde ayd\u0131nlat\u0131ld\u0131. Y\u0131llard\u0131r adalet bekleyen aileler i\u00e7in umut olan soru\u015fturmalar sonucunda \u00e7ok say\u0131da \u015f\u00fcpheli yakalanarak tutukland\u0131.<\/p>\n\n\n\n<p class=\"wp-block-paragraph\">Faili Me\u00e7hul Su\u00e7lar\u0131 Ara\u015ft\u0131rma Daire Ba\u015fkanl\u0131\u011f\u0131 koordinasyonunda y\u00fcr\u00fct\u00fclen \u00e7al\u0131\u015fmalar kapsam\u0131nda, ar\u015fivlerde bekleyen dosyalar yeniden incelendi. Teknolojik imkanlar\u0131n geli\u015fmesiyle birlikte daha \u00f6nce ula\u015f\u0131lamayan deliller ortaya \u00e7\u0131kar\u0131ld\u0131 ve cinayetlerin faillerine ula\u015f\u0131ld\u0131.<\/p>\n\n\n\n<h2 class=\"wp-block-heading\">21 Y\u0131l Sonra Gelen Adalet<\/h2>\n\n\n\n<p class=\"wp-block-paragraph\">Bal\u0131kesir&#8217;de 21 y\u0131l \u00f6nce kundaklanan bir evde ya\u015fam\u0131n\u0131 yitiren Esra A\u015f\u0131k&#8217;\u0131n \u00f6l\u00fcm\u00fcyle ilgili dosya yeniden a\u00e7\u0131ld\u0131. Daha \u00f6nce hakk\u0131nda kovu\u015fturmaya yer olmad\u0131\u011f\u0131 karar\u0131 verilen \u015f\u00fcpheli hakk\u0131nda yap\u0131lan yeni incelemeler sonucunda operasyon d\u00fczenlendi ve bir ki\u015fi tutukland\u0131.<\/p>\n\n\n\n<h2 class=\"wp-block-heading\">20 Y\u0131ll\u0131k Cinayette \u0130ki Tutuklama<\/h2>\n\n\n\n<p class=\"wp-block-paragraph\">Denizli&#8217;de i\u015f yerinde 11 b\u0131\u00e7ak darbesiyle \u00f6ld\u00fcr\u00fclen Mehmet Ali T\u00fcrkmen&#8217;in dosyas\u0131 da yeniden de\u011ferlendirildi. Tan\u0131k ifadeleri ile HTS kay\u0131tlar\u0131n\u0131n birlikte incelenmesi sonucu cinayetle ba\u011flant\u0131l\u0131 oldu\u011fu belirlenen iki \u015f\u00fcpheli yakalanarak cezaevine g\u00f6nderildi.<\/p>\n\n\n\n<h2 class=\"wp-block-heading\">Kay\u0131p Kad\u0131n\u0131n Kemikleri Y\u0131llar Sonra Bulundu<\/h2>\n\n\n\n<p class=\"wp-block-paragraph\">Hatay&#8217;da 14 y\u0131l \u00f6nce kaybolan Selbi Uy\u011fur dosyas\u0131nda \u00e7arp\u0131c\u0131 bir geli\u015fme ya\u015fand\u0131. Soru\u015fturma s\u0131ras\u0131nda al\u0131nan itiraflar \u00fczerine yap\u0131lan kaz\u0131 \u00e7al\u0131\u015fmalar\u0131nda insan kemikleri bulundu. Adli T\u0131p Kurumu&#8217;nun DNA incelemeleri sonucunda kemiklerin Selbi Uy\u011fur&#8217;a ait oldu\u011fu tespit edildi. Olayla ilgili adli s\u00fcre\u00e7 ba\u015flat\u0131ld\u0131.<\/p>\n\n\n\n<h2 class=\"wp-block-heading\">DNA Delili 12 Y\u0131l Sonra Konu\u015ftu<\/h2>\n\n\n\n<p class=\"wp-block-paragraph\">\u0130stanbul Bayrampa\u015fa&#8217;da 12 y\u0131l \u00f6nce \u00f6ld\u00fcr\u00fclen G\u00fcltekin Y\u0131ld\u0131r\u0131m&#8217;\u0131n dosyas\u0131nda olay yerinde bulunan biyolojik bulgular yeniden incelendi. Yap\u0131lan kar\u015f\u0131la\u015ft\u0131rmalar sonucu elde edilen DNA profili bir \u015f\u00fcpheliyle e\u015fle\u015fti. Teknik takip ve HTS analizleriyle desteklenen soru\u015fturma sonunda zanl\u0131 tutukland\u0131.<\/p>\n\n\n\n<h2 class=\"wp-block-heading\">Cinayeti \u0130tiraf Etti<\/h2>\n\n\n\n<p class=\"wp-block-paragraph\">\u0130stanbul Fatih&#8217;te 10 y\u0131l \u00f6nce \u00f6ld\u00fcr\u00fclen Yusuf Sayaner dosyas\u0131nda ise yeniden y\u00fcr\u00fct\u00fclen soru\u015fturma s\u0131ras\u0131nda \u00f6nemli bir geli\u015fme ya\u015fand\u0131. \u015e\u00fcpheli su\u00e7unu itiraf etti. Savc\u0131l\u0131k i\u015flemlerinin ard\u0131ndan &#8220;kasten \u00f6ld\u00fcrme&#8221; su\u00e7undan tutuklanarak cezaevine g\u00f6nderildi.<\/p>\n\n\n\n<h2 class=\"wp-block-heading\">19 Y\u0131ll\u0131k Dosyada 4 Tutuklama<\/h2>\n\n\n\n<p class=\"wp-block-paragraph\">Samsun&#8217;da 19 y\u0131l \u00f6nce \u00f6ld\u00fcr\u00fclen Ali Sar\u0131o\u011flu dosyas\u0131nda yap\u0131lan yeni \u00e7al\u0131\u015fmalar, soru\u015fturmay\u0131 y\u0131llarca yanl\u0131\u015f y\u00f6nlendiren ihbar\u0131n kayna\u011f\u0131n\u0131 ortaya \u00e7\u0131kard\u0131. Yeni tan\u0131k ifadeleri ve teknik analizlerle belirlenen 4 \u015f\u00fcpheli d\u00fczenlenen operasyonla yakaland\u0131 ve tutukland\u0131.<\/p>\n\n\n\n<h2 class=\"wp-block-heading\">Bakan G\u00fcrlek: &#8220;Adaletin Haf\u0131zas\u0131 G\u00fc\u00e7l\u00fcd\u00fcr&#8221;<\/h2>\n\n\n\n<p class=\"wp-block-paragraph\">Adalet Bakan\u0131 Ak\u0131n G\u00fcrlek yapt\u0131\u011f\u0131 a\u00e7\u0131klamada, devletin faili me\u00e7hul cinayetlerin pe\u015fini b\u0131rakmayaca\u011f\u0131n\u0131 vurgulayarak \u015fu mesaj\u0131 verdi:<\/p>\n\n\n\n<p class=\"wp-block-paragraph\">&#8220;Adaletin haf\u0131zas\u0131 g\u00fc\u00e7l\u00fcd\u00fcr. Aradan ne kadar zaman ge\u00e7erse ge\u00e7sin hi\u00e7bir dosya unutulmayacak. Hi\u00e7bir fail ge\u00e7en zamana g\u00fcvenerek adaletten ka\u00e7amayacakt\u0131r.&#8221;<\/p>\n\n\n\n<p class=\"wp-block-paragraph\">G\u00fcrlek ayr\u0131ca soru\u015fturmalar\u0131n ayd\u0131nlat\u0131lmas\u0131nda g\u00f6rev alan Cumhuriyet Ba\u015fsavc\u0131l\u0131klar\u0131na, Emniyet ve Jandarma te\u015fkilatlar\u0131na, Adli T\u0131p Kurumu&#8217;na, BTK&#8217;ya ve kriminal laboratuvar ekiplerine te\u015fekk\u00fcr etti.<\/p>\n\n\n\n<p class=\"wp-block-paragraph\">Y\u0131llard\u0131r \u00e7\u00f6z\u00fclemeyen dosyalar\u0131n pe\u015fine d\u00fc\u015fen ekiplerin \u00e7al\u0131\u015fmalar\u0131, T\u00fcrkiye&#8217;de faili me\u00e7hul cinayetlerle m\u00fccadelede yeni bir d\u00f6nemin i\u015fareti olarak de\u011ferlendiriliyor.<\/p>\n\n\n\n<p class=\"wp-block-paragraph\">Ak\u0131n G\u00fcrlek, Adalet Bakanl\u0131\u011f\u0131, Faili Me\u00e7hul, Cinayet, Bal\u0131kesir, Denizli, Hatay, \u0130stanbul, Samsun, Adli T\u0131p, Emniyet, Jandarma, DNA \u0130ncelemesi, HTS Analizi, T\u00fcrkiye, G\u00fcncel, G\u00fcndem, Asayi\u015f, Adalet, Soru\u015fturma, Tutuklama, Su\u00e7, G\u00fcvenlik, Haber, T\u00fcrkiye G\u00fcndemi<\/p>\n","protected":false},"excerpt":{"rendered":"<p>T\u00fcrkiye&#8217;nin farkl\u0131 \u015fehirlerinde y\u0131llard\u0131r karanl\u0131kta kalan ve kamuoyunun haf\u0131zas\u0131nda derin izler b\u0131rakan 6 faili me\u00e7hul<\/p>\n","protected":false},"author":1,"featured_media":4065,"comment_status":"open","ping_status":"open","sticky":false,"template":"","format":"standard","meta":{"_rtcl_gb_attr":"","footnotes":""},"categories":[43],"tags":[],"class_list":["post-4064","post","type-post","status-publish","format-standard","has-post-thumbnail","hentry","category-son-dakika"],"_links":{"self":[{"href":"https:\/\/turkiyemhaber.com\/index.php?rest_route=\/wp\/v2\/posts\/4064","targetHints":{"allow":["GET"]}}],"collection":[{"href":"https:\/\/turkiyemhaber.com\/index.php?rest_route=\/wp\/v2\/posts"}],"about":[{"href":"https:\/\/turkiyemhaber.com\/index.php?rest_route=\/wp\/v2\/types\/post"}],"author":[{"embeddable":true,"href":"https:\/\/turkiyemhaber.com\/index.php?rest_route=\/wp\/v2\/users\/1"}],"replies":[{"embeddable":true,"href":"https:\/\/turkiyemhaber.com\/index.php?rest_route=%2Fwp%2Fv2%2Fcomments&post=4064"}],"version-history":[{"count":1,"href":"https:\/\/turkiyemhaber.com\/index.php?rest_route=\/wp\/v2\/posts\/4064\/revisions"}],"predecessor-version":[{"id":4066,"href":"https:\/\/turkiyemhaber.com\/index.php?rest_route=\/wp\/v2\/posts\/4064\/revisions\/4066"}],"wp:featuredmedia":[{"embeddable":true,"href":"https:\/\/turkiyemhaber.com\/index.php?rest_route=\/wp\/v2\/media\/4065"}],"wp:attachment":[{"href":"https:\/\/turkiyemhaber.com\/index.php?rest_route=%2Fwp%2Fv2%2Fmedia&parent=4064"}],"wp:term":[{"taxonomy":"category","embeddable":true,"href":"https:\/\/turkiyemhaber.com\/index.php?rest_route=%2Fwp%2Fv2%2Fcategories&post=4064"},{"taxonomy":"post_tag","embeddable":true,"href":"https:\/\/turkiyemhaber.com\/index.php?rest_route=%2Fwp%2Fv2%2Ftags&post=4064"}],"curies":[{"name":"wp","href":"https:\/\/api.w.org\/{rel}","templated":true}]}}