{"id":4061,"date":"2026-07-17T18:39:20","date_gmt":"2026-07-17T18:39:20","guid":{"rendered":"https:\/\/turkiyemhaber.com\/?p=4061"},"modified":"2026-07-17T18:39:25","modified_gmt":"2026-07-17T18:39:25","slug":"yuksekten-dustu-dediler-gercek-kanli-keserle-ortaya-cikti","status":"publish","type":"post","link":"https:\/\/turkiyemhaber.com\/?p=4061","title":{"rendered":"&#8220;Y\u00dcKSEKTEN D\u00dc\u015eT\u00dc&#8221; DED\u0130LER, GER\u00c7EK KANLI KESERLE ORTAYA \u00c7IKTI!"},"content":{"rendered":"\n<p class=\"wp-block-paragraph\">Tekirda\u011f&#8217;\u0131n \u00c7orlu il\u00e7esinde ya\u015fanan olay, sa\u011fl\u0131k ekiplerinin dikkati sayesinde ortaya \u00e7\u0131kar\u0131lan korkun\u00e7 bir aile i\u00e7i \u015fiddet vakas\u0131na d\u00f6n\u00fc\u015ft\u00fc. Hastaneye &#8220;y\u00fcksekten d\u00fc\u015ft\u00fc&#8221; denilerek a\u011f\u0131r yaral\u0131 halde getirilen 19 ya\u015f\u0131ndaki gen\u00e7 kad\u0131n\u0131n, e\u015fi taraf\u0131ndan keserle darbedildi\u011fi belirlendi.<\/p>\n\n\n\n<p class=\"wp-block-paragraph\">Olay, \u00c7orlu Devlet Hastanesi&#8217;nde ya\u015fand\u0131. Yak\u0131nlar\u0131 taraf\u0131ndan a\u011f\u0131r yaral\u0131 halde hastaneye getirilen L.A. isimli gen\u00e7 kad\u0131n i\u00e7in sa\u011fl\u0131k g\u00f6revlilerine y\u00fcksekten d\u00fc\u015ft\u00fc\u011f\u00fc bilgisi verildi. \u0130lk ifadelerinde gen\u00e7 kad\u0131n\u0131n da ayn\u0131 y\u00f6nde beyanda bulundu\u011fu \u00f6\u011frenildi.<\/p>\n\n\n\n<p class=\"wp-block-paragraph\">Ancak doktorlar\u0131n yapt\u0131\u011f\u0131 muayenede v\u00fccuttaki yaralar\u0131n d\u00fc\u015fme sonucu olu\u015fmad\u0131\u011f\u0131n\u0131n de\u011ferlendirilmesi \u00fczerine durum polis ekiplerine bildirildi. \u015e\u00fcpheli bulgular \u00fczerine harekete ge\u00e7en \u00c7orlu \u0130l\u00e7e Emniyet M\u00fcd\u00fcrl\u00fc\u011f\u00fc ekipleri, olay\u0131n ya\u015fand\u0131\u011f\u0131 Kemalettin Mahallesi Orkide Sokak&#8217;taki eve operasyon d\u00fczenledi.<\/p>\n\n\n\n<p class=\"wp-block-paragraph\">Evde yap\u0131lan incelemelerde \u00e7e\u015fitli noktalarda kan izlerine rastlayan ekipler, yatak odas\u0131nda ger\u00e7ekle\u015ftirdikleri aramada yata\u011f\u0131n alt\u0131na gizlenmi\u015f kanl\u0131 bir keser buldu. Olay yerindeki deliller ve yap\u0131lan incelemeler sonucunda gen\u00e7 kad\u0131n\u0131n y\u00fcksekten d\u00fc\u015fmedi\u011fi, e\u015fi N.A. taraf\u0131ndan keserli sald\u0131r\u0131ya u\u011frad\u0131\u011f\u0131 ortaya \u00e7\u0131kt\u0131.<\/p>\n\n\n\n<p class=\"wp-block-paragraph\">Sald\u0131r\u0131n\u0131n ard\u0131ndan ka\u00e7an \u015f\u00fcpheliyi yakalamak i\u00e7in \u00e7al\u0131\u015fma ba\u015flatan polis ekipleri, N.A.&#8217;y\u0131 \u015eeyhsinan Mahallesi \u015eehit \u0130rfan Atasayar Sokak&#8217;ta y\u00fcr\u00fcrken yakalayarak g\u00f6zalt\u0131na ald\u0131.<\/p>\n\n\n\n<p class=\"wp-block-paragraph\">Emniyetteki i\u015flemlerinin ard\u0131ndan adliyeye sevk edilen \u015f\u00fcpheli, \u00e7\u0131kar\u0131ld\u0131\u011f\u0131 mahkemece tutuklanarak cezaevine g\u00f6nderildi.<\/p>\n\n\n\n<p class=\"wp-block-paragraph\">A\u011f\u0131r yaralanan 19 ya\u015f\u0131ndaki L.A.&#8217;n\u0131n hastanedeki tedavisinin s\u00fcrd\u00fc\u011f\u00fc \u00f6\u011frenilirken, olay \u00c7orlu&#8217;da b\u00fcy\u00fck tepkiye neden oldu.<\/p>\n\n\n\n<p class=\"wp-block-paragraph\">Tekirda\u011f, \u00c7orlu, Aile \u0130\u00e7i \u015eiddet, Kad\u0131na \u015eiddet, Polis, Adliye, G\u00fcvenlik, Asayi\u015f, G\u00fcncel, T\u00fcrkiye<\/p>\n\n\n\n<p class=\"wp-block-paragraph\">#SonDakika #Tekirda\u011f #\u00c7orlu #Kad\u0131na\u015eiddet #Aile\u0130\u00e7i\u015eiddet #Asayi\u015f #Polis #Adliye #G\u00fcvenlik #T\u00fcrkiyeG\u00fcndemi #Gundem59 #TurkiyemHaber #Gundem44 #Gundem34Haber #Saray59 #TurkiyemHaberTV #TurkiyemRadyo<\/p>\n","protected":false},"excerpt":{"rendered":"<p>Tekirda\u011f&#8217;\u0131n \u00c7orlu il\u00e7esinde ya\u015fanan olay, sa\u011fl\u0131k ekiplerinin dikkati sayesinde ortaya \u00e7\u0131kar\u0131lan korkun\u00e7 bir aile i\u00e7i<\/p>\n","protected":false},"author":1,"featured_media":4062,"comment_status":"open","ping_status":"open","sticky":false,"template":"","format":"standard","meta":{"_rtcl_gb_attr":"","footnotes":""},"categories":[1],"tags":[],"class_list":["post-4061","post","type-post","status-publish","format-standard","has-post-thumbnail","hentry","category-http-turkiyemhaber-com-wp-content-uploads-2026-03-saray-59-haber-13-mart-pdf"],"_links":{"self":[{"href":"https:\/\/turkiyemhaber.com\/index.php?rest_route=\/wp\/v2\/posts\/4061","targetHints":{"allow":["GET"]}}],"collection":[{"href":"https:\/\/turkiyemhaber.com\/index.php?rest_route=\/wp\/v2\/posts"}],"about":[{"href":"https:\/\/turkiyemhaber.com\/index.php?rest_route=\/wp\/v2\/types\/post"}],"author":[{"embeddable":true,"href":"https:\/\/turkiyemhaber.com\/index.php?rest_route=\/wp\/v2\/users\/1"}],"replies":[{"embeddable":true,"href":"https:\/\/turkiyemhaber.com\/index.php?rest_route=%2Fwp%2Fv2%2Fcomments&post=4061"}],"version-history":[{"count":1,"href":"https:\/\/turkiyemhaber.com\/index.php?rest_route=\/wp\/v2\/posts\/4061\/revisions"}],"predecessor-version":[{"id":4063,"href":"https:\/\/turkiyemhaber.com\/index.php?rest_route=\/wp\/v2\/posts\/4061\/revisions\/4063"}],"wp:featuredmedia":[{"embeddable":true,"href":"https:\/\/turkiyemhaber.com\/index.php?rest_route=\/wp\/v2\/media\/4062"}],"wp:attachment":[{"href":"https:\/\/turkiyemhaber.com\/index.php?rest_route=%2Fwp%2Fv2%2Fmedia&parent=4061"}],"wp:term":[{"taxonomy":"category","embeddable":true,"href":"https:\/\/turkiyemhaber.com\/index.php?rest_route=%2Fwp%2Fv2%2Fcategories&post=4061"},{"taxonomy":"post_tag","embeddable":true,"href":"https:\/\/turkiyemhaber.com\/index.php?rest_route=%2Fwp%2Fv2%2Ftags&post=4061"}],"curies":[{"name":"wp","href":"https:\/\/api.w.org\/{rel}","templated":true}]}}