{"id":4058,"date":"2026-07-17T18:37:16","date_gmt":"2026-07-17T18:37:16","guid":{"rendered":"https:\/\/turkiyemhaber.com\/?p=4058"},"modified":"2026-07-17T18:37:21","modified_gmt":"2026-07-17T18:37:21","slug":"chp-tekirdagda-yeni-donem-erdogan-kaplan-gorevi-devraldi-salondaki-detay-dikkat-cekti","status":"publish","type":"post","link":"https:\/\/turkiyemhaber.com\/?p=4058","title":{"rendered":"CHP TEK\u0130RDA\u011e&#8217;DA YEN\u0130 D\u00d6NEM! ERDO\u011eAN KAPLAN G\u00d6REV\u0130 DEVRALDI, SALONDAK\u0130 DETAY D\u0130KKAT \u00c7EKT\u0130"},"content":{"rendered":"\n<p class=\"wp-block-paragraph\">Cumhuriyet Halk Partisi Genel Merkezi taraf\u0131ndan Tekirda\u011f \u0130l Ba\u015fkanl\u0131\u011f\u0131 g\u00f6revine atanan Erdo\u011fan Kaplan, d\u00fczenlenen devir teslim t\u00f6reniyle g\u00f6revine ba\u015flad\u0131. \u0130l ba\u015fkanl\u0131\u011f\u0131nda ger\u00e7ekle\u015ftirilen toplant\u0131da verilen mesajlar kadar, salona as\u0131lan Kemal K\u0131l\u0131\u00e7daro\u011flu foto\u011fraf\u0131 da dikkat \u00e7ekti.<\/p>\n\n\n\n<p class=\"wp-block-paragraph\">G\u00f6revi devralmas\u0131n\u0131n ard\u0131ndan a\u00e7\u0131klamalarda bulunan Erdo\u011fan Kaplan, parti i\u00e7inde birlik ve beraberlik vurgusu yapt\u0131. CHP&#8217;nin ge\u00e7mi\u015ften bug\u00fcne b\u00fcy\u00fck m\u00fccadeleler verdi\u011fini belirten Kaplan, partiye olan ba\u011fl\u0131l\u0131\u011f\u0131n\u0131 \u015fu s\u00f6zlerle ifade etti:<\/p>\n\n\n\n<p class=\"wp-block-paragraph\">\u201cBizim kendi i\u00e7imizde birbirimizi yormaya, birbirimize hakaret etmeye hakk\u0131m\u0131z yok. Kuru laflarla Atat\u00fcrk\u00e7\u00fcl\u00fck olmaz. Biz bedel \u00f6dedik, halen de \u00f6demeye devam ediyoruz. Bu parti beni 15 y\u0131l belediye ba\u015fkan\u0131 yapt\u0131, milletvekili yapt\u0131. Bana g\u00f6rev tebli\u011f edildi\u011fi zaman benim Cumhuriyet Halk Partisi\u2019ne namus ve \u015feref borcum var.\u201d<\/p>\n\n\n\n<p class=\"wp-block-paragraph\">Toplant\u0131da konu\u015fan Marmaraere\u011flisi Belediye Ba\u015fkan\u0131 Mustafa Onur Bozkurter de parti i\u00e7indeki tart\u0131\u015fmalara g\u00f6nderme yaparak dikkat \u00e7eken a\u00e7\u0131klamalarda bulundu. CHP&#8217;nin tek bir genel ba\u015fkan\u0131 oldu\u011funu ifade eden Bozkurter, \u201cCumhuriyet Halk Partisi&#8217;nin genel ba\u015fkan\u0131 Kemal K\u0131l\u0131\u00e7daro\u011flu&#8217;dur. Bir partinin i\u00e7inde iki tane parti olmaz. CHP kimsenin \u015firketi de\u011fildir, kimsenin tapulu mal\u0131 da de\u011fildir\u201d dedi.<\/p>\n\n\n\n<p class=\"wp-block-paragraph\">\u00d6te yandan bas\u0131n toplant\u0131s\u0131n\u0131n yap\u0131ld\u0131\u011f\u0131 salonda Kemal K\u0131l\u0131\u00e7daro\u011flu&#8217;nun foto\u011fraf\u0131n\u0131n yer almas\u0131 da siyasi kulislerde farkl\u0131 yorumlara neden oldu. CHP&#8217;de ya\u015fanan son geli\u015fmelerin ard\u0131ndan verilen mesajlar\u0131n ve kullan\u0131lan sembollerin \u00f6n\u00fcm\u00fczdeki s\u00fcre\u00e7te parti te\u015fkilatlar\u0131nda nas\u0131l bir kar\u015f\u0131l\u0131k bulaca\u011f\u0131 merak konusu oldu.<\/p>\n\n\n\n<p class=\"wp-block-paragraph\">Erdo\u011fan Kaplan&#8217;\u0131n il ba\u015fkanl\u0131\u011f\u0131 g\u00f6revine ba\u015flamas\u0131yla birlikte CHP Tekirda\u011f te\u015fkilat\u0131nda yeni d\u00f6nemin resmen ba\u015flad\u0131\u011f\u0131 de\u011ferlendirilirken, Kaplan&#8217;\u0131n \u00f6n\u00fcm\u00fczdeki g\u00fcnlerde il\u00e7e \u00f6rg\u00fctleriyle bir araya gelerek yol haritas\u0131n\u0131 a\u00e7\u0131klamas\u0131 bekleniyor.<\/p>\n\n\n\n<p class=\"wp-block-paragraph\">Cumhuriyet Halk Partisi, Erdo\u011fan Kaplan, Kemal K\u0131l\u0131\u00e7daro\u011flu, Mustafa Onur Bozkurter, Tekirda\u011f, CHP Tekirda\u011f \u0130l Ba\u015fkanl\u0131\u011f\u0131, Politika, Yerel Siyaset, G\u00fcncel<\/p>\n\n\n\n<p class=\"wp-block-paragraph\">#SonDakika #CHP #Tekirda\u011f #Erdo\u011fanKaplan #KemalK\u0131l\u0131\u00e7daro\u011flu #MustafaOnurBozkurter #Siyaset #CHPTekirda\u011f #YerelSiyaset #G\u00fcndem #Tekirda\u011fHaber #Gundem59 #TurkiyemHaber #Gundem44 #Gundem34Haber #Saray59 #TurkiyemHaberTV #TurkiyemRadyo<\/p>\n","protected":false},"excerpt":{"rendered":"<p>Cumhuriyet Halk Partisi Genel Merkezi taraf\u0131ndan Tekirda\u011f \u0130l Ba\u015fkanl\u0131\u011f\u0131 g\u00f6revine atanan Erdo\u011fan Kaplan, d\u00fczenlenen devir<\/p>\n","protected":false},"author":1,"featured_media":4059,"comment_status":"open","ping_status":"open","sticky":false,"template":"","format":"standard","meta":{"_rtcl_gb_attr":"","footnotes":""},"categories":[44],"tags":[],"class_list":["post-4058","post","type-post","status-publish","format-standard","has-post-thumbnail","hentry","category-politika"],"_links":{"self":[{"href":"https:\/\/turkiyemhaber.com\/index.php?rest_route=\/wp\/v2\/posts\/4058","targetHints":{"allow":["GET"]}}],"collection":[{"href":"https:\/\/turkiyemhaber.com\/index.php?rest_route=\/wp\/v2\/posts"}],"about":[{"href":"https:\/\/turkiyemhaber.com\/index.php?rest_route=\/wp\/v2\/types\/post"}],"author":[{"embeddable":true,"href":"https:\/\/turkiyemhaber.com\/index.php?rest_route=\/wp\/v2\/users\/1"}],"replies":[{"embeddable":true,"href":"https:\/\/turkiyemhaber.com\/index.php?rest_route=%2Fwp%2Fv2%2Fcomments&post=4058"}],"version-history":[{"count":1,"href":"https:\/\/turkiyemhaber.com\/index.php?rest_route=\/wp\/v2\/posts\/4058\/revisions"}],"predecessor-version":[{"id":4060,"href":"https:\/\/turkiyemhaber.com\/index.php?rest_route=\/wp\/v2\/posts\/4058\/revisions\/4060"}],"wp:featuredmedia":[{"embeddable":true,"href":"https:\/\/turkiyemhaber.com\/index.php?rest_route=\/wp\/v2\/media\/4059"}],"wp:attachment":[{"href":"https:\/\/turkiyemhaber.com\/index.php?rest_route=%2Fwp%2Fv2%2Fmedia&parent=4058"}],"wp:term":[{"taxonomy":"category","embeddable":true,"href":"https:\/\/turkiyemhaber.com\/index.php?rest_route=%2Fwp%2Fv2%2Fcategories&post=4058"},{"taxonomy":"post_tag","embeddable":true,"href":"https:\/\/turkiyemhaber.com\/index.php?rest_route=%2Fwp%2Fv2%2Ftags&post=4058"}],"curies":[{"name":"wp","href":"https:\/\/api.w.org\/{rel}","templated":true}]}}