{"id":4055,"date":"2026-07-17T18:33:21","date_gmt":"2026-07-17T18:33:21","guid":{"rendered":"https:\/\/turkiyemhaber.com\/?p=4055"},"modified":"2026-07-17T18:33:27","modified_gmt":"2026-07-17T18:33:27","slug":"4-gunluk-bekleyis-sona-erdi-tekirdag-aciklarinda-karaya-oturan-dev-gemi-kurtarildi","status":"publish","type":"post","link":"https:\/\/turkiyemhaber.com\/?p=4055","title":{"rendered":"4 G\u00dcNL\u00dcK BEKLEY\u0130\u015e SONA ERD\u0130! TEK\u0130RDA\u011e A\u00c7IKLARINDA KARAYA OTURAN DEV GEM\u0130 KURTARILDI"},"content":{"rendered":"\n<p class=\"wp-block-paragraph\">Tekirda\u011f a\u00e7\u0131klar\u0131nda g\u00fcnlerdir karaya oturmu\u015f halde bulunan \u00e7eltik y\u00fckl\u00fc kuru y\u00fck gemisi, K\u0131y\u0131 Emniyeti Genel M\u00fcd\u00fcrl\u00fc\u011f\u00fc ekiplerinin yo\u011fun \u00e7al\u0131\u015fmas\u0131 sonucu yeniden y\u00fczd\u00fcr\u00fclerek kurtar\u0131ld\u0131.<\/p>\n\n\n\n<p class=\"wp-block-paragraph\">S\u00fcleymanpa\u015fa il\u00e7esi a\u00e7\u0131klar\u0131nda karaya oturan Sao Tome ve Principe band\u0131ral\u0131 &#8220;REGALO&#8221; isimli kuru y\u00fck gemisinin kurtar\u0131lmas\u0131 i\u00e7in b\u00f6lgede kapsaml\u0131 operasyon ger\u00e7ekle\u015ftirildi. K\u0131y\u0131 Emniyeti Genel M\u00fcd\u00fcrl\u00fc\u011f\u00fc&#8217;ne ba\u011fl\u0131 Kurtarma-10 ve Kurtarma-14 r\u00f6mork\u00f6rleri olay yerine sevk edilerek \u00e7al\u0131\u015fma ba\u015flat\u0131ld\u0131.<\/p>\n\n\n\n<p class=\"wp-block-paragraph\">Yakla\u015f\u0131k \u00fc\u00e7 saat s\u00fcren operasyonun ard\u0131ndan dev y\u00fck gemisi bulundu\u011fu noktadan \u00e7\u0131kar\u0131larak yeniden y\u00fczd\u00fcr\u00fcld\u00fc. Kurtarma \u00e7al\u0131\u015fmalar\u0131 boyunca ekipler denizde b\u00fcy\u00fck titizlikle g\u00f6rev yaparken, operasyon ba\u015far\u0131yla tamamland\u0131.<\/p>\n\n\n\n<p class=\"wp-block-paragraph\">27 bin 500 ton \u00e7eltik ta\u015f\u0131yan, 169 metre uzunlu\u011funda ve 27 metre geni\u015fli\u011findeki REGALO isimli y\u00fck gemisi, d\u00f6rt g\u00fcn \u00f6nce Ceyport Liman\u0131 \u00f6nlerinde karaya oturmu\u015ftu. Olay\u0131n ard\u0131ndan b\u00f6lgeye sevk edilen Sahil G\u00fcvenlik ekipleri gemide incelemelerde bulunmu\u015f, \u00e7evresel risklere kar\u015f\u0131 gerekli tedbirler al\u0131nm\u0131\u015ft\u0131.<\/p>\n\n\n\n<p class=\"wp-block-paragraph\">Ba\u015far\u0131yla sonu\u00e7lanan operasyonun ard\u0131ndan geminin g\u00fcvenli b\u00f6lgeye \u00e7ekilerek teknik kontrollerinin yap\u0131laca\u011f\u0131 \u00f6\u011frenildi.<\/p>\n\n\n\n<p class=\"wp-block-paragraph\">Tekirda\u011f, S\u00fcleymanpa\u015fa, REGALO, K\u0131y\u0131 Emniyeti, Denizcilik, Ceyport Liman\u0131, Sahil G\u00fcvenlik, \u00c7eltik Y\u00fckl\u00fc Gemi, Ula\u015f\u0131m, Ekonomi, G\u00fcncel<\/p>\n\n\n\n<p class=\"wp-block-paragraph\">#SonDakika #Tekirda\u011f #S\u00fcleymanpa\u015fa #REGALO #K\u0131y\u0131Emniyeti #Denizcilik #Gemi #KurtarmaOperasyonu #Ceyport #SahilG\u00fcvenlik #\u00c7eltik #Ekonomi #T\u00fcrkiyeG\u00fcndemi #Gundem59 #TurkiyemHaber #Gundem44 #Gundem34Haber #Saray59 #TurkiyemHaberTV #TurkiyemRadyo<\/p>\n","protected":false},"excerpt":{"rendered":"<p>Tekirda\u011f a\u00e7\u0131klar\u0131nda g\u00fcnlerdir karaya oturmu\u015f halde bulunan \u00e7eltik y\u00fckl\u00fc kuru y\u00fck gemisi, K\u0131y\u0131 Emniyeti Genel<\/p>\n","protected":false},"author":1,"featured_media":4056,"comment_status":"open","ping_status":"open","sticky":false,"template":"","format":"standard","meta":{"_rtcl_gb_attr":"","footnotes":""},"categories":[1],"tags":[],"class_list":["post-4055","post","type-post","status-publish","format-standard","has-post-thumbnail","hentry","category-http-turkiyemhaber-com-wp-content-uploads-2026-03-saray-59-haber-13-mart-pdf"],"_links":{"self":[{"href":"https:\/\/turkiyemhaber.com\/index.php?rest_route=\/wp\/v2\/posts\/4055","targetHints":{"allow":["GET"]}}],"collection":[{"href":"https:\/\/turkiyemhaber.com\/index.php?rest_route=\/wp\/v2\/posts"}],"about":[{"href":"https:\/\/turkiyemhaber.com\/index.php?rest_route=\/wp\/v2\/types\/post"}],"author":[{"embeddable":true,"href":"https:\/\/turkiyemhaber.com\/index.php?rest_route=\/wp\/v2\/users\/1"}],"replies":[{"embeddable":true,"href":"https:\/\/turkiyemhaber.com\/index.php?rest_route=%2Fwp%2Fv2%2Fcomments&post=4055"}],"version-history":[{"count":1,"href":"https:\/\/turkiyemhaber.com\/index.php?rest_route=\/wp\/v2\/posts\/4055\/revisions"}],"predecessor-version":[{"id":4057,"href":"https:\/\/turkiyemhaber.com\/index.php?rest_route=\/wp\/v2\/posts\/4055\/revisions\/4057"}],"wp:featuredmedia":[{"embeddable":true,"href":"https:\/\/turkiyemhaber.com\/index.php?rest_route=\/wp\/v2\/media\/4056"}],"wp:attachment":[{"href":"https:\/\/turkiyemhaber.com\/index.php?rest_route=%2Fwp%2Fv2%2Fmedia&parent=4055"}],"wp:term":[{"taxonomy":"category","embeddable":true,"href":"https:\/\/turkiyemhaber.com\/index.php?rest_route=%2Fwp%2Fv2%2Fcategories&post=4055"},{"taxonomy":"post_tag","embeddable":true,"href":"https:\/\/turkiyemhaber.com\/index.php?rest_route=%2Fwp%2Fv2%2Ftags&post=4055"}],"curies":[{"name":"wp","href":"https:\/\/api.w.org\/{rel}","templated":true}]}}