{"id":4045,"date":"2026-07-17T01:41:35","date_gmt":"2026-07-17T01:41:35","guid":{"rendered":"https:\/\/turkiyemhaber.com\/?p=4045"},"modified":"2026-07-17T01:43:16","modified_gmt":"2026-07-17T01:43:16","slug":"saray-halki-soruyor-36-vaatten-kaci-hayata-gecti","status":"publish","type":"post","link":"https:\/\/turkiyemhaber.com\/?p=4045","title":{"rendered":"SARAY HALKI SORUYOR: 36 VAATTEN KA\u00c7I HAYATA GE\u00c7T\u0130?"},"content":{"rendered":"\n<p class=\"wp-block-paragraph\">31 Mart yerel se\u00e7imleri \u00f6ncesinde Saray Belediye Ba\u015fkan\u0131 Abd\u00fcl Ta\u015fyasan taraf\u0131ndan kamuoyuna a\u00e7\u0131klanan projeler yeniden g\u00fcndeme geldi. Aradan ge\u00e7en s\u00fcrede vatanda\u015flar, se\u00e7im d\u00f6neminde verilen s\u00f6zlerin ne kadar\u0131n\u0131n hayata ge\u00e7irildi\u011fini sorgulamaya ba\u015flad\u0131.<\/p>\n\n\n\n<p class=\"wp-block-paragraph\">\u0130l\u00e7e genelinde vatanda\u015flar\u0131n en \u00e7ok konu\u015ftu\u011fu konular\u0131n ba\u015f\u0131nda se\u00e7im beyannamesinde yer alan projelerin ak\u0131beti geliyor. \u00d6zellikle altyap\u0131, ula\u015f\u0131m, sosyal ya\u015fam, gen\u00e7lik, spor ve k\u00fclt\u00fcrel yat\u0131r\u0131mlarla ilgili verilen s\u00f6zlerin hangi a\u015famada oldu\u011fu merak edilirken, kamuoyunda &#8220;36 projeden ka\u00e7\u0131 tamamland\u0131?&#8221; sorusu y\u00fcksek sesle sorulmaya ba\u015fland\u0131.<\/p>\n\n\n\n<p class=\"wp-block-paragraph\">Se\u00e7im d\u00f6neminde a\u00e7\u0131klanan projeler aras\u0131nda \u015fu ba\u015fl\u0131klar yer al\u0131yordu:<\/p>\n\n\n\n<p class=\"wp-block-paragraph\">\u2713 Kapal\u0131 Pazar Alan\u0131<br>\u2713 Ya\u011fmurlama ve So\u011futmal\u0131 Pazar Alan\u0131<br>\u2713 Saat Kulesi<br>\u2713 Kuru Havuz<br>\u2713 Eski Pazar Alan\u0131 D\u00fczenlemesi<br>\u2713 \u00c7ukuryurt Kav\u015fa\u011f\u0131<br>\u2713 Sinyalizasyon ve Yol Ayd\u0131nlatmalar\u0131<br>\u2713 Modern Ayd\u0131nlatmalar<br>\u2713 Karanl\u0131k Sokaklar\u0131n Ayd\u0131nlat\u0131lmas\u0131<br>\u2713 Hasan Eren Park\u0131 D\u00fc\u011f\u00fcn Salonu<br>\u2713 B\u00fcy\u00fck D\u00fc\u011f\u00fcn Salonu<br>\u2713 Necip Dedeo\u011flu Park\u0131 D\u00fc\u011f\u00fcn Salonu<br>\u2713 Mahalle D\u00fc\u011f\u00fcn Salonlar\u0131<br>\u2713 Yenik\u00f6y D\u00fc\u011f\u00fcn Salonu<br>\u2713 Kre\u015f<br>\u2713 B\u00fcy\u00fckk\u00f6y Kre\u015fi<br>\u2713 Amfi Tiyatro<br>\u2713 B\u00fcy\u00fck Park ve Kafe Projesi<br>\u2713 Parklar\u0131n G\u00fcvenlik Kameralar\u0131<br>\u2713 Mahalle Muhtarl\u0131k Binalar\u0131<br>\u2713 Modern WC Projesi<br>\u2713 Spor Parklar\u0131<br>\u2713 Mama \u00dcretim Merkezi<br>\u2713 Saray Kart<br>\u2713 K\u00fclt\u00fcr ve Spor Organizasyonlar\u0131 Merkezi<br>\u2713 Merkez ve K\u00f6ylere Hizmet Hatt\u0131<br>\u2713 K\u00fclt\u00fcr Gezileri<br>\u2713 \u00c7anakkale \u015eehitli\u011fi Gezileri<br>\u2713 K\u00fct\u00fcphane<br>\u2713 Akademi Saray<br>\u2713 4 Mevsim Spor Okulu<br>\u2713 Gen\u00e7lik Festivali<br>\u2713 Sanat Topluluklar\u0131 Projesi<br>\u2713 Tar\u0131m Fuar\u0131<br>\u2713 Otogar Projesi<br>\u2713 Meydan ve Otopark Projesi<br>\u2713 Karavan Park<br>\u2713 Taziye Evi<br>\u2713 Wi-Fi Hizmeti<\/p>\n\n\n\n<p class=\"wp-block-paragraph\">Vatanda\u015flar, se\u00e7im beyannamesinde yer alan bu projelerin hangi a\u015famada oldu\u011funa ili\u015fkin belediyeden kapsaml\u0131 bir a\u00e7\u0131klama bekliyor.<\/p>\n\n\n\n<p class=\"wp-block-paragraph\">\u0130l\u00e7ede son d\u00f6nemde yap\u0131lan etkinlikler, ziyaretler, organizasyonlar ve sosyal programlar dikkat \u00e7ekerken, baz\u0131 vatanda\u015flar ise belediyecilik hizmetlerinin se\u00e7im d\u00f6neminde a\u00e7\u0131klanan projeler \u00fczerinden de\u011ferlendirilmesi gerekti\u011fini ifade ediyor.<\/p>\n\n\n\n<p class=\"wp-block-paragraph\">Kamuoyunda s\u0131k\u00e7a dile getirilen ortak talep ise \u015fu:<\/p>\n\n\n\n<p class=\"wp-block-paragraph\"><strong>&#8220;Se\u00e7im d\u00f6neminde a\u00e7\u0131klanan projelerin ka\u00e7\u0131 tamamland\u0131, ka\u00e7\u0131 devam ediyor, ka\u00e7\u0131 hen\u00fcz ba\u015flamad\u0131? Saray Belediyesi bu konuda kamuoyuna ayr\u0131nt\u0131l\u0131 bir faaliyet raporu a\u00e7\u0131klayacak m\u0131?&#8221;<\/strong><\/p>\n\n\n\n<p class=\"wp-block-paragraph\">Yerel y\u00f6netimlerde \u015feffafl\u0131k ve hesap verebilirli\u011fin \u00f6nemine dikkat \u00e7eken vatanda\u015flar, se\u00e7im beyannamesinde yer alan projelerle ilgili resmi ve detayl\u0131 bir bilgilendirme bekliyor.<\/p>\n\n\n\n<p class=\"wp-block-paragraph\">Saray, Tekirda\u011f, Abd\u00fcl Ta\u015fyasan, Saray Belediyesi, Yerel Y\u00f6netimler, Belediye Hizmetleri, Se\u00e7im Vaatleri, Otogar Projesi, Meydan Projesi, Otopark Projesi, Karavan Park, Taziye Evi, WiFi Hizmeti, Trakya, Yerel G\u00fcndem<\/p>\n\n\n\n<p class=\"wp-block-paragraph\">#Saray #Tekirda\u011f #SarayBelediyesi #Abd\u00fclTa\u015fyasan #Se\u00e7imVaatleri #YerelY\u00f6netim #G\u00fcndem59 #Trakya #SarayHaber #Tekirda\u011fHaber #YerelHaber #Belediyecilik #Kamuoyu #Vatanda\u015fSoruyor #\u015eeffafBelediyecilik<\/p>\n","protected":false},"excerpt":{"rendered":"<p>31 Mart yerel se\u00e7imleri \u00f6ncesinde Saray Belediye Ba\u015fkan\u0131 Abd\u00fcl Ta\u015fyasan taraf\u0131ndan kamuoyuna a\u00e7\u0131klanan projeler yeniden<\/p>\n","protected":false},"author":1,"featured_media":4046,"comment_status":"open","ping_status":"open","sticky":false,"template":"","format":"standard","meta":{"_rtcl_gb_attr":"","footnotes":""},"categories":[74],"tags":[],"class_list":["post-4045","post","type-post","status-publish","format-standard","has-post-thumbnail","hentry","category-yerel-haberler"],"_links":{"self":[{"href":"https:\/\/turkiyemhaber.com\/index.php?rest_route=\/wp\/v2\/posts\/4045","targetHints":{"allow":["GET"]}}],"collection":[{"href":"https:\/\/turkiyemhaber.com\/index.php?rest_route=\/wp\/v2\/posts"}],"about":[{"href":"https:\/\/turkiyemhaber.com\/index.php?rest_route=\/wp\/v2\/types\/post"}],"author":[{"embeddable":true,"href":"https:\/\/turkiyemhaber.com\/index.php?rest_route=\/wp\/v2\/users\/1"}],"replies":[{"embeddable":true,"href":"https:\/\/turkiyemhaber.com\/index.php?rest_route=%2Fwp%2Fv2%2Fcomments&post=4045"}],"version-history":[{"count":1,"href":"https:\/\/turkiyemhaber.com\/index.php?rest_route=\/wp\/v2\/posts\/4045\/revisions"}],"predecessor-version":[{"id":4047,"href":"https:\/\/turkiyemhaber.com\/index.php?rest_route=\/wp\/v2\/posts\/4045\/revisions\/4047"}],"wp:featuredmedia":[{"embeddable":true,"href":"https:\/\/turkiyemhaber.com\/index.php?rest_route=\/wp\/v2\/media\/4046"}],"wp:attachment":[{"href":"https:\/\/turkiyemhaber.com\/index.php?rest_route=%2Fwp%2Fv2%2Fmedia&parent=4045"}],"wp:term":[{"taxonomy":"category","embeddable":true,"href":"https:\/\/turkiyemhaber.com\/index.php?rest_route=%2Fwp%2Fv2%2Fcategories&post=4045"},{"taxonomy":"post_tag","embeddable":true,"href":"https:\/\/turkiyemhaber.com\/index.php?rest_route=%2Fwp%2Fv2%2Ftags&post=4045"}],"curies":[{"name":"wp","href":"https:\/\/api.w.org\/{rel}","templated":true}]}}