{"id":4042,"date":"2026-07-16T23:00:45","date_gmt":"2026-07-16T23:00:45","guid":{"rendered":"https:\/\/turkiyemhaber.com\/?p=4042"},"modified":"2026-07-16T23:00:50","modified_gmt":"2026-07-16T23:00:50","slug":"sarkoyde-korkutan-yangin-anizlik-alanda-basladi-ormana-sicradi","status":"publish","type":"post","link":"https:\/\/turkiyemhaber.com\/?p=4042","title":{"rendered":"\u015eark\u00f6y&#8217;de Korkutan Yang\u0131n: An\u0131zl\u0131k Alanda Ba\u015flad\u0131, Ormana S\u0131\u00e7rad\u0131"},"content":{"rendered":"\n<p class=\"wp-block-paragraph\"><strong>Tekirda\u011f&#8217;\u0131n \u015eark\u00f6y il\u00e7esinde an\u0131zl\u0131k alanda \u00e7\u0131kan yang\u0131n, r\u00fczgar\u0131n etkisiyle k\u0131sa s\u00fcrede b\u00fcy\u00fcyerek ormanl\u0131k alana s\u0131\u00e7rad\u0131. Havadan ve karadan y\u00fcr\u00fct\u00fclen yo\u011fun m\u00fcdahale sonucu kontrol alt\u0131na al\u0131nan yang\u0131nda yakla\u015f\u0131k 180 dekar alan zarar g\u00f6rd\u00fc.<\/strong><\/p>\n\n\n\n<p class=\"wp-block-paragraph\">Yang\u0131n, \u015eark\u00f6y il\u00e7esine ba\u011fl\u0131 \u0130shakl\u0131 Mahallesi k\u0131rsal\u0131nda meydana geldi. Hen\u00fcz belirlenemeyen bir nedenle an\u0131zl\u0131k alanda ba\u015flayan yang\u0131n, etkili olan r\u00fczgar\u0131n da etkisiyle k\u0131sa s\u00fcrede geni\u015f bir alana yay\u0131ld\u0131. Alevlerin ormanl\u0131k alana ula\u015fmas\u0131 \u00fczerine b\u00f6lgeye \u00e7ok say\u0131da ekip sevk edildi.<\/p>\n\n\n\n<p class=\"wp-block-paragraph\">\u0130hbar\u0131n ard\u0131ndan Tekirda\u011f Orman \u0130\u015fletme M\u00fcd\u00fcrl\u00fc\u011f\u00fc ekipleri ile itfaiye ekipleri b\u00f6lgede geni\u015f \u00e7apl\u0131 s\u00f6nd\u00fcrme \u00e7al\u0131\u015fmas\u0131 ba\u015flatt\u0131. Yang\u0131na havadan ve karadan m\u00fcdahale edilirken, ekiplerin zamana kar\u015f\u0131 verdi\u011fi m\u00fccadele dikkat \u00e7ekti.<\/p>\n\n\n\n<h2 class=\"wp-block-heading\">Havadan ve Karadan Yo\u011fun M\u00fcdahale<\/h2>\n\n\n\n<p class=\"wp-block-paragraph\">Yang\u0131n\u0131n kontrol alt\u0131na al\u0131nabilmesi i\u00e7in b\u00f6lgeye 2 helikopter, 1 yang\u0131n s\u00f6nd\u00fcrme u\u00e7a\u011f\u0131, 10 araz\u00f6z, 7 itfaiye arac\u0131 ve \u00e7ok say\u0131da i\u015f makinesi sevk edildi. Ekipler, alevlerin daha geni\u015f ormanl\u0131k alanlara ula\u015fmamas\u0131 i\u00e7in yo\u011fun \u00e7aba harcad\u0131.<\/p>\n\n\n\n<p class=\"wp-block-paragraph\">Tekirda\u011f Orman \u0130\u015fletme M\u00fcd\u00fcr\u00fc Nebi Ya\u015far da olay yerine gelerek \u00e7al\u0131\u015fmalar\u0131 yerinde takip etti ve ekiplerden bilgi ald\u0131.<\/p>\n\n\n\n<h2 class=\"wp-block-heading\">Yakla\u015f\u0131k 180 Dekar Alan Zarar G\u00f6rd\u00fc<\/h2>\n\n\n\n<p class=\"wp-block-paragraph\">Saatler s\u00fcren m\u00fcdahalenin ard\u0131ndan yang\u0131n kontrol alt\u0131na al\u0131narak s\u00f6nd\u00fcr\u00fcld\u00fc. \u0130lk belirlemelere g\u00f6re yang\u0131nda yakla\u015f\u0131k 30 dekar ormanl\u0131k alan ile 150 dekar an\u0131zl\u0131k alan zarar g\u00f6rd\u00fc.<\/p>\n\n\n\n<p class=\"wp-block-paragraph\">Yang\u0131n\u0131n tamamen s\u00f6nd\u00fcr\u00fclmesinin ard\u0131ndan b\u00f6lgede so\u011futma \u00e7al\u0131\u015fmalar\u0131na ba\u015flan\u0131rken, ekipler olas\u0131 yeniden alevlenmelere kar\u015f\u0131 tedbirlerini s\u00fcrd\u00fcr\u00fcyor.<\/p>\n\n\n\n<h2 class=\"wp-block-heading\">Yang\u0131n\u0131n Nedeni Ara\u015ft\u0131r\u0131l\u0131yor<\/h2>\n\n\n\n<p class=\"wp-block-paragraph\">Yetkililer, yang\u0131n\u0131n \u00e7\u0131k\u0131\u015f nedeninin belirlenmesi i\u00e7in inceleme ba\u015flat\u0131ld\u0131\u011f\u0131n\u0131 a\u00e7\u0131klad\u0131. B\u00f6lgede yap\u0131lacak teknik \u00e7al\u0131\u015fmalar\u0131n ard\u0131ndan yang\u0131n\u0131n kesin \u00e7\u0131k\u0131\u015f sebebinin netlik kazanaca\u011f\u0131 bildirildi.<\/p>\n\n\n\n<p class=\"wp-block-paragraph\">Tekirda\u011f, \u015eark\u00f6y, \u0130shakl\u0131 Mahallesi, yang\u0131n, orman yang\u0131n\u0131, an\u0131z yang\u0131n\u0131, Tekirda\u011f Orman \u0130\u015fletme M\u00fcd\u00fcrl\u00fc\u011f\u00fc, itfaiye, s\u00f6nd\u00fcrme \u00e7al\u0131\u015fmalar\u0131, helikopter, yang\u0131n s\u00f6nd\u00fcrme u\u00e7a\u011f\u0131, \u00e7evre, ya\u015fam, g\u00fcncel<\/p>\n\n\n\n<p class=\"wp-block-paragraph\">#Tekirda\u011f #\u015eark\u00f6y #OrmanYang\u0131n\u0131 #Yang\u0131n #An\u0131zYang\u0131n\u0131 #\u0130shakl\u0131 #Tekirda\u011fHaber #SonDakika #G\u00fcncel #Ya\u015fam #\u00c7evre #Orman #\u0130tfaiye #Yang\u0131nS\u00f6nd\u00fcrme #T\u00fcrkiyeG\u00fcndemi<\/p>\n","protected":false},"excerpt":{"rendered":"<p>Tekirda\u011f&#8217;\u0131n \u015eark\u00f6y il\u00e7esinde an\u0131zl\u0131k alanda \u00e7\u0131kan yang\u0131n, r\u00fczgar\u0131n etkisiyle k\u0131sa s\u00fcrede b\u00fcy\u00fcyerek ormanl\u0131k alana s\u0131\u00e7rad\u0131.<\/p>\n","protected":false},"author":1,"featured_media":4043,"comment_status":"open","ping_status":"open","sticky":false,"template":"","format":"standard","meta":{"_rtcl_gb_attr":"","footnotes":""},"categories":[1],"tags":[],"class_list":["post-4042","post","type-post","status-publish","format-standard","has-post-thumbnail","hentry","category-http-turkiyemhaber-com-wp-content-uploads-2026-03-saray-59-haber-13-mart-pdf"],"_links":{"self":[{"href":"https:\/\/turkiyemhaber.com\/index.php?rest_route=\/wp\/v2\/posts\/4042","targetHints":{"allow":["GET"]}}],"collection":[{"href":"https:\/\/turkiyemhaber.com\/index.php?rest_route=\/wp\/v2\/posts"}],"about":[{"href":"https:\/\/turkiyemhaber.com\/index.php?rest_route=\/wp\/v2\/types\/post"}],"author":[{"embeddable":true,"href":"https:\/\/turkiyemhaber.com\/index.php?rest_route=\/wp\/v2\/users\/1"}],"replies":[{"embeddable":true,"href":"https:\/\/turkiyemhaber.com\/index.php?rest_route=%2Fwp%2Fv2%2Fcomments&post=4042"}],"version-history":[{"count":1,"href":"https:\/\/turkiyemhaber.com\/index.php?rest_route=\/wp\/v2\/posts\/4042\/revisions"}],"predecessor-version":[{"id":4044,"href":"https:\/\/turkiyemhaber.com\/index.php?rest_route=\/wp\/v2\/posts\/4042\/revisions\/4044"}],"wp:featuredmedia":[{"embeddable":true,"href":"https:\/\/turkiyemhaber.com\/index.php?rest_route=\/wp\/v2\/media\/4043"}],"wp:attachment":[{"href":"https:\/\/turkiyemhaber.com\/index.php?rest_route=%2Fwp%2Fv2%2Fmedia&parent=4042"}],"wp:term":[{"taxonomy":"category","embeddable":true,"href":"https:\/\/turkiyemhaber.com\/index.php?rest_route=%2Fwp%2Fv2%2Fcategories&post=4042"},{"taxonomy":"post_tag","embeddable":true,"href":"https:\/\/turkiyemhaber.com\/index.php?rest_route=%2Fwp%2Fv2%2Ftags&post=4042"}],"curies":[{"name":"wp","href":"https:\/\/api.w.org\/{rel}","templated":true}]}}