{"id":4039,"date":"2026-07-16T22:56:24","date_gmt":"2026-07-16T22:56:24","guid":{"rendered":"https:\/\/turkiyemhaber.com\/?p=4039"},"modified":"2026-07-16T22:56:28","modified_gmt":"2026-07-16T22:56:28","slug":"tekirdagda-sicak-hava-etkisini-artirdi-vatandaslar-golgelik-alanlara-yoneldi","status":"publish","type":"post","link":"https:\/\/turkiyemhaber.com\/?p=4039","title":{"rendered":"Tekirda\u011f&#8217;da S\u0131cak Hava Etkisini Art\u0131rd\u0131, Vatanda\u015flar G\u00f6lgelik Alanlara Y\u00f6neldi"},"content":{"rendered":"\n<p class=\"wp-block-paragraph\"><strong>Tekirda\u011f&#8217;da hava s\u0131cakl\u0131klar\u0131n\u0131n 30 derecenin \u00fczerine \u00e7\u0131kmas\u0131 ve nem oran\u0131n\u0131n y\u00fckselmesiyle birlikte vatanda\u015flar serinlemek i\u00e7in parklar ve ye\u015fil alanlardaki g\u00f6lgelik noktalara ak\u0131n etti. Kent merkezinde \u00f6zellikle \u00f6\u011fle saatlerinde insan yo\u011funlu\u011funun azald\u0131\u011f\u0131 g\u00f6zlendi.<\/strong><\/p>\n\n\n\n<p class=\"wp-block-paragraph\">Yaz s\u0131caklar\u0131n\u0131n etkisini art\u0131rd\u0131\u011f\u0131 Tekirda\u011f&#8217;da y\u00fcksek s\u0131cakl\u0131k ve nem vatanda\u015flara zor anlar ya\u015fat\u0131yor. G\u00fcn i\u00e7erisinde termometrelerin 30 derecenin \u00fczerine \u00e7\u0131kmas\u0131yla birlikte vatanda\u015flar serinleyebilmek i\u00e7in parklar, bah\u00e7eler ve a\u011fa\u00e7 g\u00f6lgelerini tercih etti.<\/p>\n\n\n\n<p class=\"wp-block-paragraph\">Kent genelinde \u00f6zellikle ya\u015fl\u0131 vatanda\u015flar\u0131n g\u00f6lgelik alanlarda vakit ge\u00e7irdi\u011fi g\u00f6r\u00fcl\u00fcrken, baz\u0131 vatanda\u015flar banklarda dinlenmeyi tercih etti. Zaman zaman etkili olan hafif r\u00fczgar s\u0131cak havadan bunalanlara k\u0131sa s\u00fcreli de olsa rahatlama sa\u011flad\u0131.<\/p>\n\n\n\n<h2 class=\"wp-block-heading\">\u00d6\u011fle Saatlerinde Sokaklar Bo\u015fald\u0131<\/h2>\n\n\n\n<p class=\"wp-block-paragraph\">S\u0131cak havan\u0131n en yo\u011fun hissedildi\u011fi \u00f6\u011fle saatlerinde cadde ve sokaklarda hareketlili\u011fin azald\u0131\u011f\u0131 g\u00f6zlendi. Bir\u00e7ok vatanda\u015f zorunlu olmad\u0131k\u00e7a d\u0131\u015far\u0131 \u00e7\u0131kmazken, d\u0131\u015far\u0131da bulunanlar ise park ve ye\u015fil alanlardaki g\u00f6lgelik b\u00f6lgelere y\u00f6neldi.<\/p>\n\n\n\n<p class=\"wp-block-paragraph\">Vatanda\u015flar s\u0131cak havadan korunmak i\u00e7in a\u011fa\u00e7 g\u00f6lgelerinde oturup sohbet ederken, baz\u0131lar\u0131 da g\u00fcn\u00fcn b\u00fcy\u00fck b\u00f6l\u00fcm\u00fcn\u00fc serin alanlarda ge\u00e7irdi.<\/p>\n\n\n\n<h2 class=\"wp-block-heading\">Uzmanlardan Uyar\u0131<\/h2>\n\n\n\n<p class=\"wp-block-paragraph\">Uzmanlar, \u00f6zellikle ya\u015fl\u0131lar, \u00e7ocuklar ve kronik rahats\u0131zl\u0131\u011f\u0131 bulunan vatanda\u015flar\u0131n g\u00fcn\u00fcn en s\u0131cak saatleri olan 11.00 ile 16.00 aras\u0131nda zorunlu olmad\u0131k\u00e7a d\u0131\u015far\u0131 \u00e7\u0131kmamalar\u0131 gerekti\u011fini belirtiyor.<\/p>\n\n\n\n<p class=\"wp-block-paragraph\">Bol s\u0131v\u0131 t\u00fcketilmesi, g\u00fcne\u015f \u0131\u015f\u0131nlar\u0131na do\u011frudan maruz kal\u0131nmamas\u0131 ve m\u00fcmk\u00fcn oldu\u011funca g\u00f6lgelik alanlarda bulunulmas\u0131 tavsiye edilirken, y\u00fcksek nem nedeniyle hissedilen s\u0131cakl\u0131\u011f\u0131n daha da artt\u0131\u011f\u0131na dikkat \u00e7ekiliyor.<\/p>\n\n\n\n<p class=\"wp-block-paragraph\">Meteoroloji verilerine g\u00f6re s\u0131cak havan\u0131n \u00f6n\u00fcm\u00fczdeki g\u00fcnlerde de etkisini s\u00fcrd\u00fcrmesi beklenirken, Tekirda\u011f&#8217;da vatanda\u015flar\u0131n s\u0131cak \u00e7arpmas\u0131na kar\u015f\u0131 tedbirli olmalar\u0131 isteniyor.<\/p>\n\n\n\n<p class=\"wp-block-paragraph\">Tekirda\u011f, S\u00fcleymanpa\u015fa, Marmara B\u00f6lgesi, s\u0131cak hava, y\u00fcksek nem, yaz s\u0131caklar\u0131, parklar, ye\u015fil alanlar, vatanda\u015flar, hava durumu, meteoroloji, sa\u011fl\u0131k, ya\u015fam, \u00e7evre, s\u0131cak \u00e7arpmas\u0131, Tekirda\u011f haberleri<\/p>\n\n\n\n<p class=\"wp-block-paragraph\">#Tekirda\u011f #S\u00fcleymanpa\u015fa #HavaDurumu #S\u0131cakHava #YazS\u0131caklar\u0131 #Meteoroloji #Ya\u015fam #Sa\u011fl\u0131k #\u00c7evre #Tekirda\u011fHaber #SonDakika #G\u00fcndem59 #T\u00fcrkiyeG\u00fcndemi #G\u00fcncelHaberler #Marmara<\/p>\n","protected":false},"excerpt":{"rendered":"<p>Tekirda\u011f&#8217;da hava s\u0131cakl\u0131klar\u0131n\u0131n 30 derecenin \u00fczerine \u00e7\u0131kmas\u0131 ve nem oran\u0131n\u0131n y\u00fckselmesiyle birlikte vatanda\u015flar serinlemek i\u00e7in<\/p>\n","protected":false},"author":1,"featured_media":4040,"comment_status":"open","ping_status":"open","sticky":false,"template":"","format":"standard","meta":{"_rtcl_gb_attr":"","footnotes":""},"categories":[74],"tags":[],"class_list":["post-4039","post","type-post","status-publish","format-standard","has-post-thumbnail","hentry","category-yerel-haberler"],"_links":{"self":[{"href":"https:\/\/turkiyemhaber.com\/index.php?rest_route=\/wp\/v2\/posts\/4039","targetHints":{"allow":["GET"]}}],"collection":[{"href":"https:\/\/turkiyemhaber.com\/index.php?rest_route=\/wp\/v2\/posts"}],"about":[{"href":"https:\/\/turkiyemhaber.com\/index.php?rest_route=\/wp\/v2\/types\/post"}],"author":[{"embeddable":true,"href":"https:\/\/turkiyemhaber.com\/index.php?rest_route=\/wp\/v2\/users\/1"}],"replies":[{"embeddable":true,"href":"https:\/\/turkiyemhaber.com\/index.php?rest_route=%2Fwp%2Fv2%2Fcomments&post=4039"}],"version-history":[{"count":1,"href":"https:\/\/turkiyemhaber.com\/index.php?rest_route=\/wp\/v2\/posts\/4039\/revisions"}],"predecessor-version":[{"id":4041,"href":"https:\/\/turkiyemhaber.com\/index.php?rest_route=\/wp\/v2\/posts\/4039\/revisions\/4041"}],"wp:featuredmedia":[{"embeddable":true,"href":"https:\/\/turkiyemhaber.com\/index.php?rest_route=\/wp\/v2\/media\/4040"}],"wp:attachment":[{"href":"https:\/\/turkiyemhaber.com\/index.php?rest_route=%2Fwp%2Fv2%2Fmedia&parent=4039"}],"wp:term":[{"taxonomy":"category","embeddable":true,"href":"https:\/\/turkiyemhaber.com\/index.php?rest_route=%2Fwp%2Fv2%2Fcategories&post=4039"},{"taxonomy":"post_tag","embeddable":true,"href":"https:\/\/turkiyemhaber.com\/index.php?rest_route=%2Fwp%2Fv2%2Ftags&post=4039"}],"curies":[{"name":"wp","href":"https:\/\/api.w.org\/{rel}","templated":true}]}}