{"id":4036,"date":"2026-07-16T22:49:28","date_gmt":"2026-07-16T22:49:28","guid":{"rendered":"https:\/\/turkiyemhaber.com\/?p=4036"},"modified":"2026-07-16T22:49:33","modified_gmt":"2026-07-16T22:49:33","slug":"marmaraereglisi-aciklarinda-yunuslar-gorsel-solen-sundu","status":"publish","type":"post","link":"https:\/\/turkiyemhaber.com\/?p=4036","title":{"rendered":"Marmaraere\u011flisi A\u00e7\u0131klar\u0131nda Yunuslar G\u00f6rsel \u015e\u00f6len Sundu"},"content":{"rendered":"\n<p class=\"wp-block-paragraph\"><strong>Tekirda\u011f&#8217;\u0131n Marmaraere\u011flisi il\u00e7esi a\u00e7\u0131klar\u0131nda ortaya \u00e7\u0131kan iki yunus, denize a\u00e7\u0131lan vatanda\u015flara unutulmaz anlar ya\u015fatt\u0131. Teknenin \u00e7evresinde bir s\u00fcre y\u00fczerek adeta g\u00f6steri yapan yunuslar, cep telefonu kameras\u0131na yans\u0131d\u0131.<\/strong><\/p>\n\n\n\n<p class=\"wp-block-paragraph\">Marmaraere\u011flisi a\u00e7\u0131klar\u0131nda teknesiyle seyir halinde olan \u0130brahim \u00d6zkan, denizin sakin sular\u0131nda ilerledi\u011fi s\u0131rada su y\u00fczeyine \u00e7\u0131kan iki yunusu fark etti. Teknenin yak\u0131nlar\u0131nda bir s\u00fcre birlikte y\u00fczen yunuslar, zaman zaman suyun \u00fczerine \u00e7\u0131karak izleyenlere g\u00f6rsel \u015f\u00f6len sundu.<\/p>\n\n\n\n<p class=\"wp-block-paragraph\">Kar\u015f\u0131la\u015ft\u0131\u011f\u0131 manzara kar\u015f\u0131s\u0131nda b\u00fcy\u00fck heyecan ya\u015fayan \u00d6zkan, o anlar\u0131 cep telefonu kameras\u0131yla kay\u0131t alt\u0131na ald\u0131. G\u00f6r\u00fcnt\u00fclerde yunuslar\u0131n teknenin \u00e7evresinde uyumlu hareketlerle y\u00fczd\u00fc\u011f\u00fc ve zaman zaman su y\u00fczeyine \u00e7\u0131karak adeta selam verdi\u011fi g\u00f6r\u00fcl\u00fcyor.<\/p>\n\n\n\n<h2 class=\"wp-block-heading\">Denizde Nadir Kar\u015f\u0131la\u015f\u0131lan Anlar<\/h2>\n\n\n\n<p class=\"wp-block-paragraph\">Marmara Denizi&#8217;nin zaman zaman yunus s\u00fcr\u00fclerine ev sahipli\u011fi yapt\u0131\u011f\u0131n\u0131 belirten b\u00f6lge sakinleri, bu t\u00fcr g\u00f6r\u00fcnt\u00fclerin her zaman kar\u015f\u0131lar\u0131na \u00e7\u0131kmad\u0131\u011f\u0131n\u0131 ifade ediyor. \u00d6zellikle yaz aylar\u0131nda deniz trafi\u011finin yo\u011fun oldu\u011fu b\u00f6lgelerde g\u00f6r\u00fclen yunuslar, vatanda\u015flar\u0131n ilgisini \u00e7ekmeye devam ediyor.<\/p>\n\n\n\n<p class=\"wp-block-paragraph\">Yunuslarla kar\u015f\u0131la\u015fman\u0131n kendisini mutlu etti\u011fini belirten \u0130brahim \u00d6zkan, do\u011fan\u0131n sundu\u011fu bu g\u00fczelliklere tan\u0131kl\u0131k etmenin ayr\u0131 bir heyecan oldu\u011funu s\u00f6yledi.<\/p>\n\n\n\n<h2 class=\"wp-block-heading\">G\u00f6r\u00fcnt\u00fcler B\u00fcy\u00fck Be\u011feni Toplad\u0131<\/h2>\n\n\n\n<p class=\"wp-block-paragraph\">K\u0131sa s\u00fcre boyunca teknenin \u00e7evresinde kalan yunuslar daha sonra g\u00f6zden kaybolurken, cep telefonu kameras\u0131na yans\u0131yan g\u00f6r\u00fcnt\u00fcler sosyal medyada da ilgi g\u00f6rd\u00fc. Do\u011fal ya\u015fam\u0131n e\u015fsiz anlar\u0131ndan biri olarak de\u011ferlendirilen g\u00f6r\u00fcnt\u00fcler, izleyenlerden \u00e7ok say\u0131da be\u011feni ald\u0131.<\/p>\n\n\n\n<p class=\"wp-block-paragraph\">Marmaraere\u011flisi a\u00e7\u0131klar\u0131nda kaydedilen g\u00f6r\u00fcnt\u00fcler, Marmara Denizi&#8217;nin zengin deniz ya\u015fam\u0131na dikkat \u00e7ekerken, yunuslar\u0131n \u00f6zg\u00fcrce y\u00fczd\u00fc\u011f\u00fc anlar izleyenlere keyifli dakikalar ya\u015fatt\u0131.<\/p>\n\n\n\n<p class=\"wp-block-paragraph\"> Tekirda\u011f, Marmaraere\u011flisi, Yunus, Marmara Denizi, Deniz Ya\u015fam\u0131, \u00c7evre, Do\u011fa, Ya\u015fam, Tekne, Do\u011fal Ya\u015fam, Deniz Canl\u0131lar\u0131, G\u00fcncel Haber<\/p>\n\n\n\n<p class=\"wp-block-paragraph\"><strong>#Tekirda\u011f #Marmaraere\u011flisi #Yunus #MarmaraDenizi #DenizYa\u015fam\u0131 #Do\u011fa #\u00c7evre #Ya\u015fam #DenizCanl\u0131lar\u0131 #Do\u011falYa\u015fam #SonDakika #G\u00fcndem59 #Tekirda\u011fHaber #G\u00fcncelHaberler<\/strong><\/p>\n","protected":false},"excerpt":{"rendered":"<p>Tekirda\u011f&#8217;\u0131n Marmaraere\u011flisi il\u00e7esi a\u00e7\u0131klar\u0131nda ortaya \u00e7\u0131kan iki yunus, denize a\u00e7\u0131lan vatanda\u015flara unutulmaz anlar ya\u015fatt\u0131. Teknenin<\/p>\n","protected":false},"author":1,"featured_media":4037,"comment_status":"open","ping_status":"open","sticky":false,"template":"","format":"standard","meta":{"_rtcl_gb_attr":"","footnotes":""},"categories":[74],"tags":[],"class_list":["post-4036","post","type-post","status-publish","format-standard","has-post-thumbnail","hentry","category-yerel-haberler"],"_links":{"self":[{"href":"https:\/\/turkiyemhaber.com\/index.php?rest_route=\/wp\/v2\/posts\/4036","targetHints":{"allow":["GET"]}}],"collection":[{"href":"https:\/\/turkiyemhaber.com\/index.php?rest_route=\/wp\/v2\/posts"}],"about":[{"href":"https:\/\/turkiyemhaber.com\/index.php?rest_route=\/wp\/v2\/types\/post"}],"author":[{"embeddable":true,"href":"https:\/\/turkiyemhaber.com\/index.php?rest_route=\/wp\/v2\/users\/1"}],"replies":[{"embeddable":true,"href":"https:\/\/turkiyemhaber.com\/index.php?rest_route=%2Fwp%2Fv2%2Fcomments&post=4036"}],"version-history":[{"count":1,"href":"https:\/\/turkiyemhaber.com\/index.php?rest_route=\/wp\/v2\/posts\/4036\/revisions"}],"predecessor-version":[{"id":4038,"href":"https:\/\/turkiyemhaber.com\/index.php?rest_route=\/wp\/v2\/posts\/4036\/revisions\/4038"}],"wp:featuredmedia":[{"embeddable":true,"href":"https:\/\/turkiyemhaber.com\/index.php?rest_route=\/wp\/v2\/media\/4037"}],"wp:attachment":[{"href":"https:\/\/turkiyemhaber.com\/index.php?rest_route=%2Fwp%2Fv2%2Fmedia&parent=4036"}],"wp:term":[{"taxonomy":"category","embeddable":true,"href":"https:\/\/turkiyemhaber.com\/index.php?rest_route=%2Fwp%2Fv2%2Fcategories&post=4036"},{"taxonomy":"post_tag","embeddable":true,"href":"https:\/\/turkiyemhaber.com\/index.php?rest_route=%2Fwp%2Fv2%2Ftags&post=4036"}],"curies":[{"name":"wp","href":"https:\/\/api.w.org\/{rel}","templated":true}]}}