{"id":4029,"date":"2026-07-16T22:42:35","date_gmt":"2026-07-16T22:42:35","guid":{"rendered":"https:\/\/turkiyemhaber.com\/?p=4029"},"modified":"2026-07-16T22:42:39","modified_gmt":"2026-07-16T22:42:39","slug":"mersinde-hayat-kurtaracak-teknoloji-donemi-aselsan-uretimi-kalp-sok-cihazlari-meydanlara-yerlestirildi","status":"publish","type":"post","link":"https:\/\/turkiyemhaber.com\/?p=4029","title":{"rendered":"Mersin&#8217;de Hayat Kurtaracak Teknoloji D\u00f6nemi: ASELSAN \u00dcretimi Kalp \u015eok Cihazlar\u0131 Meydanlara Yerle\u015ftirildi"},"content":{"rendered":"\n<p class=\"wp-block-paragraph\"><strong>Ani kalp durmalar\u0131nda ilk dakikalar\u0131n hayati \u00f6nem ta\u015f\u0131d\u0131\u011f\u0131 bilinirken, Mersin&#8217;de devreye al\u0131nan yerli \u00fcretim cihazlar olas\u0131 vakalarda sa\u011fl\u0131k ekipleri olay yerine ula\u015fana kadar vatanda\u015flar\u0131n m\u00fcdahale etmesine imkan sa\u011flayacak. Sa\u011fl\u0131k Bakanl\u0131\u011f\u0131 ve ASELSAN i\u015f birli\u011fiyle geli\u015ftirilen cihazlar, sesli y\u00f6nlendirme sistemi sayesinde e\u011fitim almam\u0131\u015f ki\u015filer taraf\u0131ndan da kullan\u0131labilecek.<\/strong><\/p>\n\n\n\n<figure class=\"wp-block-image size-full\"><img loading=\"lazy\" decoding=\"async\" width=\"640\" height=\"368\" src=\"https:\/\/turkiyemhaber.com\/wp-content\/uploads\/2026\/07\/ani-kalp-durmalarina-karsi-ure-20058012-5156_1_m.webp\" alt=\"\" class=\"wp-image-4031\" srcset=\"https:\/\/turkiyemhaber.com\/wp-content\/uploads\/2026\/07\/ani-kalp-durmalarina-karsi-ure-20058012-5156_1_m.webp 640w, https:\/\/turkiyemhaber.com\/wp-content\/uploads\/2026\/07\/ani-kalp-durmalarina-karsi-ure-20058012-5156_1_m-300x173.webp 300w, https:\/\/turkiyemhaber.com\/wp-content\/uploads\/2026\/07\/ani-kalp-durmalarina-karsi-ure-20058012-5156_1_m-18x10.webp 18w\" sizes=\"auto, (max-width: 640px) 100vw, 640px\" \/><\/figure>\n\n\n\n<p class=\"wp-block-paragraph\">Mersin&#8217;de ani kalp durmas\u0131 vakalar\u0131na kar\u015f\u0131 \u00f6nemli bir ad\u0131m at\u0131ld\u0131. Sa\u011fl\u0131k Bakanl\u0131\u011f\u0131 ile ASELSAN&#8217;\u0131n ortak \u00e7al\u0131\u015fmas\u0131 sonucu geli\u015ftirilen yerli \u00fcretim <strong>Otomatik Eksternal Defibrilat\u00f6r (OED)<\/strong> cihazlar\u0131, kentin insan yo\u011funlu\u011funun en fazla oldu\u011fu noktalara yerle\u015ftirildi.<\/p>\n\n\n\n<p class=\"wp-block-paragraph\">Ani kalp durmalar\u0131nda ge\u00e7en her saniyenin ya\u015famsal \u00f6nem ta\u015f\u0131d\u0131\u011f\u0131na dikkat \u00e7eken uzmanlar, olay\u0131n ger\u00e7ekle\u015fmesinden sonraki ilk dakikalarda yap\u0131lan m\u00fcdahalenin hayatta kalma oran\u0131n\u0131 ciddi \u00f6l\u00e7\u00fcde art\u0131rd\u0131\u011f\u0131n\u0131 belirtiyor. Bu kapsamda hizmete al\u0131nan cihazlar, kalbin ritmini analiz ederek gerekli durumlarda elektrik \u015foku uygulayabiliyor ve kullan\u0131c\u0131y\u0131 sesli komutlarla y\u00f6nlendiriyor.<\/p>\n\n\n\n<figure class=\"wp-block-image size-full\"><img loading=\"lazy\" decoding=\"async\" width=\"640\" height=\"387\" src=\"https:\/\/turkiyemhaber.com\/wp-content\/uploads\/2026\/07\/ani-kalp-durmalarina-karsi-ure-20058012-5006_1_m.webp\" alt=\"\" class=\"wp-image-4032\" srcset=\"https:\/\/turkiyemhaber.com\/wp-content\/uploads\/2026\/07\/ani-kalp-durmalarina-karsi-ure-20058012-5006_1_m.webp 640w, https:\/\/turkiyemhaber.com\/wp-content\/uploads\/2026\/07\/ani-kalp-durmalarina-karsi-ure-20058012-5006_1_m-300x181.webp 300w, https:\/\/turkiyemhaber.com\/wp-content\/uploads\/2026\/07\/ani-kalp-durmalarina-karsi-ure-20058012-5006_1_m-18x12.webp 18w\" sizes=\"auto, (max-width: 640px) 100vw, 640px\" \/><\/figure>\n\n\n\n<h2 class=\"wp-block-heading\">Sa\u011fl\u0131k Ekipleri Gelene Kadar Kritik M\u00fcdahale<\/h2>\n\n\n\n<p class=\"wp-block-paragraph\">Yetkililer, ani kalp durmas\u0131 ya\u015fayan ki\u015filere ilk 5 dakika i\u00e7erisinde m\u00fcdahale edilmesinin hayatta kalma \u015fans\u0131n\u0131 \u00f6nemli \u00f6l\u00e7\u00fcde y\u00fckseltti\u011fini vurgularken, OED cihazlar\u0131n\u0131n tam da bu kritik s\u00fcre\u00e7 i\u00e7in geli\u015ftirildi\u011fini ifade etti.<\/p>\n\n\n\n<p class=\"wp-block-paragraph\">Cihazlar, kalp ritmini otomatik olarak de\u011ferlendiriyor ve gerekli durumlarda kullan\u0131c\u0131y\u0131 ad\u0131m ad\u0131m y\u00f6nlendirerek \u015fok uygulanmas\u0131n\u0131 sa\u011fl\u0131yor. B\u00f6ylece ilk yard\u0131m e\u011fitimi bulunmayan vatanda\u015flar da acil durumlarda hayat kurtar\u0131c\u0131 m\u00fcdahalede bulunabiliyor.<\/p>\n\n\n\n<figure class=\"wp-block-image size-full\"><img loading=\"lazy\" decoding=\"async\" width=\"640\" height=\"400\" src=\"https:\/\/turkiyemhaber.com\/wp-content\/uploads\/2026\/07\/ani-kalp-durmalarina-karsi-ure-20058012-9373_1_m.webp\" alt=\"\" class=\"wp-image-4033\" srcset=\"https:\/\/turkiyemhaber.com\/wp-content\/uploads\/2026\/07\/ani-kalp-durmalarina-karsi-ure-20058012-9373_1_m.webp 640w, https:\/\/turkiyemhaber.com\/wp-content\/uploads\/2026\/07\/ani-kalp-durmalarina-karsi-ure-20058012-9373_1_m-300x188.webp 300w, https:\/\/turkiyemhaber.com\/wp-content\/uploads\/2026\/07\/ani-kalp-durmalarina-karsi-ure-20058012-9373_1_m-18x12.webp 18w\" sizes=\"auto, (max-width: 640px) 100vw, 640px\" \/><\/figure>\n\n\n\n<h2 class=\"wp-block-heading\">Mersin&#8217;in 4 Noktas\u0131na Yerle\u015ftirildi<\/h2>\n\n\n\n<p class=\"wp-block-paragraph\">Mersin \u0130l Sa\u011fl\u0131k M\u00fcd\u00fcrl\u00fc\u011f\u00fc taraf\u0131ndan y\u00fcr\u00fct\u00fclen \u00e7al\u0131\u015fma kapsam\u0131nda cihazlar;<\/p>\n\n\n\n<ul class=\"wp-block-list\">\n<li>Akdeniz il\u00e7esi Ulu Cami Meydan\u0131&#8217;na,<\/li>\n\n\n\n<li>Toroslar il\u00e7esi Kuvay-\u0131 Milliye Caddesi&#8217;ne,<\/li>\n\n\n\n<li>Yeni\u015fehir il\u00e7esi \u00d6zgecan Aslan Bar\u0131\u015f Meydan\u0131&#8217;na,<\/li>\n\n\n\n<li>Mezitli il\u00e7esi Gazi Mustafa Kemal Bulvar\u0131 ile Limon Caddesi kesi\u015fimine<\/li>\n<\/ul>\n\n\n\n<p class=\"wp-block-paragraph\">yerle\u015ftirildi.<\/p>\n\n\n\n<p class=\"wp-block-paragraph\">Kent genelinde yayg\u0131nla\u015ft\u0131r\u0131lmas\u0131 planlanan uygulaman\u0131n ilerleyen s\u00fcre\u00e7te farkl\u0131 noktalarda da hayata ge\u00e7irilmesi hedefleniyor.<\/p>\n\n\n\n<figure class=\"wp-block-image size-full\"><img loading=\"lazy\" decoding=\"async\" width=\"640\" height=\"401\" src=\"https:\/\/turkiyemhaber.com\/wp-content\/uploads\/2026\/07\/ani-kalp-durmalarina-karsi-ure-20058012-5997_1_m.webp\" alt=\"\" class=\"wp-image-4034\" srcset=\"https:\/\/turkiyemhaber.com\/wp-content\/uploads\/2026\/07\/ani-kalp-durmalarina-karsi-ure-20058012-5997_1_m.webp 640w, https:\/\/turkiyemhaber.com\/wp-content\/uploads\/2026\/07\/ani-kalp-durmalarina-karsi-ure-20058012-5997_1_m-300x188.webp 300w, https:\/\/turkiyemhaber.com\/wp-content\/uploads\/2026\/07\/ani-kalp-durmalarina-karsi-ure-20058012-5997_1_m-18x12.webp 18w\" sizes=\"auto, (max-width: 640px) 100vw, 640px\" \/><\/figure>\n\n\n\n<h2 class=\"wp-block-heading\">&#8220;\u00c7ocuklar Bile Kullanabiliyor&#8221;<\/h2>\n\n\n\n<p class=\"wp-block-paragraph\">Mersin \u0130l Sa\u011fl\u0131k M\u00fcd\u00fcr\u00fc Mustafa Ekici, cihazlar\u0131n kullan\u0131m\u0131n\u0131n son derece kolay oldu\u011funu belirterek, sesli y\u00f6nlendirme sistemi sayesinde herkesin rahatl\u0131kla m\u00fcdahale edebilece\u011fini s\u00f6yledi.<\/p>\n\n\n\n<p class=\"wp-block-paragraph\">D\u00fcnya genelinde ger\u00e7ekle\u015fen \u00f6l\u00fcmlerin \u00f6nemli bir b\u00f6l\u00fcm\u00fcn\u00fcn ani kalp durmalar\u0131ndan kaynakland\u0131\u011f\u0131n\u0131 ifade eden Ekici, \u00f6zellikle \u015fok uygulanabilir ritim bozukluklar\u0131nda ilk dakikalarda yap\u0131lacak m\u00fcdahalenin hayati \u00f6nem ta\u015f\u0131d\u0131\u011f\u0131n\u0131 vurgulad\u0131.<\/p>\n\n\n\n<p class=\"wp-block-paragraph\">Ekici, vatanda\u015flar\u0131n 112 Acil \u00c7a\u011fr\u0131 Merkezi&#8217;ni aramalar\u0131 halinde ekiplerin cihazlar\u0131n yerini tarif edece\u011fini ve kullan\u0131m konusunda y\u00f6nlendirme yapaca\u011f\u0131n\u0131 da belirtti.<\/p>\n\n\n\n<h2 class=\"wp-block-heading\">Yerli ve Milli Teknoloji Hayat Kurtaracak<\/h2>\n\n\n\n<p class=\"wp-block-paragraph\">T\u00fcrk m\u00fchendisleri taraf\u0131ndan geli\u015ftirilen OED cihazlar\u0131n\u0131n yayg\u0131nla\u015fmas\u0131yla birlikte ani kalp durmas\u0131 vakalar\u0131nda m\u00fcdahale s\u00fcresinin k\u0131salt\u0131lmas\u0131 ve hayatta kalma oranlar\u0131n\u0131n art\u0131r\u0131lmas\u0131 ama\u00e7lan\u0131yor.<\/p>\n\n\n\n<p class=\"wp-block-paragraph\">Sa\u011fl\u0131k otoriteleri, \u00f6zellikle meydanlar, al\u0131\u015fveri\u015f merkezleri, stadyumlar, toplu ula\u015f\u0131m noktalar\u0131 ve yo\u011fun insan trafi\u011finin bulundu\u011fu alanlarda bu t\u00fcr cihazlar\u0131n yayg\u0131nla\u015ft\u0131r\u0131lmas\u0131n\u0131n toplum sa\u011fl\u0131\u011f\u0131 a\u00e7\u0131s\u0131ndan b\u00fcy\u00fck \u00f6nem ta\u015f\u0131d\u0131\u011f\u0131na dikkat \u00e7ekiyor.<\/p>\n\n\n\n<p class=\"wp-block-paragraph\">Mersin, ASELSAN, Sa\u011fl\u0131k Bakanl\u0131\u011f\u0131, OED, Otomatik Eksternal Defibrilat\u00f6r, Ani Kalp Durmas\u0131, \u0130lk Yard\u0131m, Acil M\u00fcdahale, Yerli Teknoloji, 112 Acil, T\u00fcrk M\u00fchendisleri, Sa\u011fl\u0131k Haberleri, Teknoloji Haberleri, T\u00fcrkiye<\/p>\n\n\n\n<p class=\"wp-block-paragraph\"><strong>#Mersin #ASELSAN #Sa\u011fl\u0131kBakanl\u0131\u011f\u0131 #OED #AniKalpDurmas\u0131 #KalpSa\u011fl\u0131\u011f\u0131 #\u0130lkYard\u0131m #AcilM\u00fcdahale #112Acil #YerliTeknoloji #T\u00fcrkM\u00fchendisleri #Sa\u011fl\u0131k #Teknoloji #T\u00fcrkiye #SonDakika #G\u00fcndem #G\u00fcncelHaber<\/strong><\/p>\n","protected":false},"excerpt":{"rendered":"<p>Ani kalp durmalar\u0131nda ilk dakikalar\u0131n hayati \u00f6nem ta\u015f\u0131d\u0131\u011f\u0131 bilinirken, Mersin&#8217;de devreye al\u0131nan yerli \u00fcretim cihazlar<\/p>\n","protected":false},"author":1,"featured_media":4030,"comment_status":"open","ping_status":"open","sticky":false,"template":"","format":"standard","meta":{"_rtcl_gb_attr":"","footnotes":""},"categories":[74],"tags":[],"class_list":["post-4029","post","type-post","status-publish","format-standard","has-post-thumbnail","hentry","category-yerel-haberler"],"_links":{"self":[{"href":"https:\/\/turkiyemhaber.com\/index.php?rest_route=\/wp\/v2\/posts\/4029","targetHints":{"allow":["GET"]}}],"collection":[{"href":"https:\/\/turkiyemhaber.com\/index.php?rest_route=\/wp\/v2\/posts"}],"about":[{"href":"https:\/\/turkiyemhaber.com\/index.php?rest_route=\/wp\/v2\/types\/post"}],"author":[{"embeddable":true,"href":"https:\/\/turkiyemhaber.com\/index.php?rest_route=\/wp\/v2\/users\/1"}],"replies":[{"embeddable":true,"href":"https:\/\/turkiyemhaber.com\/index.php?rest_route=%2Fwp%2Fv2%2Fcomments&post=4029"}],"version-history":[{"count":1,"href":"https:\/\/turkiyemhaber.com\/index.php?rest_route=\/wp\/v2\/posts\/4029\/revisions"}],"predecessor-version":[{"id":4035,"href":"https:\/\/turkiyemhaber.com\/index.php?rest_route=\/wp\/v2\/posts\/4029\/revisions\/4035"}],"wp:featuredmedia":[{"embeddable":true,"href":"https:\/\/turkiyemhaber.com\/index.php?rest_route=\/wp\/v2\/media\/4030"}],"wp:attachment":[{"href":"https:\/\/turkiyemhaber.com\/index.php?rest_route=%2Fwp%2Fv2%2Fmedia&parent=4029"}],"wp:term":[{"taxonomy":"category","embeddable":true,"href":"https:\/\/turkiyemhaber.com\/index.php?rest_route=%2Fwp%2Fv2%2Fcategories&post=4029"},{"taxonomy":"post_tag","embeddable":true,"href":"https:\/\/turkiyemhaber.com\/index.php?rest_route=%2Fwp%2Fv2%2Ftags&post=4029"}],"curies":[{"name":"wp","href":"https:\/\/api.w.org\/{rel}","templated":true}]}}