{"id":4026,"date":"2026-07-16T22:28:43","date_gmt":"2026-07-16T22:28:43","guid":{"rendered":"https:\/\/turkiyemhaber.com\/?p=4026"},"modified":"2026-07-16T22:28:48","modified_gmt":"2026-07-16T22:28:48","slug":"tekirdag-aciklarinda-karaya-oturan-celtik-yuklu-gemiyi-kurtarma-calismalari-suruyor","status":"publish","type":"post","link":"https:\/\/turkiyemhaber.com\/?p=4026","title":{"rendered":"Tekirda\u011f A\u00e7\u0131klar\u0131nda Karaya Oturan \u00c7eltik Y\u00fckl\u00fc Gemiyi Kurtarma \u00c7al\u0131\u015fmalar\u0131 S\u00fcr\u00fcyor"},"content":{"rendered":"\n<p class=\"wp-block-paragraph\">Tekirda\u011f a\u00e7\u0131klar\u0131nda karaya oturan \u00e7eltik y\u00fckl\u00fc y\u00fck gemisini kurtarma \u00e7al\u0131\u015fmalar\u0131 t\u00fcm h\u0131z\u0131yla devam ediyor. K\u0131y\u0131 Emniyeti Genel M\u00fcd\u00fcrl\u00fc\u011f\u00fc koordinesinde y\u00fcr\u00fct\u00fclen operasyon kapsam\u0131nda bug\u00fcn ger\u00e7ekle\u015ftirilen \u00e7al\u0131\u015fmalar sonu\u00e7 vermeyince, daha g\u00fc\u00e7l\u00fc ekipmanlarla yar\u0131n yeniden m\u00fcdahale edilece\u011fi \u00f6\u011frenildi.<\/p>\n\n\n\n<h2 class=\"wp-block-heading\">Kurtarma Operasyonu G\u00fcn Boyu Devam Etti<\/h2>\n\n\n\n<p class=\"wp-block-paragraph\">Mevzuat gere\u011fi geminin ba\u011fl\u0131 bulundu\u011fu \u015firkete tan\u0131nan 72 saatlik s\u00fcrenin dolmas\u0131n\u0131n ard\u0131ndan K\u0131y\u0131 Emniyeti Genel M\u00fcd\u00fcrl\u00fc\u011f\u00fc taraf\u0131ndan kurtarma operasyonu ba\u015flat\u0131ld\u0131.<\/p>\n\n\n\n<p class=\"wp-block-paragraph\">Operasyonda K\u0131y\u0131 Emniyeti Genel M\u00fcd\u00fcrl\u00fc\u011f\u00fc&#8217;ne ait <strong>&#8220;Kurtarma-10&#8221;<\/strong> r\u00f6mork\u00f6r\u00fc g\u00f6rev ald\u0131. Yakla\u015f\u0131k 4 saat s\u00fcren \u00e7al\u0131\u015fmalar kapsam\u0131nda geminin yeniden y\u00fczd\u00fcr\u00fclmesi i\u00e7in yo\u011fun \u00e7aba sarf edildi. Ancak g\u00fcn boyu s\u00fcren \u00e7al\u0131\u015fmalara ra\u011fmen gemi bulundu\u011fu yerden kurtar\u0131lamad\u0131.<\/p>\n\n\n\n<p class=\"wp-block-paragraph\">Yetkililer, g\u00fcn sonu itibar\u0131yla operasyonun sonland\u0131r\u0131ld\u0131\u011f\u0131n\u0131 ve yar\u0131n daha y\u00fcksek \u00e7ekme g\u00fcc\u00fcne sahip r\u00f6mork\u00f6rlerin deste\u011fiyle \u00e7al\u0131\u015fmalar\u0131n yeniden ba\u015flayaca\u011f\u0131n\u0131 a\u00e7\u0131klad\u0131.<\/p>\n\n\n\n<h2 class=\"wp-block-heading\">\u0130stanbul&#8217;dan Takviye R\u00f6mork\u00f6r Geliyor<\/h2>\n\n\n\n<p class=\"wp-block-paragraph\">Edinilen bilgilere g\u00f6re \u0130stanbul&#8217;dan b\u00f6lgeye sevk edilecek y\u00fcksek \u00e7ekme kapasitesine sahip r\u00f6mork\u00f6rler kurtarma operasyonuna dahil edilecek. Yeni ekipmanlarla birlikte geminin y\u00fczd\u00fcr\u00fclmesi i\u00e7in \u00e7al\u0131\u015fmalar\u0131n daha kapsaml\u0131 \u015fekilde s\u00fcrd\u00fcr\u00fclmesi planlan\u0131yor.<\/p>\n\n\n\n<h2 class=\"wp-block-heading\">27 Bin 500 Ton \u00c7eltik Ta\u015f\u0131yordu<\/h2>\n\n\n\n<p class=\"wp-block-paragraph\">Sao Tome ve Principe band\u0131ral\u0131 <strong>&#8220;REGALO&#8221;<\/strong> isimli y\u00fck gemisi, yakla\u015f\u0131k <strong>27 bin 500 ton \u00e7eltik y\u00fck\u00fc<\/strong> ta\u015f\u0131yordu.<\/p>\n\n\n\n<p class=\"wp-block-paragraph\">169 metre uzunlu\u011funda ve 27 metre geni\u015fli\u011findeki dev y\u00fck gemisi, \u00fc\u00e7 g\u00fcn \u00f6nce Tekirda\u011f&#8217;daki <strong>Ceyport Liman\u0131<\/strong> a\u00e7\u0131klar\u0131nda karaya oturmu\u015ftu.<\/p>\n\n\n\n<p class=\"wp-block-paragraph\">Olay\u0131n ard\u0131ndan b\u00f6lgeye sevk edilen Sahil G\u00fcvenlik ekipleri gemide incelemelerde bulunurken, \u00e7evre g\u00fcvenli\u011fi a\u00e7\u0131s\u0131ndan da gerekli tedbirler al\u0131nm\u0131\u015ft\u0131.<\/p>\n\n\n\n<p class=\"wp-block-paragraph\">Yetkililer, gemideki y\u00fck ve yak\u0131t durumunun s\u00fcrekli takip edildi\u011fini, \u015fu ana kadar \u00e7evre kirlili\u011fine yol a\u00e7an herhangi bir olumsuzluk tespit edilmedi\u011fini bildirdi.<\/p>\n\n\n\n<p class=\"wp-block-paragraph\">Kurtarma \u00e7al\u0131\u015fmalar\u0131n\u0131n yar\u0131n sabah saatlerinden itibaren yeniden ba\u015flamas\u0131 bekleniyor.<\/p>\n\n\n\n<hr class=\"wp-block-separator has-alpha-channel-opacity\"\/>\n\n\n\n<p class=\"wp-block-paragraph\">Tekirda\u011f, REGALO Gemisi, K\u0131y\u0131 Emniyeti Genel M\u00fcd\u00fcrl\u00fc\u011f\u00fc, Ceyport Liman\u0131, \u00c7eltik Y\u00fckl\u00fc Gemi, Kurtarma Operasyonu, Denizcilik, Sahil G\u00fcvenlik, Ula\u015f\u0131m, Ekonomi, G\u00fcncel<\/p>\n\n\n\n<p class=\"wp-block-paragraph\"><\/p>\n\n\n\n<p class=\"wp-block-paragraph\">#Tekirda\u011f #REGALO #K\u0131y\u0131Emniyeti #Ceyport #\u00c7eltik #Y\u00fckGemisi #Denizcilik #SahilG\u00fcvenlik #KurtarmaOperasyonu #SonDakika #Tekirda\u011fHaber #G\u00fcndem #G\u00fcncel #Ekonomi #Ula\u015f\u0131m #DenizHaberleri #Gundem59 #TurkiyemHaber #Tekirdag #T\u00fcrkiyeHaberleri<\/p>\n","protected":false},"excerpt":{"rendered":"<p>Tekirda\u011f a\u00e7\u0131klar\u0131nda karaya oturan \u00e7eltik y\u00fckl\u00fc y\u00fck gemisini kurtarma \u00e7al\u0131\u015fmalar\u0131 t\u00fcm h\u0131z\u0131yla devam ediyor. K\u0131y\u0131<\/p>\n","protected":false},"author":1,"featured_media":4027,"comment_status":"open","ping_status":"open","sticky":false,"template":"","format":"standard","meta":{"_rtcl_gb_attr":"","footnotes":""},"categories":[74],"tags":[],"class_list":["post-4026","post","type-post","status-publish","format-standard","has-post-thumbnail","hentry","category-yerel-haberler"],"_links":{"self":[{"href":"https:\/\/turkiyemhaber.com\/index.php?rest_route=\/wp\/v2\/posts\/4026","targetHints":{"allow":["GET"]}}],"collection":[{"href":"https:\/\/turkiyemhaber.com\/index.php?rest_route=\/wp\/v2\/posts"}],"about":[{"href":"https:\/\/turkiyemhaber.com\/index.php?rest_route=\/wp\/v2\/types\/post"}],"author":[{"embeddable":true,"href":"https:\/\/turkiyemhaber.com\/index.php?rest_route=\/wp\/v2\/users\/1"}],"replies":[{"embeddable":true,"href":"https:\/\/turkiyemhaber.com\/index.php?rest_route=%2Fwp%2Fv2%2Fcomments&post=4026"}],"version-history":[{"count":1,"href":"https:\/\/turkiyemhaber.com\/index.php?rest_route=\/wp\/v2\/posts\/4026\/revisions"}],"predecessor-version":[{"id":4028,"href":"https:\/\/turkiyemhaber.com\/index.php?rest_route=\/wp\/v2\/posts\/4026\/revisions\/4028"}],"wp:featuredmedia":[{"embeddable":true,"href":"https:\/\/turkiyemhaber.com\/index.php?rest_route=\/wp\/v2\/media\/4027"}],"wp:attachment":[{"href":"https:\/\/turkiyemhaber.com\/index.php?rest_route=%2Fwp%2Fv2%2Fmedia&parent=4026"}],"wp:term":[{"taxonomy":"category","embeddable":true,"href":"https:\/\/turkiyemhaber.com\/index.php?rest_route=%2Fwp%2Fv2%2Fcategories&post=4026"},{"taxonomy":"post_tag","embeddable":true,"href":"https:\/\/turkiyemhaber.com\/index.php?rest_route=%2Fwp%2Fv2%2Ftags&post=4026"}],"curies":[{"name":"wp","href":"https:\/\/api.w.org\/{rel}","templated":true}]}}