{"id":4024,"date":"2026-07-16T22:22:22","date_gmt":"2026-07-16T22:22:22","guid":{"rendered":"https:\/\/turkiyemhaber.com\/?p=4024"},"modified":"2026-07-16T22:22:28","modified_gmt":"2026-07-16T22:22:28","slug":"unlulere-uyusturucu-sorusturmasinda-4-tutuklama-aralarinda-ilyas-yalcintas-da-var","status":"publish","type":"post","link":"https:\/\/turkiyemhaber.com\/?p=4024","title":{"rendered":"\u00dcnl\u00fclere Uyu\u015fturucu Soru\u015fturmas\u0131nda 4 Tutuklama! Aralar\u0131nda \u0130lyas Yal\u00e7\u0131nta\u015f da Var"},"content":{"rendered":"\n<p class=\"wp-block-paragraph\">\u0130stanbul&#8217;da kamuoyunda sanat\u00e7\u0131, oyuncu, i\u015f insan\u0131 ve i\u015fletmeci kimlikleriyle tan\u0131nan isimlere y\u00f6nelik y\u00fcr\u00fct\u00fclen uyu\u015fturucu soru\u015fturmas\u0131nda \u00f6nemli bir geli\u015fme ya\u015fand\u0131. \u0130stanbul \u0130l Jandarma Komutanl\u0131\u011f\u0131 taraf\u0131ndan ger\u00e7ekle\u015ftirilen operasyon kapsam\u0131nda g\u00f6zalt\u0131na al\u0131nan \u015f\u00fcphelilerden 4&#8217;\u00fc tutuklanarak cezaevine g\u00f6nderildi.<\/p>\n\n\n\n<h2 class=\"wp-block-heading\">25 Ki\u015fi Hakk\u0131nda G\u00f6zalt\u0131 Karar\u0131<\/h2>\n\n\n\n<p class=\"wp-block-paragraph\">Uyu\u015fturucu ve uyar\u0131c\u0131 madde kulland\u0131klar\u0131, kullan\u0131m\u0131n\u0131 kolayla\u015ft\u0131rd\u0131klar\u0131 veya kullan\u0131m i\u00e7in yer temin ettikleri iddias\u0131yla y\u00fcr\u00fct\u00fclen soru\u015fturma kapsam\u0131nda 25 ki\u015fi hakk\u0131nda g\u00f6zalt\u0131 karar\u0131 verildi.<\/p>\n\n\n\n<p class=\"wp-block-paragraph\">Operasyonda g\u00f6zalt\u0131na al\u0131nan isimler aras\u0131nda \u015fu ki\u015filer yer ald\u0131:<\/p>\n\n\n\n<ol class=\"wp-block-list\">\n<li>S\u0131la Gen\u00e7o\u011flu<\/li>\n\n\n\n<li>\u0130lyas Yal\u00e7\u0131nta\u015f<\/li>\n\n\n\n<li>Mehmet Fatih Aksoy<\/li>\n\n\n\n<li>Ate\u015f \u0130nce<\/li>\n\n\n\n<li>\u00d6ner Faruk I\u015f\u0131k<\/li>\n\n\n\n<li>\u015eefik \u00d6mer Dolman<\/li>\n\n\n\n<li>Ayb\u00fcke Albere<\/li>\n\n\n\n<li>Ay\u015fe Nur Balc\u0131<\/li>\n\n\n\n<li>\u0130rem Haznedar<\/li>\n\n\n\n<li>Orhan Y\u0131ld\u0131z<\/li>\n\n\n\n<li>Burak \u00c7elik<\/li>\n\n\n\n<li>Volkan B\u00fcy\u00fckhanl\u0131<\/li>\n\n\n\n<li>B\u00fc\u015fra Tatar<\/li>\n\n\n\n<li>Cenk \u00c7\u00f6teli<\/li>\n\n\n\n<li>Feyza Cihan<\/li>\n\n\n\n<li>Asude Mercan<\/li>\n\n\n\n<li>H. Eylem \u0130pek \u015eafak<\/li>\n\n\n\n<li>G\u00f6khan \u015eafak<\/li>\n\n\n\n<li>\u00dcmit Aslan<\/li>\n\n\n\n<li>Bu\u011fra Balkaya<\/li>\n\n\n\n<li>Ak\u0131n Altan<\/li>\n\n\n\n<li>O\u011fuz Alp G\u00fcler<\/li>\n\n\n\n<li>K\u00fcbra Altay<\/li>\n\n\n\n<li>Hilal Zeynep Hedbe<\/li>\n\n\n\n<li>Melis Sel\u00e7uko\u011flu<\/li>\n<\/ol>\n\n\n\n<h2 class=\"wp-block-heading\">Adli T\u0131p&#8217;ta Kan ve Sa\u00e7 \u00d6rnekleri Al\u0131nd\u0131<\/h2>\n\n\n\n<p class=\"wp-block-paragraph\">\u0130stanbul \u0130l Jandarma Komutanl\u0131\u011f\u0131&#8217;ndaki i\u015flemleri tamamlanan \u015f\u00fcpheliler, biyolojik inceleme kapsam\u0131nda Adli T\u0131p Kurumu&#8217;na sevk edildi. Burada kan ve sa\u00e7 \u00f6rnekleri al\u0131nan \u015f\u00fcpheliler daha sonra savc\u0131l\u0131k ifadeleri i\u00e7in adliyeye g\u00f6t\u00fcr\u00fcld\u00fc.<\/p>\n\n\n\n<p class=\"wp-block-paragraph\">Soru\u015fturma kapsam\u0131nda g\u00f6zalt\u0131na al\u0131nan isimlerden Mehmet Fatih Aksoy ile H. Eylem \u0130pek \u015eafak&#8217;\u0131n i\u015flemlerinin ard\u0131ndan serbest b\u0131rak\u0131ld\u0131\u011f\u0131 \u00f6\u011frenildi.<\/p>\n\n\n\n<h2 class=\"wp-block-heading\">\u0130lyas Yal\u00e7\u0131nta\u015f Hakk\u0131nda Tutuklama Talebi<\/h2>\n\n\n\n<p class=\"wp-block-paragraph\">Savc\u0131l\u0131k ifadelerinin ard\u0131ndan Ay\u015fe Nur Balc\u0131, \u00d6ner Faruk I\u015f\u0131k, \u015eefik \u00d6mer Dolman, Orhan Y\u0131ld\u0131z ve \u015fark\u0131c\u0131 \u0130lyas Yal\u00e7\u0131nta\u015f tutuklama talebiyle n\u00f6bet\u00e7i sulh ceza hakimli\u011fine sevk edildi.<\/p>\n\n\n\n<p class=\"wp-block-paragraph\">Soru\u015fturma dosyas\u0131nda, \u0130lyas Yal\u00e7\u0131nta\u015f&#8217;\u0131n evinde yap\u0131lan aramalarda hassas terazi ve uyu\u015fturucu madde kullan\u0131m\u0131nda de\u011ferlendirilebilecek \u00e7e\u015fitli materyaller ele ge\u00e7irildi\u011fi iddia edilmi\u015fti.<\/p>\n\n\n\n<h2 class=\"wp-block-heading\">4 \u015e\u00fcpheli Tutukland\u0131<\/h2>\n\n\n\n<p class=\"wp-block-paragraph\">Hakimlik sorgular\u0131n\u0131n ard\u0131ndan;<\/p>\n\n\n\n<ul class=\"wp-block-list\">\n<li>\u0130lyas Yal\u00e7\u0131nta\u015f<\/li>\n\n\n\n<li>Ay\u015fe Nur Balc\u0131<\/li>\n\n\n\n<li>Orhan Y\u0131ld\u0131z<\/li>\n\n\n\n<li>\u015eefik \u00d6mer Dolman<\/li>\n<\/ul>\n\n\n\n<p class=\"wp-block-paragraph\">tutuklanarak cezaevine g\u00f6nderildi.<\/p>\n\n\n\n<p class=\"wp-block-paragraph\">\u015e\u00fcpheli \u00d6ner Faruk I\u015f\u0131k ise adli kontrol \u015fart\u0131yla serbest b\u0131rak\u0131ld\u0131.<\/p>\n\n\n\n<p class=\"wp-block-paragraph\">\u00d6te yandan soru\u015fturma kapsam\u0131nda baz\u0131 \u015f\u00fcpheliler hakk\u0131ndaki adli i\u015flemlerin s\u00fcrd\u00fc\u011f\u00fc \u00f6\u011frenildi.<\/p>\n\n\n\n<hr class=\"wp-block-separator has-alpha-channel-opacity\"\/>\n\n\n\n<p class=\"wp-block-paragraph\"><strong>Etiketler:<\/strong> \u0130lyas Yal\u00e7\u0131nta\u015f, S\u0131la Gen\u00e7o\u011flu, Mehmet Fatih Aksoy, Uyu\u015fturucu Operasyonu, \u0130stanbul \u0130l Jandarma Komutanl\u0131\u011f\u0131, Adli T\u0131p Kurumu, Ay\u015fe Nur Balc\u0131, \u015eefik \u00d6mer Dolman, Orhan Y\u0131ld\u0131z, Magazin, G\u00fcndem, G\u00fcncel Haberler<\/p>\n\n\n\n<p class=\"wp-block-paragraph\"><strong>#Hashtagler<\/strong><br>#\u0130lyasYal\u00e7\u0131nta\u015f #S\u0131laGen\u00e7o\u011flu #Uyu\u015fturucuOperasyonu #G\u00f6zalt\u0131 #Tutuklama #\u0130stanbul #Jandarma #Magazin #SonDakika #G\u00fcndem #G\u00fcncel #T\u00fcrkiye #AdliT\u0131p #Operasyon #\u00dcnl\u00fcler #Haber #SonDakikaHaberleri #Gundem59 #TurkiyemHaber #MagazinHaberleri<\/p>\n","protected":false},"excerpt":{"rendered":"<p>\u0130stanbul&#8217;da kamuoyunda sanat\u00e7\u0131, oyuncu, i\u015f insan\u0131 ve i\u015fletmeci kimlikleriyle tan\u0131nan isimlere y\u00f6nelik y\u00fcr\u00fct\u00fclen uyu\u015fturucu soru\u015fturmas\u0131nda<\/p>\n","protected":false},"author":1,"featured_media":3974,"comment_status":"open","ping_status":"open","sticky":false,"template":"","format":"standard","meta":{"_rtcl_gb_attr":"","footnotes":""},"categories":[1],"tags":[],"class_list":["post-4024","post","type-post","status-publish","format-standard","has-post-thumbnail","hentry","category-http-turkiyemhaber-com-wp-content-uploads-2026-03-saray-59-haber-13-mart-pdf"],"_links":{"self":[{"href":"https:\/\/turkiyemhaber.com\/index.php?rest_route=\/wp\/v2\/posts\/4024","targetHints":{"allow":["GET"]}}],"collection":[{"href":"https:\/\/turkiyemhaber.com\/index.php?rest_route=\/wp\/v2\/posts"}],"about":[{"href":"https:\/\/turkiyemhaber.com\/index.php?rest_route=\/wp\/v2\/types\/post"}],"author":[{"embeddable":true,"href":"https:\/\/turkiyemhaber.com\/index.php?rest_route=\/wp\/v2\/users\/1"}],"replies":[{"embeddable":true,"href":"https:\/\/turkiyemhaber.com\/index.php?rest_route=%2Fwp%2Fv2%2Fcomments&post=4024"}],"version-history":[{"count":1,"href":"https:\/\/turkiyemhaber.com\/index.php?rest_route=\/wp\/v2\/posts\/4024\/revisions"}],"predecessor-version":[{"id":4025,"href":"https:\/\/turkiyemhaber.com\/index.php?rest_route=\/wp\/v2\/posts\/4024\/revisions\/4025"}],"wp:featuredmedia":[{"embeddable":true,"href":"https:\/\/turkiyemhaber.com\/index.php?rest_route=\/wp\/v2\/media\/3974"}],"wp:attachment":[{"href":"https:\/\/turkiyemhaber.com\/index.php?rest_route=%2Fwp%2Fv2%2Fmedia&parent=4024"}],"wp:term":[{"taxonomy":"category","embeddable":true,"href":"https:\/\/turkiyemhaber.com\/index.php?rest_route=%2Fwp%2Fv2%2Fcategories&post=4024"},{"taxonomy":"post_tag","embeddable":true,"href":"https:\/\/turkiyemhaber.com\/index.php?rest_route=%2Fwp%2Fv2%2Ftags&post=4024"}],"curies":[{"name":"wp","href":"https:\/\/api.w.org\/{rel}","templated":true}]}}