{"id":4016,"date":"2026-07-16T22:08:32","date_gmt":"2026-07-16T22:08:32","guid":{"rendered":"https:\/\/turkiyemhaber.com\/?p=4016"},"modified":"2026-07-16T22:08:37","modified_gmt":"2026-07-16T22:08:37","slug":"12-yargi-paketi-tbmmde-kabul-edildi-icra-dolandiricilik-hagb-ve-adli-tip-duzenlemeleri-yasalasti","status":"publish","type":"post","link":"https:\/\/turkiyemhaber.com\/?p=4016","title":{"rendered":"12. Yarg\u0131 Paketi TBMM&#8217;de Kabul Edildi: \u0130cra, Doland\u0131r\u0131c\u0131l\u0131k, HAGB ve Adli T\u0131p D\u00fczenlemeleri Yasala\u015ft\u0131"},"content":{"rendered":"\n<p class=\"wp-block-paragraph\">Kamuoyunda <strong>&#8220;12. Yarg\u0131 Paketi&#8221;<\/strong> olarak bilinen <strong>Yarg\u0131n\u0131n Etkin ve Verimli \u0130\u015flemesine Y\u00f6nelik Baz\u0131 Kanunlarda De\u011fi\u015fiklik Yap\u0131lmas\u0131na Dair Kanun Teklifi<\/strong>, T\u00fcrkiye B\u00fcy\u00fck Millet Meclisi Genel Kurulu&#8217;nda kabul edilerek yasala\u015ft\u0131.<\/p>\n\n\n\n<p class=\"wp-block-paragraph\">Yeni d\u00fczenlemeler; icra ve iflas i\u015flemlerinden noterlik uygulamalar\u0131na, adli t\u0131p hizmetlerinden dijital delillere, doland\u0131r\u0131c\u0131l\u0131k su\u00e7lar\u0131ndan h\u00fckm\u00fcn a\u00e7\u0131klanmas\u0131n\u0131n geri b\u0131rak\u0131lmas\u0131na kadar bir\u00e7ok alanda \u00f6nemli de\u011fi\u015fiklikler i\u00e7eriyor.<\/p>\n\n\n\n<figure class=\"wp-block-image size-full\"><img loading=\"lazy\" decoding=\"async\" width=\"640\" height=\"383\" src=\"https:\/\/turkiyemhaber.com\/wp-content\/uploads\/2026\/07\/12-yargi-paketi-tbmm-genel-kur-20059792-6589_1_m.webp\" alt=\"\" class=\"wp-image-4018\" srcset=\"https:\/\/turkiyemhaber.com\/wp-content\/uploads\/2026\/07\/12-yargi-paketi-tbmm-genel-kur-20059792-6589_1_m.webp 640w, https:\/\/turkiyemhaber.com\/wp-content\/uploads\/2026\/07\/12-yargi-paketi-tbmm-genel-kur-20059792-6589_1_m-300x180.webp 300w, https:\/\/turkiyemhaber.com\/wp-content\/uploads\/2026\/07\/12-yargi-paketi-tbmm-genel-kur-20059792-6589_1_m-18x12.webp 18w\" sizes=\"auto, (max-width: 640px) 100vw, 640px\" \/><\/figure>\n\n\n\n<h2 class=\"wp-block-heading\">&#8220;IBAN Ma\u011fdurlar\u0131&#8221; \u0130\u00e7in Ceza \u0130ndirimi<\/h2>\n\n\n\n<p class=\"wp-block-paragraph\">Yasayla birlikte kamuoyunda &#8220;IBAN ma\u011fdurlar\u0131&#8221; olarak bilinen ve banka hesab\u0131n\u0131 maddi menfaat kar\u015f\u0131l\u0131\u011f\u0131nda veya ba\u015fkalar\u0131n\u0131n y\u00f6nlendirmesiyle kulland\u0131ran ki\u015filere y\u00f6nelik \u00f6nemli bir d\u00fczenleme getirildi.<\/p>\n\n\n\n<p class=\"wp-block-paragraph\">Doland\u0131r\u0131c\u0131l\u0131k veya nitelikli doland\u0131r\u0131c\u0131l\u0131k su\u00e7lar\u0131nda i\u015ftirakinin yaln\u0131zca banka hesab\u0131, IBAN, kart veya \u00f6deme ara\u00e7lar\u0131n\u0131n kullan\u0131lmas\u0131n\u0131 sa\u011flamakla s\u0131n\u0131rl\u0131 olmas\u0131 halinde verilecek ceza yar\u0131 oran\u0131nda indirilebilecek.<\/p>\n\n\n\n<p class=\"wp-block-paragraph\">Bu d\u00fczenleme ile binlerce ki\u015finin durumunun yeniden de\u011ferlendirilmesinin \u00f6n\u00fc a\u00e7\u0131l\u0131yor.<\/p>\n\n\n\n<hr class=\"wp-block-separator has-alpha-channel-opacity\"\/>\n\n\n\n<h2 class=\"wp-block-heading\">\u0130cra ve \u0130flas Kanunu&#8217;nda \u00d6nemli De\u011fi\u015fiklikler<\/h2>\n\n\n\n<p class=\"wp-block-paragraph\">Kanunla birlikte \u0130cra ve \u0130flas Kanunu&#8217;nda da kapsaml\u0131 de\u011fi\u015fikliklere gidildi.<\/p>\n\n\n\n<p class=\"wp-block-paragraph\">Buna g\u00f6re;<\/p>\n\n\n\n<ul class=\"wp-block-list\">\n<li>Miras\u00e7\u0131lar aras\u0131nda ortakl\u0131\u011f\u0131n giderilmesi amac\u0131yla yap\u0131lacak ta\u015f\u0131nmaz sat\u0131\u015flar\u0131nda ilk art\u0131rma yaln\u0131zca miras\u00e7\u0131lar aras\u0131nda ger\u00e7ekle\u015ftirilecek.<\/li>\n\n\n\n<li>Elektronik sat\u0131\u015f portal\u0131ndaki ilanlarda yeni kurallar uygulanacak.<\/li>\n\n\n\n<li>\u0130hale bedelini yat\u0131rmayan al\u0131c\u0131lara y\u00fczde 5 oran\u0131nda idari para cezas\u0131 verilecek.<\/li>\n\n\n\n<li>Teminatlar\u0131n nas\u0131l kullan\u0131laca\u011f\u0131 ve da\u011f\u0131t\u0131laca\u011f\u0131 ayr\u0131nt\u0131l\u0131 \u015fekilde yeniden d\u00fczenlendi.<\/li>\n<\/ul>\n\n\n\n<figure class=\"wp-block-image size-full\"><img loading=\"lazy\" decoding=\"async\" width=\"640\" height=\"433\" src=\"https:\/\/turkiyemhaber.com\/wp-content\/uploads\/2026\/07\/12-yargi-paketi-tbmm-genel-kur-20059792-9059_1_m.webp\" alt=\"\" class=\"wp-image-4019\" srcset=\"https:\/\/turkiyemhaber.com\/wp-content\/uploads\/2026\/07\/12-yargi-paketi-tbmm-genel-kur-20059792-9059_1_m.webp 640w, https:\/\/turkiyemhaber.com\/wp-content\/uploads\/2026\/07\/12-yargi-paketi-tbmm-genel-kur-20059792-9059_1_m-300x203.webp 300w, https:\/\/turkiyemhaber.com\/wp-content\/uploads\/2026\/07\/12-yargi-paketi-tbmm-genel-kur-20059792-9059_1_m-18x12.webp 18w\" sizes=\"auto, (max-width: 640px) 100vw, 640px\" \/><\/figure>\n\n\n\n<hr class=\"wp-block-separator has-alpha-channel-opacity\"\/>\n\n\n\n<h2 class=\"wp-block-heading\">Dan\u0131\u015ftay D\u00fczenlemesi<\/h2>\n\n\n\n<p class=\"wp-block-paragraph\">Dan\u0131\u015ftay&#8217;daki daire say\u0131s\u0131n\u0131n 10&#8217;a d\u00fc\u015f\u00fcr\u00fclmesine ili\u015fkin s\u00fcrenin sona ermesi beklenirken, bu s\u00fcre 4 y\u0131l daha uzat\u0131ld\u0131.<\/p>\n\n\n\n<p class=\"wp-block-paragraph\">Buna g\u00f6re mevcut yap\u0131 23 Temmuz 2030 tarihine kadar korunacak.<\/p>\n\n\n\n<hr class=\"wp-block-separator has-alpha-channel-opacity\"\/>\n\n\n\n<h2 class=\"wp-block-heading\">Noterliklerde Yeni D\u00f6nem<\/h2>\n\n\n\n<p class=\"wp-block-paragraph\">Noterlik evrak ve defterleri;<\/p>\n\n\n\n<ul class=\"wp-block-list\">\n<li>Mahkemeler,<\/li>\n\n\n\n<li>Sulh ceza hakimlikleri,<\/li>\n\n\n\n<li>Cumhuriyet ba\u015fsavc\u0131l\u0131klar\u0131,<\/li>\n\n\n\n<li>Yetkili resmi kurumlar<\/li>\n<\/ul>\n\n\n\n<p class=\"wp-block-paragraph\">taraf\u0131ndan incelenebilecek.<\/p>\n\n\n\n<p class=\"wp-block-paragraph\">Noterlik belgelerinin elektronik ortamda g\u00fcvenli elektronik imzayla g\u00f6nderilmesine ili\u015fkin yeni sistem de y\u00fcr\u00fcrl\u00fc\u011fe girecek.<\/p>\n\n\n\n<hr class=\"wp-block-separator has-alpha-channel-opacity\"\/>\n\n\n\n<figure class=\"wp-block-image size-full\"><img loading=\"lazy\" decoding=\"async\" width=\"640\" height=\"427\" src=\"https:\/\/turkiyemhaber.com\/wp-content\/uploads\/2026\/07\/12-yargi-paketi-tbmm-genel-kur-20059792-9863_1_m.webp\" alt=\"\" class=\"wp-image-4020\" srcset=\"https:\/\/turkiyemhaber.com\/wp-content\/uploads\/2026\/07\/12-yargi-paketi-tbmm-genel-kur-20059792-9863_1_m.webp 640w, https:\/\/turkiyemhaber.com\/wp-content\/uploads\/2026\/07\/12-yargi-paketi-tbmm-genel-kur-20059792-9863_1_m-300x200.webp 300w, https:\/\/turkiyemhaber.com\/wp-content\/uploads\/2026\/07\/12-yargi-paketi-tbmm-genel-kur-20059792-9863_1_m-18x12.webp 18w\" sizes=\"auto, (max-width: 640px) 100vw, 640px\" \/><\/figure>\n\n\n\n<h2 class=\"wp-block-heading\">\u0130dare Mahkemelerinde Tek Hakim D\u00f6nemi Geni\u015fliyor<\/h2>\n\n\n\n<p class=\"wp-block-paragraph\">486 bin liray\u0131 a\u015fmayan;<\/p>\n\n\n\n<ul class=\"wp-block-list\">\n<li>\u0130ptal davalar\u0131,<\/li>\n\n\n\n<li>Tam yarg\u0131 davalar\u0131,<\/li>\n\n\n\n<li>\u00d6\u011frenci i\u015flemleri,<\/li>\n\n\n\n<li>Yurt ve burs i\u015flemleri,<\/li>\n\n\n\n<li>Kamu g\u00f6revlilerine ili\u015fkin baz\u0131 i\u015flemler,<\/li>\n<\/ul>\n\n\n\n<p class=\"wp-block-paragraph\">tek hakim taraf\u0131ndan karara ba\u011flanabilecek.<\/p>\n\n\n\n<p class=\"wp-block-paragraph\">Ayn\u0131 \u015fekilde 486 bin liray\u0131 a\u015fmayan vergi davalar\u0131 da tek hakim taraf\u0131ndan sonu\u00e7land\u0131r\u0131labilecek.<\/p>\n\n\n\n<hr class=\"wp-block-separator has-alpha-channel-opacity\"\/>\n\n\n\n<h2 class=\"wp-block-heading\">Adli T\u0131p Kurumu&#8217;nda Yeni D\u00fczenleme<\/h2>\n\n\n\n<p class=\"wp-block-paragraph\">Adli T\u0131p \u0130htisas Kurulu ba\u015fkan ve \u00fcyeleri i\u00e7in;<\/p>\n\n\n\n<ul class=\"wp-block-list\">\n<li>T\u0131p veya di\u015f hekimli\u011fi uzmanl\u0131\u011f\u0131,<\/li>\n\n\n\n<li>Ya da ilgili alanda doktora derecesi<\/li>\n<\/ul>\n\n\n\n<p class=\"wp-block-paragraph\">\u015fart\u0131 getirildi.<\/p>\n\n\n\n<p class=\"wp-block-paragraph\">Kurul ba\u015fkanlar\u0131 ve \u00fcyelerinin g\u00f6rev s\u00fcresi 4 y\u0131l olacak.<\/p>\n\n\n\n<hr class=\"wp-block-separator has-alpha-channel-opacity\"\/>\n\n\n\n<figure class=\"wp-block-image size-full\"><img loading=\"lazy\" decoding=\"async\" width=\"640\" height=\"480\" src=\"https:\/\/turkiyemhaber.com\/wp-content\/uploads\/2026\/07\/12-yargi-paketi-tbmm-genel-kur-20059792-9781_1_m.jpg\" alt=\"\" class=\"wp-image-4021\" srcset=\"https:\/\/turkiyemhaber.com\/wp-content\/uploads\/2026\/07\/12-yargi-paketi-tbmm-genel-kur-20059792-9781_1_m.jpg 640w, https:\/\/turkiyemhaber.com\/wp-content\/uploads\/2026\/07\/12-yargi-paketi-tbmm-genel-kur-20059792-9781_1_m-300x225.jpg 300w, https:\/\/turkiyemhaber.com\/wp-content\/uploads\/2026\/07\/12-yargi-paketi-tbmm-genel-kur-20059792-9781_1_m-16x12.jpg 16w, https:\/\/turkiyemhaber.com\/wp-content\/uploads\/2026\/07\/12-yargi-paketi-tbmm-genel-kur-20059792-9781_1_m-320x240.jpg 320w\" sizes=\"auto, (max-width: 640px) 100vw, 640px\" \/><\/figure>\n\n\n\n<h2 class=\"wp-block-heading\">Hakim ve Savc\u0131 Yard\u0131mc\u0131lar\u0131na Yeni E\u011fitim Sistemi<\/h2>\n\n\n\n<p class=\"wp-block-paragraph\">Yeni d\u00fczenleme ile hakim ve savc\u0131 yard\u0131mc\u0131lar\u0131na;<\/p>\n\n\n\n<ul class=\"wp-block-list\">\n<li>Anayasa Hukuku,<\/li>\n\n\n\n<li>\u0130nsan Haklar\u0131 Hukuku,<\/li>\n\n\n\n<li>Ceza Hukuku,<\/li>\n\n\n\n<li>\u00d6zel Hukuk,<\/li>\n\n\n\n<li>\u0130dare Hukuku,<\/li>\n\n\n\n<li>Vergi Hukuku,<\/li>\n\n\n\n<li>Duru\u015fma Y\u00f6netimi,<\/li>\n\n\n\n<li>Karar Yaz\u0131m\u0131<\/li>\n<\/ul>\n\n\n\n<p class=\"wp-block-paragraph\">alanlar\u0131nda kapsaml\u0131 e\u011fitim verilecek.<\/p>\n\n\n\n<hr class=\"wp-block-separator has-alpha-channel-opacity\"\/>\n\n\n\n<figure class=\"wp-block-image size-full\"><img loading=\"lazy\" decoding=\"async\" width=\"640\" height=\"360\" src=\"https:\/\/turkiyemhaber.com\/wp-content\/uploads\/2026\/07\/12-yargi-paketi-tbmm-genel-kur-20059792-2638_1_m.webp\" alt=\"\" class=\"wp-image-4022\" srcset=\"https:\/\/turkiyemhaber.com\/wp-content\/uploads\/2026\/07\/12-yargi-paketi-tbmm-genel-kur-20059792-2638_1_m.webp 640w, https:\/\/turkiyemhaber.com\/wp-content\/uploads\/2026\/07\/12-yargi-paketi-tbmm-genel-kur-20059792-2638_1_m-300x169.webp 300w, https:\/\/turkiyemhaber.com\/wp-content\/uploads\/2026\/07\/12-yargi-paketi-tbmm-genel-kur-20059792-2638_1_m-18x10.webp 18w\" sizes=\"auto, (max-width: 640px) 100vw, 640px\" \/><\/figure>\n\n\n\n<h2 class=\"wp-block-heading\">Bilirki\u015fiye Gereksiz Ba\u015fvuran Hakim ve Savc\u0131lara Uyar\u0131 Cezas\u0131<\/h2>\n\n\n\n<p class=\"wp-block-paragraph\">Hakimlik ve savc\u0131l\u0131k mesle\u011finin gerektirdi\u011fi hukuki bilgiyle \u00e7\u00f6z\u00fclebilecek konularda bilirki\u015fiye ba\u015fvurulmas\u0131 halinde uyarma cezas\u0131 uygulanabilecek.<\/p>\n\n\n\n<hr class=\"wp-block-separator has-alpha-channel-opacity\"\/>\n\n\n\n<h2 class=\"wp-block-heading\">Kanuni Faiz Hesab\u0131 De\u011fi\u015fiyor<\/h2>\n\n\n\n<p class=\"wp-block-paragraph\">Yeni d\u00fczenlemeye g\u00f6re;<\/p>\n\n\n\n<p class=\"wp-block-paragraph\">Faiz oran\u0131 s\u00f6zle\u015fmede belirtilmemi\u015fse y\u0131ll\u0131k faiz oran\u0131, T\u00fcrkiye Cumhuriyet Merkez Bankas\u0131&#8217;n\u0131n \u00f6nceki y\u0131l\u0131n 31 Aral\u0131k g\u00fcn\u00fc uygulad\u0131\u011f\u0131 k\u0131sa vadeli kredi i\u015flemlerindeki reeskont oran\u0131n\u0131n y\u00fczde 80&#8217;i \u00fczerinden hesaplanacak.<\/p>\n\n\n\n<hr class=\"wp-block-separator has-alpha-channel-opacity\"\/>\n\n\n\n<h2 class=\"wp-block-heading\">Vesayet Alt\u0131ndaki Ki\u015filerin Mallar\u0131 Elektronik Ortamda Sat\u0131labilecek<\/h2>\n\n\n\n<p class=\"wp-block-paragraph\">Vesayet alt\u0131ndaki ki\u015filere ait;<\/p>\n\n\n\n<ul class=\"wp-block-list\">\n<li>Ta\u015f\u0131n\u0131rlar<\/li>\n\n\n\n<li>Ta\u015f\u0131nmazlar<\/li>\n<\/ul>\n\n\n\n<p class=\"wp-block-paragraph\">UYAP&#8217;a entegre elektronik sat\u0131\u015f portal\u0131 \u00fczerinden a\u00e7\u0131k art\u0131rmayla sat\u0131labilecek.<\/p>\n\n\n\n<p class=\"wp-block-paragraph\">Bu h\u00fck\u00fcmler kanunun yay\u0131mlanmas\u0131ndan 3 ay sonra uygulanmaya ba\u015flanacak.<\/p>\n\n\n\n<hr class=\"wp-block-separator has-alpha-channel-opacity\"\/>\n\n\n\n<h2 class=\"wp-block-heading\">Doland\u0131r\u0131c\u0131l\u0131k Su\u00e7lar\u0131nda Yeni D\u00fczenleme<\/h2>\n\n\n\n<p class=\"wp-block-paragraph\">T\u00fcrk Ceza Kanunu&#8217;nun nitelikli doland\u0131r\u0131c\u0131l\u0131k su\u00e7unu d\u00fczenleyen 158&#8217;inci maddesine yeni h\u00fck\u00fcm eklendi.<\/p>\n\n\n\n<p class=\"wp-block-paragraph\">Buna g\u00f6re;<\/p>\n\n\n\n<p class=\"wp-block-paragraph\">Sadece banka hesab\u0131, kredi kart\u0131 veya \u00f6deme sistemlerinin kullan\u0131lmas\u0131na imkan sa\u011flayan ki\u015filer i\u00e7in verilecek ceza yar\u0131 oran\u0131nda indirilebilecek.<\/p>\n\n\n\n<hr class=\"wp-block-separator has-alpha-channel-opacity\"\/>\n\n\n\n<h2 class=\"wp-block-heading\">Genetik Verilerin Saklanmas\u0131 ve \u0130mhas\u0131 Yeniden D\u00fczenlendi<\/h2>\n\n\n\n<p class=\"wp-block-paragraph\">Genetik inceleme sonu\u00e7lar\u0131;<\/p>\n\n\n\n<ul class=\"wp-block-list\">\n<li>Kimlik bilgilerinden ar\u0131nd\u0131r\u0131larak \u00f6zel sisteme kaydedilecek.<\/li>\n\n\n\n<li>Mahkeme kararlar\u0131n\u0131n kesinle\u015fmesinden itibaren 20 y\u0131l sonunda imha edilecek.<\/li>\n\n\n\n<li>Ki\u015filer belirli \u015fartlarda verilerinin silinmesini talep edebilecek.<\/li>\n<\/ul>\n\n\n\n<hr class=\"wp-block-separator has-alpha-channel-opacity\"\/>\n\n\n\n<h2 class=\"wp-block-heading\">H\u00fckm\u00fcn A\u00e7\u0131klanmas\u0131n\u0131n Geri B\u0131rak\u0131lmas\u0131 (HAGB) Yeniden D\u00fczenlendi<\/h2>\n\n\n\n<p class=\"wp-block-paragraph\">Yeni yasaya g\u00f6re;<\/p>\n\n\n\n<ul class=\"wp-block-list\">\n<li>2 y\u0131l veya daha az s\u00fcreli hapis cezalar\u0131 ile adli para cezalar\u0131nda HAGB uygulanabilecek.<\/li>\n\n\n\n<li>San\u0131k 5 y\u0131l denetime tabi tutulacak.<\/li>\n\n\n\n<li>Bu s\u00fcre i\u00e7inde kas\u0131tl\u0131 yeni su\u00e7 i\u015flenmezse dava d\u00fc\u015fecek.<\/li>\n\n\n\n<li>Y\u00fck\u00fcml\u00fcl\u00fcklere uyulmamas\u0131 halinde h\u00fck\u00fcm a\u00e7\u0131klanacak.<\/li>\n<\/ul>\n\n\n\n<p class=\"wp-block-paragraph\">Ayr\u0131ca;<\/p>\n\n\n\n<ul class=\"wp-block-list\">\n<li>\u0130\u015fkence su\u00e7u,<\/li>\n\n\n\n<li>Eziyet su\u00e7u,<\/li>\n\n\n\n<li>Kamu g\u00f6revlilerinin k\u00f6t\u00fc muamele kapsam\u0131na giren su\u00e7lar\u0131<\/li>\n<\/ul>\n\n\n\n<p class=\"wp-block-paragraph\">i\u00e7in HAGB uygulanamayacak.<\/p>\n\n\n\n<hr class=\"wp-block-separator has-alpha-channel-opacity\"\/>\n\n\n\n<h2 class=\"wp-block-heading\">Bakan G\u00fcrlek&#8217;ten A\u00e7\u0131klama<\/h2>\n\n\n\n<p class=\"wp-block-paragraph\">Adalet Bakan\u0131 Ak\u0131n G\u00fcrlek, d\u00fczenlemenin yasala\u015fmas\u0131n\u0131n ard\u0131ndan yapt\u0131\u011f\u0131 a\u00e7\u0131klamada \u015fu ifadeleri kulland\u0131:<\/p>\n\n\n\n<p class=\"wp-block-paragraph\"><em>&#8220;Cumhurba\u015fkan\u0131m\u0131z Say\u0131n Recep Tayyip Erdo\u011fan&#8217;\u0131n liderli\u011finde, T\u00fcrkiye Y\u00fczy\u0131l\u0131&#8217;n\u0131 Adaletin Y\u00fczy\u0131l\u0131 k\u0131lma hedefiyle reform \u00e7al\u0131\u015fmalar\u0131m\u0131z\u0131 kararl\u0131l\u0131kla s\u00fcrd\u00fcrece\u011fiz. Yarg\u0131 hizmetlerinin daha h\u0131zl\u0131, etkin ve verimli y\u00fcr\u00fct\u00fclmesini sa\u011flayacak d\u00fczenlemelerle adalet sistemimizi daha da g\u00fc\u00e7lendirece\u011fiz.&#8221;<\/em><\/p>\n\n\n\n<p class=\"wp-block-paragraph\">Yeni yarg\u0131 paketinin vatanda\u015flar, hukuk camias\u0131 ve adalet te\u015fkilat\u0131 i\u00e7in hay\u0131rl\u0131 olmas\u0131 temennisinde bulunan G\u00fcrlek, reform s\u00fcrecinin devam edece\u011fini belirtti.<\/p>\n\n\n\n<p class=\"wp-block-paragraph\"><strong>Etiketler:<\/strong><br>TBMM Genel Kurulu, 12. Yarg\u0131 Paketi, Adalet Bakanl\u0131\u011f\u0131, Ak\u0131n G\u00fcrlek, \u0130cra ve \u0130flas Kanunu, HAGB, H\u00fckm\u00fcn A\u00e7\u0131klanmas\u0131n\u0131n Geri B\u0131rak\u0131lmas\u0131, Doland\u0131r\u0131c\u0131l\u0131k, IBAN Ma\u011fdurlar\u0131, Adli T\u0131p Kurumu, Dan\u0131\u015ftay, Noterlik Kanunu, Hakim ve Savc\u0131 Yard\u0131mc\u0131lar\u0131, Ceza Hukuku, Yarg\u0131 Reformu, G\u00fcncel, Hukuk, T\u00fcrkiye<\/p>\n\n\n\n<p class=\"wp-block-paragraph\"><strong>#Hashtagler<\/strong><br>#SonDakika #TBMM #12Yarg\u0131Paketi #Yarg\u0131Paketi #Adalet #Ak\u0131nG\u00fcrlek #Hukuk #Yarg\u0131 #IBAN #IBANMa\u011fdurlar\u0131 #Doland\u0131r\u0131c\u0131l\u0131k #AdliT\u0131p #Noterlik #Dan\u0131\u015ftay #Mahkeme #HAGB #CezaHukuku #T\u00fcrkiye #G\u00fcndem #G\u00fcncelHaber #Ekonomi #Banka #KrediKart\u0131 #UYAP #AdaletBakanl\u0131\u011f\u0131 #Meclis #ResmiGazete #T\u00fcrkiyemHaber #Gundem59 #Gundem44 #Gundem34Haber #Saray59<\/p>\n","protected":false},"excerpt":{"rendered":"<p>Kamuoyunda &#8220;12. Yarg\u0131 Paketi&#8221; olarak bilinen Yarg\u0131n\u0131n Etkin ve Verimli \u0130\u015flemesine Y\u00f6nelik Baz\u0131 Kanunlarda De\u011fi\u015fiklik<\/p>\n","protected":false},"author":1,"featured_media":4017,"comment_status":"open","ping_status":"open","sticky":false,"template":"","format":"standard","meta":{"_rtcl_gb_attr":"","footnotes":""},"categories":[43],"tags":[],"class_list":["post-4016","post","type-post","status-publish","format-standard","has-post-thumbnail","hentry","category-son-dakika"],"_links":{"self":[{"href":"https:\/\/turkiyemhaber.com\/index.php?rest_route=\/wp\/v2\/posts\/4016","targetHints":{"allow":["GET"]}}],"collection":[{"href":"https:\/\/turkiyemhaber.com\/index.php?rest_route=\/wp\/v2\/posts"}],"about":[{"href":"https:\/\/turkiyemhaber.com\/index.php?rest_route=\/wp\/v2\/types\/post"}],"author":[{"embeddable":true,"href":"https:\/\/turkiyemhaber.com\/index.php?rest_route=\/wp\/v2\/users\/1"}],"replies":[{"embeddable":true,"href":"https:\/\/turkiyemhaber.com\/index.php?rest_route=%2Fwp%2Fv2%2Fcomments&post=4016"}],"version-history":[{"count":1,"href":"https:\/\/turkiyemhaber.com\/index.php?rest_route=\/wp\/v2\/posts\/4016\/revisions"}],"predecessor-version":[{"id":4023,"href":"https:\/\/turkiyemhaber.com\/index.php?rest_route=\/wp\/v2\/posts\/4016\/revisions\/4023"}],"wp:featuredmedia":[{"embeddable":true,"href":"https:\/\/turkiyemhaber.com\/index.php?rest_route=\/wp\/v2\/media\/4017"}],"wp:attachment":[{"href":"https:\/\/turkiyemhaber.com\/index.php?rest_route=%2Fwp%2Fv2%2Fmedia&parent=4016"}],"wp:term":[{"taxonomy":"category","embeddable":true,"href":"https:\/\/turkiyemhaber.com\/index.php?rest_route=%2Fwp%2Fv2%2Fcategories&post=4016"},{"taxonomy":"post_tag","embeddable":true,"href":"https:\/\/turkiyemhaber.com\/index.php?rest_route=%2Fwp%2Fv2%2Ftags&post=4016"}],"curies":[{"name":"wp","href":"https:\/\/api.w.org\/{rel}","templated":true}]}}