{"id":4011,"date":"2026-07-16T21:53:50","date_gmt":"2026-07-16T21:53:50","guid":{"rendered":"https:\/\/turkiyemhaber.com\/?p=4011"},"modified":"2026-07-16T22:05:53","modified_gmt":"2026-07-16T22:05:53","slug":"uyusturucu-sorusturmasinda-gozaltina-alinan-unlulerden-ilk-goruntu","status":"publish","type":"post","link":"https:\/\/turkiyemhaber.com\/?p=4011","title":{"rendered":"Uyu\u015fturucu Soru\u015fturmas\u0131nda G\u00f6zalt\u0131na Al\u0131nan \u00dcnl\u00fclerden \u0130lk G\u00f6r\u00fcnt\u00fc"},"content":{"rendered":"\n<p class=\"wp-block-paragraph\">Bak\u0131rk\u00f6y Cumhuriyet Ba\u015fsavc\u0131l\u0131\u011f\u0131 taraf\u0131ndan y\u00fcr\u00fct\u00fclen uyu\u015fturucu soru\u015fturmas\u0131 kapsam\u0131nda g\u00f6zalt\u0131na al\u0131nan ve aralar\u0131nda \u00fcnl\u00fc \u015fark\u0131c\u0131lar S\u0131la Gen\u00e7o\u011flu ile \u0130lyas Yal\u00e7\u0131nta\u015f&#8217;\u0131n da bulundu\u011fu \u015f\u00fcpheliler, sa\u011fl\u0131k kontrol\u00fcnden ge\u00e7irilerek Adli T\u0131p Kurumu&#8217;na sevk edildi.<\/p>\n\n\n\n<figure class=\"wp-block-video\"><\/figure>\n\n\n\n<p class=\"wp-block-paragraph\">Kamuoyunda sanat\u00e7\u0131, oyuncu, i\u015f insan\u0131 ve i\u015fletmeci olarak tan\u0131nan baz\u0131 isimlerin uyu\u015fturucu ve uyar\u0131c\u0131 madde kulland\u0131klar\u0131, kullan\u0131m\u0131n\u0131 kolayla\u015ft\u0131rd\u0131klar\u0131 veya yer temin ettikleri iddialar\u0131 \u00fczerine ba\u015flat\u0131lan soru\u015fturma kapsam\u0131nda \u0130stanbul \u0130l Jandarma Komutanl\u0131\u011f\u0131 ekipleri taraf\u0131ndan operasyon d\u00fczenlendi.<\/p>\n\n\n\n<p class=\"wp-block-paragraph\">Operasyonda g\u00f6zalt\u0131na al\u0131nan isimler aras\u0131nda S\u0131la Gen\u00e7o\u011flu, \u0130lyas Yal\u00e7\u0131nta\u015f, Mehmet Fatih Aksoy, Ate\u015f \u0130nce, \u015eefik \u00d6mer Dolman, Ayb\u00fcke Albere, Ay\u015fe Nur Balc\u0131, \u0130rem Haznedar ve \u00d6ner Faruk I\u015f\u0131k da yer ald\u0131.<\/p>\n\n\n\n<p class=\"wp-block-paragraph\">Jandarmadaki i\u015flemleri tamamlanan \u015f\u00fcpheliler, Seyrantepe Hamidiye Etfal E\u011fitim ve Ara\u015ft\u0131rma Hastanesi&#8217;nde sa\u011fl\u0131k kontrol\u00fcnden ge\u00e7irildi. Ard\u0131ndan kan ve sa\u00e7 \u00f6rnekleri al\u0131nmak \u00fczere Adli T\u0131p Kurumu&#8217;na sevk edildi. B\u00f6ylece soru\u015fturma kapsam\u0131nda g\u00f6zalt\u0131na al\u0131nan isimlerin ilk g\u00f6r\u00fcnt\u00fcleri de ortaya \u00e7\u0131kt\u0131.<\/p>\n\n\n\n<p class=\"wp-block-paragraph\"><strong>G\u00f6zalt\u0131 Karar\u0131 Verilen 25 \u0130sim:<\/strong><\/p>\n\n\n\n<p class=\"wp-block-paragraph\">1- S\u0131la Gen\u00e7o\u011flu (G\u00f6zalt\u0131nda)<br>2- \u0130lyas Yal\u00e7\u0131nta\u015f (G\u00f6zalt\u0131nda)<br>3- Mehmet Fatih Aksoy (G\u00f6zalt\u0131nda)<br>4- Ate\u015f \u0130nce (G\u00f6zalt\u0131nda)<br>5- \u00d6ner Faruk I\u015f\u0131k (G\u00f6zalt\u0131nda)<br>6- \u015eefik \u00d6mer Dolman (G\u00f6zalt\u0131nda)<br>7- Ayb\u00fcke Albere (G\u00f6zalt\u0131nda)<br>8- Ay\u015fe Nur Balc\u0131 (G\u00f6zalt\u0131nda)<br>9- \u0130rem Haznedar (G\u00f6zalt\u0131nda)<br>10- Orhan Y\u0131ld\u0131z (G\u00f6zalt\u0131nda)<br>11- Burak \u00c7elik<br>12- Volkan B\u00fcy\u00fckhanl\u0131<br>13- B\u00fc\u015fra Tatar<br>14- Cenk \u00c7\u00f6teli<br>15- Feyza Cihan<br>16- Asude Mercan<br>17- H. Eylem \u0130pek \u015eafak<br>18- G\u00f6khan \u015eafak<br>19- \u00dcmit Aslan<br>20- Bu\u011fra Balkaya<br>21- Ak\u0131n Altan<br>22- O\u011fuz Alp G\u00fcler<br>23- K\u00fcbra Altay<br>24- Hilal Zeynep Hedbe<br>25- Melis Sel\u00e7uko\u011flu<\/p>\n\n\n\n<p class=\"wp-block-paragraph\">Soru\u015fturma kapsam\u0131nda g\u00f6zalt\u0131ndaki \u015f\u00fcphelilerin ifade i\u015flemleri ve adli s\u00fcre\u00e7leri devam ediyor.<\/p>\n\n\n\n<p class=\"wp-block-paragraph\">&#x1f449; T\u00fcrkiye g\u00fcndeminden en g\u00fcncel haberler i\u00e7in;<\/p>\n\n\n\n<p class=\"wp-block-paragraph\">&#x1f310; <a href=\"http:\/\/www.gundem59.com.tr\/\">www.gundem59.com.tr<\/a><br>&#x1f310; <a href=\"http:\/\/www.turkiyemhaber.com\/\">www.turkiyemhaber.com<\/a><br>&#x1f310; <a href=\"http:\/\/www.gundem44.com.tr\/\">www.gundem44.com.tr<\/a><br>&#x1f310; <a href=\"http:\/\/www.gundem34haber.com.tr\/\">www.gundem34haber.com.tr<\/a><br>&#x1f310; <a href=\"http:\/\/www.saray59.com.tr\/\">www.saray59.com.tr<\/a><\/p>\n\n\n\n<p class=\"wp-block-paragraph\">&#x1f4fa; <a href=\"http:\/\/www.turkiyemhabertv.com\/\">www.turkiyemhabertv.com<\/a><br>&#x1f4fb; <a href=\"http:\/\/www.turkiyemradyo.com\/\">www.turkiyemradyo.com<\/a><\/p>\n\n\n\n<p class=\"wp-block-paragraph\">&#x1f4f1; @gundem59__<br>&#x1f4f1; @turkiyemhaber_tr<\/p>\n\n\n\n<p class=\"wp-block-paragraph\">#SonDakika #S\u0131la #S\u0131laGen\u00e7o\u011flu #\u0130lyasYal\u00e7\u0131nta\u015f #FatihAksoy #Uyu\u015fturucu #Uyu\u015fturucuOperasyonu #Bak\u0131rk\u00f6yCumhuriyetBa\u015fsavc\u0131l\u0131\u011f\u0131 #Jandarma #AdliT\u0131p #G\u00f6zalt\u0131 #Magazin #G\u00fcndem #T\u00fcrkiye #G\u00fcncelHaber #Burak\u00c7elik #VolkanB\u00fcy\u00fckhanl\u0131 #B\u00fc\u015fraTatar #Cenk\u00c7\u00f6teli #FeyzaCihan #AsudeMercan #Eylem\u0130pek\u015eafak #G\u00f6khan\u015eafak #\u00dcmitAslan #Bu\u011fraBalkaya #Ak\u0131nAltan #O\u011fuzAlpG\u00fcler #K\u00fcbraAltay #HilalZeynepHedbe #MelisSel\u00e7uko\u011flu #Gundem59 #TurkiyemHaber #Gundem44 #Gundem34Haber #Saray59 #TurkiyemHaberTV #TurkiyemRadyo<\/p>\n","protected":false},"excerpt":{"rendered":"<p>Bak\u0131rk\u00f6y Cumhuriyet Ba\u015fsavc\u0131l\u0131\u011f\u0131 taraf\u0131ndan y\u00fcr\u00fct\u00fclen uyu\u015fturucu soru\u015fturmas\u0131 kapsam\u0131nda g\u00f6zalt\u0131na al\u0131nan ve aralar\u0131nda \u00fcnl\u00fc \u015fark\u0131c\u0131lar S\u0131la<\/p>\n","protected":false},"author":1,"featured_media":4012,"comment_status":"open","ping_status":"open","sticky":false,"template":"","format":"standard","meta":{"_rtcl_gb_attr":"","footnotes":""},"categories":[1],"tags":[],"class_list":["post-4011","post","type-post","status-publish","format-standard","has-post-thumbnail","hentry","category-http-turkiyemhaber-com-wp-content-uploads-2026-03-saray-59-haber-13-mart-pdf"],"_links":{"self":[{"href":"https:\/\/turkiyemhaber.com\/index.php?rest_route=\/wp\/v2\/posts\/4011","targetHints":{"allow":["GET"]}}],"collection":[{"href":"https:\/\/turkiyemhaber.com\/index.php?rest_route=\/wp\/v2\/posts"}],"about":[{"href":"https:\/\/turkiyemhaber.com\/index.php?rest_route=\/wp\/v2\/types\/post"}],"author":[{"embeddable":true,"href":"https:\/\/turkiyemhaber.com\/index.php?rest_route=\/wp\/v2\/users\/1"}],"replies":[{"embeddable":true,"href":"https:\/\/turkiyemhaber.com\/index.php?rest_route=%2Fwp%2Fv2%2Fcomments&post=4011"}],"version-history":[{"count":2,"href":"https:\/\/turkiyemhaber.com\/index.php?rest_route=\/wp\/v2\/posts\/4011\/revisions"}],"predecessor-version":[{"id":4015,"href":"https:\/\/turkiyemhaber.com\/index.php?rest_route=\/wp\/v2\/posts\/4011\/revisions\/4015"}],"wp:featuredmedia":[{"embeddable":true,"href":"https:\/\/turkiyemhaber.com\/index.php?rest_route=\/wp\/v2\/media\/4012"}],"wp:attachment":[{"href":"https:\/\/turkiyemhaber.com\/index.php?rest_route=%2Fwp%2Fv2%2Fmedia&parent=4011"}],"wp:term":[{"taxonomy":"category","embeddable":true,"href":"https:\/\/turkiyemhaber.com\/index.php?rest_route=%2Fwp%2Fv2%2Fcategories&post=4011"},{"taxonomy":"post_tag","embeddable":true,"href":"https:\/\/turkiyemhaber.com\/index.php?rest_route=%2Fwp%2Fv2%2Ftags&post=4011"}],"curies":[{"name":"wp","href":"https:\/\/api.w.org\/{rel}","templated":true}]}}