{"id":4005,"date":"2026-07-16T18:24:59","date_gmt":"2026-07-16T18:24:59","guid":{"rendered":"https:\/\/turkiyemhaber.com\/?p=4005"},"modified":"2026-07-16T18:25:04","modified_gmt":"2026-07-16T18:25:04","slug":"muhsin-yazicioglu-dosyasinda-feto-iddiasi-bylock-mesajlari-ve-yeni-belgeler-sorusturmada","status":"publish","type":"post","link":"https:\/\/turkiyemhaber.com\/?p=4005","title":{"rendered":"MUHS\u0130N YAZICIO\u011eLU DOSYASINDA FET\u00d6 \u0130DD\u0130ASI: BYLOCK MESAJLARI VE YEN\u0130 BELGELER SORU\u015eTURMADA"},"content":{"rendered":"\n<p class=\"wp-block-paragraph\">B\u00fcy\u00fck Birlik Partisi (BBP) Kurucu Genel Ba\u015fkan\u0131 Muhsin Yaz\u0131c\u0131o\u011flu ile beraberindeki 5 ki\u015finin 25 Mart 2009 tarihinde hayat\u0131n\u0131 kaybetti\u011fi helikopter kazas\u0131na ili\u015fkin yeniden a\u00e7\u0131lan soru\u015fturmada dikkat \u00e7ekici geli\u015fmeler ya\u015fan\u0131yor. Soru\u015fturma dosyas\u0131na giren yeni belge, yaz\u0131\u015fma ve tan\u0131k beyanlar\u0131, olay\u0131n perde arkas\u0131na ili\u015fkin \u00f6nemli iddialar\u0131 g\u00fcndeme ta\u015f\u0131d\u0131.<\/p>\n\n\n\n<p class=\"wp-block-paragraph\">G\u00fcvenlik birimleri taraf\u0131ndan haz\u0131rlanan bilgi notlar\u0131nda, FET\u00d6\u2019n\u00fcn hava kuvvetleri yap\u0131lanmas\u0131ndan ByLock yaz\u0131\u015fmalar\u0131na, \u00f6rg\u00fct mensuplar\u0131n\u0131n olay \u00f6ncesi ve sonras\u0131ndaki temaslar\u0131ndan sava\u015f u\u00e7aklar\u0131n\u0131n hareketlerine kadar bir\u00e7ok ayr\u0131nt\u0131 yer ald\u0131.<\/p>\n\n\n\n<figure class=\"wp-block-video\"><video height=\"1080\" style=\"aspect-ratio: 1920 \/ 1080;\" width=\"1920\" controls src=\"https:\/\/turkiyemhaber.com\/wp-content\/uploads\/2026\/07\/Kendi-tarzini-belirle-5.mp4\"><\/video><\/figure>\n\n\n\n<h2 class=\"wp-block-heading\">HEL\u0130KOPTER\u0130 SAVA\u015e U\u00c7AKLARI MI ETK\u0130LED\u0130?<\/h2>\n\n\n\n<p class=\"wp-block-paragraph\">G\u00fcvenlik kaynaklar\u0131n\u0131n incelemelerine g\u00f6re, helikopterin d\u00fc\u015ft\u00fc\u011f\u00fc b\u00f6lgede olay an\u0131nda \u00fc\u00e7 sava\u015f u\u00e7a\u011f\u0131n\u0131n bulundu\u011fu tespit edildi.<\/p>\n\n\n\n<p class=\"wp-block-paragraph\">Bu u\u00e7aklardan ikisinin Amasya 5. Ana Jet \u00dcss\u00fc&#8217;nden havalanan F-16 sava\u015f u\u00e7aklar\u0131, di\u011ferinin ise Malatya Erha\u00e7 Askeri\/Sivil Havaliman\u0131&#8217;ndan kalkan bir F-4 sava\u015f u\u00e7a\u011f\u0131 oldu\u011fu belirlendi.<\/p>\n\n\n\n<p class=\"wp-block-paragraph\">Radar kay\u0131tlar\u0131nda F-4 sava\u015f u\u00e7a\u011f\u0131n\u0131n belirli bir s\u00fcre boyunca radardan kayboldu\u011fu, bunun ise radar\u0131n kapat\u0131lmas\u0131, ani irtifa de\u011fi\u015fikli\u011fi ya da al\u00e7ak u\u00e7u\u015f nedeniyle ger\u00e7ekle\u015fmi\u015f olabilece\u011fi de\u011ferlendirildi.<\/p>\n\n\n\n<p class=\"wp-block-paragraph\">Bu nedenle sava\u015f u\u00e7aklar\u0131n\u0131n bilin\u00e7li ya da bilin\u00e7siz \u015fekilde helikopterin d\u00fc\u015fmesine neden olmu\u015f olabilece\u011fi ihtimali \u00fczerinde duruluyor.<\/p>\n\n\n\n<p class=\"wp-block-paragraph\">Devlet Denetleme Kurulu raporlar\u0131nda da F-4 ve F-16 tipi sava\u015f u\u00e7aklar\u0131n\u0131n al\u00e7ak irtifada ger\u00e7ekle\u015ftirdi\u011fi u\u00e7u\u015flar\u0131n helikopterler a\u00e7\u0131s\u0131ndan ciddi risk olu\u015fturabilece\u011fi belirtiliyor.<\/p>\n\n\n\n<p class=\"wp-block-paragraph\">Raporda ayr\u0131ca 1990&#8217;l\u0131 y\u0131llarda Eski\u015fehir&#8217;de ya\u015fanan ve bir F-4 sava\u015f u\u00e7a\u011f\u0131n\u0131n olu\u015fturdu\u011fu bas\u0131n\u00e7 nedeniyle bir helikopterin d\u00fc\u015fmesiyle sonu\u00e7lanan olay \u00f6rnek g\u00f6steriliyor.<\/p>\n\n\n\n<figure class=\"wp-block-image size-full\"><img loading=\"lazy\" decoding=\"async\" width=\"640\" height=\"327\" src=\"https:\/\/turkiyemhaber.com\/wp-content\/uploads\/2026\/07\/muhsin-yazicioglunun-olumunde-20059059-7201_1_m.webp\" alt=\"\" class=\"wp-image-4008\" srcset=\"https:\/\/turkiyemhaber.com\/wp-content\/uploads\/2026\/07\/muhsin-yazicioglunun-olumunde-20059059-7201_1_m.webp 640w, https:\/\/turkiyemhaber.com\/wp-content\/uploads\/2026\/07\/muhsin-yazicioglunun-olumunde-20059059-7201_1_m-300x153.webp 300w, https:\/\/turkiyemhaber.com\/wp-content\/uploads\/2026\/07\/muhsin-yazicioglunun-olumunde-20059059-7201_1_m-18x9.webp 18w\" sizes=\"auto, (max-width: 640px) 100vw, 640px\" \/><\/figure>\n\n\n\n<h2 class=\"wp-block-heading\">F-4 P\u0130LOTUNDAN AD\u0130L \u00d6KS\u00dcZ BA\u011eLANTISINA<\/h2>\n\n\n\n<p class=\"wp-block-paragraph\">Soru\u015fturma kapsam\u0131nda dikkat \u00e7eken isimlerden biri de olay g\u00fcn\u00fc b\u00f6lgede u\u00e7tu\u011fu de\u011ferlendirilen F-4 sava\u015f u\u00e7a\u011f\u0131n\u0131n pilotlar\u0131ndan Ali Arma\u011fan oldu.<\/p>\n\n\n\n<p class=\"wp-block-paragraph\">Ali Arma\u011fan&#8217;\u0131n u\u00e7u\u015f saatini tamamlamak amac\u0131yla olaydan 5 g\u00fcn \u00f6nce, 20 Mart 2009 tarihinde Malatya&#8217;ya geldi\u011fi tespit edildi.<\/p>\n\n\n\n<p class=\"wp-block-paragraph\">Arma\u011fan&#8217;\u0131n daha sonra FET\u00d6\/PDY ba\u011flant\u0131s\u0131 nedeniyle hakk\u0131nda adli i\u015flem yap\u0131ld\u0131\u011f\u0131 ve 2018-2023 y\u0131llar\u0131 aras\u0131nda cezaevinde bulundu\u011fu kaydedildi.<\/p>\n\n\n\n<p class=\"wp-block-paragraph\">Yap\u0131lan incelemelerde Ali Arma\u011fan&#8217;\u0131n 2010 y\u0131l\u0131ndan itibaren \u00f6rg\u00fctsel faaliyetlerde operasyonel hat kulland\u0131\u011f\u0131 ve FET\u00d6&#8217;n\u00fcn Hava Kuvvetleri mahrem yap\u0131lanmas\u0131n\u0131n \u00f6nemli isimlerinden Adil \u00d6ks\u00fcz ile yo\u011fun irtibat kurdu\u011fu belirlendi.<\/p>\n\n\n\n<p class=\"wp-block-paragraph\">Ayr\u0131ca Adil \u00d6ks\u00fcz&#8217;\u00fcn evinde yap\u0131lan aramalarda ele ge\u00e7irilen ve Fetullah G\u00fclen taraf\u0131ndan yaz\u0131ld\u0131\u011f\u0131 belirtilen bir kitab\u0131n \u00fczerinde Ali Arma\u011fan&#8217;\u0131n e\u015fi \u015eerife Arma\u011fan&#8217;a ait parmak izlerine rastland\u0131\u011f\u0131 da soru\u015fturma dosyas\u0131na girdi.<\/p>\n\n\n\n<h2 class=\"wp-block-heading\">KAZADAN \u00d6NCE MALATYA&#8217;DA MAHREM \u0130MAM TRAF\u0130\u011e\u0130<\/h2>\n\n\n\n<p class=\"wp-block-paragraph\">Dosyadaki en dikkat \u00e7ekici ayr\u0131nt\u0131lardan biri de FET\u00d6&#8217;n\u00fcn Hava Kuvvetleri mahrem yap\u0131lanmas\u0131nda g\u00f6rev alan isimlerin kaza \u00f6ncesinde ger\u00e7ekle\u015ftirdi\u011fi g\u00f6r\u00fc\u015fmeler oldu.<\/p>\n\n\n\n<p class=\"wp-block-paragraph\">D\u00f6nemin \u0130stanbul Hava Mahrem \u0130mam\u0131 oldu\u011fu belirtilen Erol Sa\u011flam&#8217;\u0131n 21 Mart 2009 tarihinde \u0130stanbul&#8217;dan Diyarbak\u0131r&#8217;a, oradan da Malatya&#8217;ya ge\u00e7ti\u011fi belirlendi.<\/p>\n\n\n\n<p class=\"wp-block-paragraph\">Sa\u011flam&#8217;\u0131n burada \u00f6rg\u00fct\u00fcn Malatya Hava Mahrem \u0130mam\u0131 Ali Cingita\u015f ile g\u00f6r\u00fc\u015ft\u00fc\u011f\u00fc ve ertesi g\u00fcn \u0130stanbul&#8217;a d\u00f6nd\u00fc\u011f\u00fc tespit edildi.<\/p>\n\n\n\n<p class=\"wp-block-paragraph\">Erol Sa\u011flam ile Ali Cingita\u015f&#8217;\u0131n ortak ba\u011flant\u0131s\u0131n\u0131n ise \u00f6rg\u00fct\u00fcn \u00fcst d\u00fczey hava mahrem imamlar\u0131ndan Ca\u011ffer Sar\u0131kaya oldu\u011fu belirtildi.<\/p>\n\n\n\n<figure class=\"wp-block-image size-full\"><img loading=\"lazy\" decoding=\"async\" width=\"640\" height=\"526\" src=\"https:\/\/turkiyemhaber.com\/wp-content\/uploads\/2026\/07\/muhsin-yazicioglunun-olumunde-20059059-5190_1_m.webp\" alt=\"\" class=\"wp-image-4009\" srcset=\"https:\/\/turkiyemhaber.com\/wp-content\/uploads\/2026\/07\/muhsin-yazicioglunun-olumunde-20059059-5190_1_m.webp 640w, https:\/\/turkiyemhaber.com\/wp-content\/uploads\/2026\/07\/muhsin-yazicioglunun-olumunde-20059059-5190_1_m-300x247.webp 300w, https:\/\/turkiyemhaber.com\/wp-content\/uploads\/2026\/07\/muhsin-yazicioglunun-olumunde-20059059-5190_1_m-15x12.webp 15w\" sizes=\"auto, (max-width: 640px) 100vw, 640px\" \/><\/figure>\n\n\n\n<h2 class=\"wp-block-heading\">AD\u0130L \u00d6KS\u00dcZ VE HARUN B\u0130N\u0130\u015e \u0130LE ABD YOLCULU\u011eU<\/h2>\n\n\n\n<p class=\"wp-block-paragraph\">Soru\u015fturma dosyas\u0131nda yer alan bilgilere g\u00f6re, Ca\u011ffer Sar\u0131kaya&#8217;n\u0131n 15 Temmuz darbe giri\u015fiminde Ak\u0131nc\u0131 \u00dcss\u00fc&#8217;nde yakalanan Harun Bini\u015f ve firari Adil \u00d6ks\u00fcz ile birlikte 23 Mart 2009 tarihinde ABD&#8217;ye gitti\u011fi tespit edildi.<\/p>\n\n\n\n<p class=\"wp-block-paragraph\">Bu seyahatin, Muhsin Yaz\u0131c\u0131o\u011flu&#8217;nun hayat\u0131n\u0131 kaybetti\u011fi helikopter kazas\u0131ndan yaln\u0131zca iki g\u00fcn \u00f6nce ger\u00e7ekle\u015fmi\u015f olmas\u0131 dikkat \u00e7ekti.<\/p>\n\n\n\n<p class=\"wp-block-paragraph\">\u00d6te yandan Malatya Hava Mahrem \u0130mam\u0131 Ali Cingita\u015f&#8217;\u0131n da kazadan 5 g\u00fcn sonra, 30 Mart 2009 tarihinde \u0130stanbul&#8217;a gitti\u011fi kaydedildi.<\/p>\n\n\n\n<h2 class=\"wp-block-heading\">KEMAL BATMAZ \u0130LE KAZA SONRASI TEMAS<\/h2>\n\n\n\n<p class=\"wp-block-paragraph\">G\u00fcvenlik birimlerinin tespitlerine g\u00f6re, Ali Cingita\u015f&#8217;\u0131n \u0130stanbul&#8217;da daha \u00f6nce herhangi bir irtibat\u0131n\u0131n bulunmad\u0131\u011f\u0131 belirtilen FET\u00d6&#8217;n\u00fcn hava mahrem imamlar\u0131ndan Kemal Batmaz ile g\u00f6r\u00fc\u015ft\u00fc\u011f\u00fc ortaya \u00e7\u0131kt\u0131.<\/p>\n\n\n\n<p class=\"wp-block-paragraph\">15 Temmuz darbe giri\u015fiminde Ak\u0131nc\u0131 Hava \u00dcss\u00fc&#8217;n\u00fcn y\u00f6neticilerinden biri oldu\u011fu belirtilen Kemal Batmaz&#8217;\u0131n, Erol Sa\u011flam ve Ali Cingita\u015f ile \u0130stanbul&#8217;da bir araya geldi\u011fi belirlendi.<\/p>\n\n\n\n<p class=\"wp-block-paragraph\">Cingita\u015f ile Batmaz aras\u0131nda ge\u00e7mi\u015f y\u0131llarda herhangi bir ileti\u015fim kayd\u0131n\u0131n bulunmamas\u0131na ra\u011fmen olay sonras\u0131nda ger\u00e7ekle\u015fen bu g\u00f6r\u00fc\u015fmenin g\u00fcvenlik birimlerince dikkat \u00e7ekici bulundu\u011fu ifade edildi.<\/p>\n\n\n\n<h2 class=\"wp-block-heading\">DOSYAYA G\u0130REN BYLOCK MESAJI: &#8220;TEREYA\u011eINDAN KIL \u00c7EKER G\u0130B\u0130 \u0130\u015e HALLED\u0130LD\u0130&#8221;<\/h2>\n\n\n\n<p class=\"wp-block-paragraph\">Soru\u015fturma kapsam\u0131nda incelenen ByLock yaz\u0131\u015fmalar\u0131 aras\u0131nda dikkat \u00e7eken bir mesaj da dosyaya girdi.<\/p>\n\n\n\n<p class=\"wp-block-paragraph\">Olay tarihinde FET\u00d6&#8217;n\u00fcn Elaz\u0131\u011f \u0130l \u0130mam\u0131 oldu\u011fu belirtilen Mehmet Durako\u011flu ile \u00f6rg\u00fct\u00fcn m\u00fclki idare mahrem yap\u0131lanmas\u0131nda sorumlu d\u00fczeyde faaliyet y\u00fcr\u00fctt\u00fc\u011f\u00fc \u00f6ne s\u00fcr\u00fclen \u00d6mer Hakan K\u0131s\u0131kkaya aras\u0131nda ge\u00e7ti\u011fi belirlenen mesajda \u015fu ifadelerin yer ald\u0131\u011f\u0131 aktar\u0131ld\u0131:<\/p>\n\n\n\n<blockquote class=\"wp-block-quote is-layout-flow wp-block-quote-is-layout-flow\">\n<p class=\"wp-block-paragraph\">&#8220;Benim ba\u015f\u0131ma Yaz\u0131c\u0131o\u011flu hadisesi gelince hemen \u0130zmir&#8217;e gittim. Barbaros abiyle g\u00f6r\u00fc\u015ft\u00fcm. O b\u00fcy\u00fc\u011f\u00fcm\u00fczle konu\u015ftu. Sabah \u0130stanbul&#8217;da heyet topland\u0131. \u00d6\u011flen El Aziz&#8217;e geldim, noktay\u0131 koyduk. Tereya\u011f\u0131ndan k\u0131l \u00e7eker gibi i\u015f halledildi. Amerika&#8217;ya gitti\u011fimde b\u00fcy\u00fc\u011f\u00fcm\u00fcz, s\u00fcrecin en s\u0131k\u0131nt\u0131l\u0131 hadisesiydi, dedi.&#8221;<\/p>\n<\/blockquote>\n\n\n\n<p class=\"wp-block-paragraph\">S\u00f6z konusu mesaj, soru\u015fturma makamlar\u0131 taraf\u0131ndan detayl\u0131 \u015fekilde inceleniyor.<\/p>\n\n\n\n<h2 class=\"wp-block-heading\">FET\u00d6&#8217;DEN AYRILAN \u0130S\u0130MDEN \u00c7ARPICI \u0130DD\u0130A<\/h2>\n\n\n\n<p class=\"wp-block-paragraph\">Daha \u00f6nce FET\u00d6 yap\u0131lanmas\u0131 i\u00e7erisinde bulundu\u011funu s\u00f6yleyen Abuzer Dilek\u00e7i&#8217;nin 20 ve 30 Haziran 2021 tarihlerinde verdi\u011fi ifadeler de soru\u015fturma dosyas\u0131na girdi.<\/p>\n\n\n\n<p class=\"wp-block-paragraph\">Dilek\u00e7i, \u00f6rg\u00fct i\u00e7erisinde &#8220;Jhosef&#8221; kod ad\u0131n\u0131 kullanan ve Fetullah G\u00fclen&#8217;in en yak\u0131n isimlerinden biri oldu\u011funu \u00f6ne s\u00fcrd\u00fc\u011f\u00fc ki\u015finin baz\u0131 toplant\u0131larda Muhsin Yaz\u0131c\u0131o\u011flu ile ilgili de\u011ferlendirmelerde bulundu\u011funu anlatt\u0131.<\/p>\n\n\n\n<p class=\"wp-block-paragraph\">\u0130fadesine g\u00f6re Muhsin Yaz\u0131c\u0131o\u011flu&#8217;na \u00f6rg\u00fct\u00fcn yan\u0131nda yer almas\u0131 y\u00f6n\u00fcnde teklif g\u00f6t\u00fcr\u00fcld\u00fc\u011f\u00fc ancak Yaz\u0131c\u0131o\u011flu&#8217;nun bunu kabul etmedi\u011fi \u00f6ne s\u00fcr\u00fcld\u00fc.<\/p>\n\n\n\n<h2 class=\"wp-block-heading\">&#8220;ORTADAN KALDIRIN&#8221; \u0130DD\u0130ASI<\/h2>\n\n\n\n<p class=\"wp-block-paragraph\">Abuzer Dilek\u00e7i&#8217;nin beyan\u0131na g\u00f6re, Muhsin Yaz\u0131c\u0131o\u011flu&#8217;nun FET\u00d6 ile hareket etmeyi reddetti\u011fi bilgisi Fetullah G\u00fclen&#8217;e iletildi.<\/p>\n\n\n\n<p class=\"wp-block-paragraph\">Dilek\u00e7i, G\u00fclen&#8217;in \u00f6nce Yaz\u0131c\u0131o\u011flu hakk\u0131nda a\u00e7\u0131k ara\u015ft\u0131r\u0131lmas\u0131 talimat\u0131 verdi\u011fini, herhangi bir a\u00e7\u0131k bulunamay\u0131nca ise &#8220;Ortadan kald\u0131r\u0131n&#8221; dedi\u011fini iddia etti.<\/p>\n\n\n\n<p class=\"wp-block-paragraph\">Dilek\u00e7i, bu anlat\u0131mlardan Muhsin Yaz\u0131c\u0131o\u011flu&#8217;nun helikopterinin FET\u00d6 taraf\u0131ndan d\u00fc\u015f\u00fcr\u00fcld\u00fc\u011f\u00fc kanaatine vard\u0131\u011f\u0131n\u0131 ifade etti.<\/p>\n\n\n\n<h2 class=\"wp-block-heading\">KARANLIK NOKTALAR AYDINLATILMAYA \u00c7ALI\u015eILIYOR<\/h2>\n\n\n\n<p class=\"wp-block-paragraph\">Adli makamlar, sava\u015f u\u00e7aklar\u0131n\u0131n hareketleri, FET\u00d6&#8217;n\u00fcn hava mahrem yap\u0131lanmas\u0131ndaki isimlerin olay \u00f6ncesi ve sonras\u0131ndaki temaslar\u0131, Adil \u00d6ks\u00fcz ve Kemal Batmaz ba\u011flant\u0131lar\u0131, ByLock yaz\u0131\u015fmalar\u0131 ile \u00f6rg\u00fct i\u00e7erisinden gelen beyanlar\u0131n soru\u015fturma a\u00e7\u0131s\u0131ndan kritik \u00f6nemde oldu\u011funu de\u011ferlendiriyor.<\/p>\n\n\n\n<p class=\"wp-block-paragraph\">Soru\u015fturma kapsam\u0131nda, kazan\u0131n meydana geli\u015f \u015fekli ile FET\u00d6&#8217;n\u00fcn faaliyetleri aras\u0131ndaki muhtemel ba\u011flant\u0131lar t\u00fcm y\u00f6nleriyle ara\u015ft\u0131r\u0131l\u0131rken, son operasyonda g\u00f6zalt\u0131na al\u0131nan 27&#8217;si mevcutlu, 2&#8217;si tutuklu toplam 29 \u015f\u00fcphelinin ifade i\u015flemlerinin s\u00fcrd\u00fc\u011f\u00fc \u00f6\u011frenildi.<\/p>\n\n\n\n<p class=\"wp-block-paragraph\">&#x1f449; T\u00fcrkiye g\u00fcndeminden en g\u00fcncel haberler i\u00e7in;<\/p>\n\n\n\n<p class=\"wp-block-paragraph\">&#x1f310; <a href=\"http:\/\/www.gundem59.com.tr\/\">www.gundem59.com.tr<\/a><br>&#x1f310; <a href=\"http:\/\/www.turkiyemhaber.com\/\">www.turkiyemhaber.com<\/a><br>&#x1f310; <a href=\"http:\/\/www.gundem44.com.tr\/\">www.gundem44.com.tr<\/a><br>&#x1f310; <a href=\"http:\/\/www.gundem34haber.com.tr\/\">www.gundem34haber.com.tr<\/a><br>&#x1f310; <a href=\"http:\/\/www.saray59.com.tr\/\">www.saray59.com.tr<\/a><\/p>\n\n\n\n<p class=\"wp-block-paragraph\">&#x1f4fa; <a href=\"http:\/\/www.turkiyemhabertv.com\/\">www.turkiyemhabertv.com<\/a><\/p>\n\n\n\n<p class=\"wp-block-paragraph\">&#x1f4fb; <a href=\"http:\/\/www.turkiyemradyo.com\/\">www.turkiyemradyo.com<\/a><\/p>\n\n\n\n<p class=\"wp-block-paragraph\">&#x1f4f1; @gundem59__<br>&#x1f4f1; @turkiyemhaber_tr<\/p>\n\n\n\n<p class=\"wp-block-paragraph\">#SonDakika #MuhsinYaz\u0131c\u0131o\u011flu #BBP #FET\u00d6 #ByLock #HelikopterKazas\u0131 #Adil\u00d6ks\u00fcz #KemalBatmaz #HarunBini\u015f #AliArma\u011fan #AbuzerDilek\u00e7i #FetullahG\u00fclen #Soru\u015fturma #G\u00fcndem #T\u00fcrkiye #Politika #G\u00fcncelHaber #Gundem59 #TurkiyemHaber #Gundem44 #Gundem34Haber #Saray59 #TurkiyemHaberTV #TurkiyemRadyo #T\u00fcrkiyeG\u00fcndemi #Karanl\u0131kDosya #MuhsinYaz\u0131c\u0131o\u011fluDosyas\u0131<\/p>\n","protected":false},"excerpt":{"rendered":"<p>B\u00fcy\u00fck Birlik Partisi (BBP) Kurucu Genel Ba\u015fkan\u0131 Muhsin Yaz\u0131c\u0131o\u011flu ile beraberindeki 5 ki\u015finin 25 Mart<\/p>\n","protected":false},"author":1,"featured_media":4006,"comment_status":"open","ping_status":"open","sticky":false,"template":"","format":"standard","meta":{"_rtcl_gb_attr":"","footnotes":""},"categories":[1],"tags":[],"class_list":["post-4005","post","type-post","status-publish","format-standard","has-post-thumbnail","hentry","category-http-turkiyemhaber-com-wp-content-uploads-2026-03-saray-59-haber-13-mart-pdf"],"_links":{"self":[{"href":"https:\/\/turkiyemhaber.com\/index.php?rest_route=\/wp\/v2\/posts\/4005","targetHints":{"allow":["GET"]}}],"collection":[{"href":"https:\/\/turkiyemhaber.com\/index.php?rest_route=\/wp\/v2\/posts"}],"about":[{"href":"https:\/\/turkiyemhaber.com\/index.php?rest_route=\/wp\/v2\/types\/post"}],"author":[{"embeddable":true,"href":"https:\/\/turkiyemhaber.com\/index.php?rest_route=\/wp\/v2\/users\/1"}],"replies":[{"embeddable":true,"href":"https:\/\/turkiyemhaber.com\/index.php?rest_route=%2Fwp%2Fv2%2Fcomments&post=4005"}],"version-history":[{"count":1,"href":"https:\/\/turkiyemhaber.com\/index.php?rest_route=\/wp\/v2\/posts\/4005\/revisions"}],"predecessor-version":[{"id":4010,"href":"https:\/\/turkiyemhaber.com\/index.php?rest_route=\/wp\/v2\/posts\/4005\/revisions\/4010"}],"wp:featuredmedia":[{"embeddable":true,"href":"https:\/\/turkiyemhaber.com\/index.php?rest_route=\/wp\/v2\/media\/4006"}],"wp:attachment":[{"href":"https:\/\/turkiyemhaber.com\/index.php?rest_route=%2Fwp%2Fv2%2Fmedia&parent=4005"}],"wp:term":[{"taxonomy":"category","embeddable":true,"href":"https:\/\/turkiyemhaber.com\/index.php?rest_route=%2Fwp%2Fv2%2Fcategories&post=4005"},{"taxonomy":"post_tag","embeddable":true,"href":"https:\/\/turkiyemhaber.com\/index.php?rest_route=%2Fwp%2Fv2%2Ftags&post=4005"}],"curies":[{"name":"wp","href":"https:\/\/api.w.org\/{rel}","templated":true}]}}