{"id":4001,"date":"2026-07-16T18:08:02","date_gmt":"2026-07-16T18:08:02","guid":{"rendered":"https:\/\/turkiyemhaber.com\/?p=4001"},"modified":"2026-07-16T18:08:07","modified_gmt":"2026-07-16T18:08:07","slug":"chpde-8-il-baskani-daha-gorevden-alindi","status":"publish","type":"post","link":"https:\/\/turkiyemhaber.com\/?p=4001","title":{"rendered":"CHP&#8217;DE 8 \u0130L BA\u015eKANI DAHA G\u00d6REVDEN ALINDI"},"content":{"rendered":"\n<p class=\"wp-block-paragraph\">CHP&#8217;de mahkemenin verdi\u011fi mutlak butlan karar\u0131n\u0131n ard\u0131ndan ya\u015fanan de\u011fi\u015fim s\u00fcreci yeni g\u00f6revden almalarla devam ediyor. Genel Ba\u015fkan Kemal K\u0131l\u0131\u00e7daro\u011flu ba\u015fkanl\u0131\u011f\u0131nda ger\u00e7ekle\u015ftirilen Merkez Y\u00fcr\u00fctme Kurulu (MYK) toplant\u0131s\u0131n\u0131n ard\u0131ndan a\u00e7\u0131klama yapan CHP S\u00f6zc\u00fcs\u00fc M\u00fcslim Sar\u0131, 8 il ba\u015fkan\u0131n\u0131n g\u00f6revden al\u0131nd\u0131\u011f\u0131n\u0131 duyurdu.<\/p>\n\n\n\n<figure class=\"wp-block-video\"><video height=\"1080\" style=\"aspect-ratio: 1920 \/ 1080;\" width=\"1920\" controls src=\"https:\/\/turkiyemhaber.com\/wp-content\/uploads\/2026\/07\/Kendi-tarzini-belirle-4.mp4\"><\/video><\/figure>\n\n\n\n<h2 class=\"wp-block-heading\">8 \u0130L BA\u015eKANININ G\u00d6REV\u0130NE SON VER\u0130LD\u0130<\/h2>\n\n\n\n<p class=\"wp-block-paragraph\">CHP MYK toplant\u0131s\u0131n\u0131n ard\u0131ndan bas\u0131n mensuplar\u0131n\u0131n kar\u015f\u0131s\u0131na \u00e7\u0131kan CHP S\u00f6zc\u00fcs\u00fc M\u00fcslim Sar\u0131, Edirne, Isparta, Kastamonu, Konya, Tokat, Zonguldak, Yalova ve Rize il ba\u015fkanlar\u0131n\u0131n g\u00f6revden al\u0131nd\u0131\u011f\u0131n\u0131 a\u00e7\u0131klad\u0131.<\/p>\n\n\n\n<p class=\"wp-block-paragraph\">G\u00f6revden al\u0131nan il ba\u015fkanlar\u0131:<\/p>\n\n\n\n<p class=\"wp-block-paragraph\">&#x1f4cc; Edirne \u0130l Ba\u015fkan\u0131<br>&#x1f4cc; Isparta \u0130l Ba\u015fkan\u0131<br>&#x1f4cc; Kastamonu \u0130l Ba\u015fkan\u0131<br>&#x1f4cc; Konya \u0130l Ba\u015fkan\u0131<br>&#x1f4cc; Tokat \u0130l Ba\u015fkan\u0131<br>&#x1f4cc; Zonguldak \u0130l Ba\u015fkan\u0131<br>&#x1f4cc; Yalova \u0130l Ba\u015fkan\u0131<br>&#x1f4cc; Rize \u0130l Ba\u015fkan\u0131<\/p>\n\n\n\n<p class=\"wp-block-paragraph\">Ayr\u0131ca Konya ve Tokat il ba\u015fkanlar\u0131n\u0131n kesin ihra\u00e7 talebiyle disiplin kuruluna sevk edildi\u011fi bildirildi.<\/p>\n\n\n\n<h2 class=\"wp-block-heading\">M\u00dcSL\u0130M SARI&#8217;DAN SERT A\u00c7IKLAMALAR<\/h2>\n\n\n\n<p class=\"wp-block-paragraph\">CHP S\u00f6zc\u00fcs\u00fc M\u00fcslim Sar\u0131, parti i\u00e7inde ya\u015fanan s\u00fcrece ili\u015fkin yapt\u0131\u011f\u0131 a\u00e7\u0131klamada dikkat \u00e7eken ifadeler kulland\u0131.<\/p>\n\n\n\n<p class=\"wp-block-paragraph\">Yakla\u015f\u0131k iki y\u0131ld\u0131r devam eden hukuk s\u00fcrecinin k\u00f6t\u00fc y\u00f6netildi\u011fini savunan Sar\u0131, s\u00fcrecin kendilerini &#8220;de\u011fi\u015fimci&#8221; olarak tan\u0131mlayan isimlerin birbirlerini \u015fikayet etmesiyle ba\u015flad\u0131\u011f\u0131n\u0131 \u00f6ne s\u00fcrd\u00fc.<\/p>\n\n\n\n<p class=\"wp-block-paragraph\">Sar\u0131 a\u00e7\u0131klamas\u0131nda \u015fu ifadeleri kulland\u0131:<\/p>\n\n\n\n<blockquote class=\"wp-block-quote is-layout-flow wp-block-quote-is-layout-flow\">\n<p class=\"wp-block-paragraph\">&#8220;S\u00fcre\u00e7, kendilerini de\u011fi\u015fimci olarak adland\u0131ran arkada\u015flar\u0131n birbirini \u015fik\u00e2yetiyle ba\u015flam\u0131\u015ft\u0131r. Kas\u0131m ay\u0131nda kurultay\u0131 kazanan ve kendisini de\u011fi\u015fimci olarak ilan eden arkada\u015flar\u0131m\u0131z\u0131n ekibi ve kadrosuyla ba\u015flam\u0131\u015ft\u0131r. O zaman Say\u0131n \u00d6zg\u00fcr \u00d6zel, &#8216;E\u011fer mutlak butlan \u00e7\u0131karsa ben bileklerimi keserim&#8217; demi\u015ftir. S\u00fcreci yok saymak sonucu ortadan kald\u0131rm\u0131yor.&#8221;<\/p>\n<\/blockquote>\n\n\n\n<h2 class=\"wp-block-heading\">&#8220;PART\u0130N\u0130N BA\u015eINA BUNU BELA EDENLER BUTLANCIDIR&#8221;<\/h2>\n\n\n\n<p class=\"wp-block-paragraph\">Sar\u0131, parti i\u00e7indeki tart\u0131\u015fmalara ili\u015fkin de\u011ferlendirmesinde \u015fu s\u00f6zleri kulland\u0131:<\/p>\n\n\n\n<blockquote class=\"wp-block-quote is-layout-flow wp-block-quote-is-layout-flow\">\n<p class=\"wp-block-paragraph\">&#8220;Kim \u015fimdi butlanc\u0131? Partinin ba\u015f\u0131na bunu bela eden arkada\u015flar\u0131m\u0131z butlanc\u0131d\u0131r. Bizler butlanc\u0131 de\u011filiz. Biz bu hukuk s\u00fcrecinin zorunlulu\u011fu olarak gelmi\u015f ve partiyi bu cendereden \u00e7\u0131karmak i\u00e7in g\u00f6rev alm\u0131\u015f ki\u015fileriz.&#8221;<\/p>\n<\/blockquote>\n\n\n\n<h2 class=\"wp-block-heading\">&#8220;KAYYIMCI VE B\u00d6L\u00dcC\u00dc&#8221; SU\u00c7LAMASI<\/h2>\n\n\n\n<p class=\"wp-block-paragraph\">\u00d6zg\u00fcr \u00d6zel ve ekibine y\u00f6nelik ele\u015ftirilerini s\u00fcrd\u00fcren M\u00fcslim Sar\u0131, baz\u0131 isimlerin partiye kayy\u0131m atanmas\u0131 i\u00e7in giri\u015fimlerde bulundu\u011funu ileri s\u00fcrerek \u015fu ifadeleri kulland\u0131:<\/p>\n\n\n\n<blockquote class=\"wp-block-quote is-layout-flow wp-block-quote-is-layout-flow\">\n<p class=\"wp-block-paragraph\">&#8220;Arkada\u015flar partiye kayy\u0131m atanmas\u0131 i\u00e7in dilek\u00e7e verdi. Bunu Meclis k\u00fcrs\u00fcs\u00fcnde s\u00f6yledi. Biz mi kayy\u0131mc\u0131y\u0131z? Bu arkada\u015flar\u0131m\u0131z ayn\u0131 zamanda kayy\u0131mc\u0131d\u0131r, b\u00f6l\u00fcc\u00fcd\u00fcr. Partide \u00e7ift ba\u015fl\u0131l\u0131k yaratm\u0131\u015ft\u0131r. Partide paralel yap\u0131lanma s\u00f6z konusudur.&#8221;<\/p>\n<\/blockquote>\n\n\n\n<h2 class=\"wp-block-heading\">&#8220;YEN\u0130 PART\u0130 KURMAYIN, CHP&#8217;DE KALIN&#8221;<\/h2>\n\n\n\n<p class=\"wp-block-paragraph\">Son g\u00fcnlerde kulislerde konu\u015fulan yeni parti iddialar\u0131na da de\u011finen Sar\u0131, CHP i\u00e7inde m\u00fccadele edilmesi gerekti\u011fini savundu.<\/p>\n\n\n\n<blockquote class=\"wp-block-quote is-layout-flow wp-block-quote-is-layout-flow\">\n<p class=\"wp-block-paragraph\">&#8220;Madem arkan\u0131zda bu kadar halk deste\u011fi var, buyurun kongrelerimiz ba\u015fl\u0131yor. Yeni parti konu\u015fuluyor, gelin CHP i\u00e7inde kal\u0131n. CHP d\u0131\u015f\u0131na \u00e7\u0131kmak, partiyi b\u00f6lmek sadece AKP&#8217;ye hizmet eder. Bunu yaparlarsa b\u00f6l\u00fcc\u00fcl\u00fck yaparlar.&#8221;<\/p>\n<\/blockquote>\n\n\n\n<p class=\"wp-block-paragraph\">CHP&#8217;de ya\u015fanan geli\u015fmelerin \u00f6n\u00fcm\u00fczdeki g\u00fcnlerde yap\u0131lacak kongre s\u00fcreciyle birlikte daha da hareketlenmesi bekleniyor.<\/p>\n\n\n\n<p class=\"wp-block-paragraph\">&#x1f449; T\u00fcrkiye g\u00fcndeminden en g\u00fcncel haberler i\u00e7in;<\/p>\n\n\n\n<p class=\"wp-block-paragraph\">&#x1f310; <a href=\"http:\/\/www.gundem59.com.tr\/\">www.gundem59.com.tr<\/a><br>&#x1f310; <a href=\"http:\/\/www.turkiyemhaber.com\/\">www.turkiyemhaber.com<\/a><br>&#x1f310; <a href=\"http:\/\/www.gundem44.com.tr\/\">www.gundem44.com.tr<\/a><br>&#x1f310; <a href=\"http:\/\/www.gundem34haber.com.tr\/\">www.gundem34haber.com.tr<\/a><br>&#x1f310; <a href=\"http:\/\/www.saray59.com.tr\/\">www.saray59.com.tr<\/a><\/p>\n\n\n\n<p class=\"wp-block-paragraph\">&#x1f4fa; <a href=\"http:\/\/www.turkiyemhabertv.com\/\">www.turkiyemhabertv.com<\/a><\/p>\n\n\n\n<p class=\"wp-block-paragraph\">&#x1f4fb; <a href=\"http:\/\/www.turkiyemradyo.com\/\">www.turkiyemradyo.com<\/a><\/p>\n\n\n\n<p class=\"wp-block-paragraph\">&#x1f4f1; @gundem59__<\/p>\n\n\n\n<p class=\"wp-block-paragraph\">&#x1f4f1; @turkiyemhaber_tr<\/p>\n\n\n\n<p class=\"wp-block-paragraph\">#SonDakika #CHP #KemalK\u0131l\u0131\u00e7daro\u011flu #\u00d6zg\u00fcr\u00d6zel #M\u00fcslimSar\u0131 #MYK #CHPMYK #Edirne #Isparta #Kastamonu #Konya #Tokat #Zonguldak #Yalova #Rize #Politika #Siyaset #G\u00fcncel #T\u00fcrkiye #CHPKongresi #MutlakButlan #Gundem59 #TurkiyemHaber #Gundem44 #Gundem34Haber #Saray59 #TurkiyemHaberTV #TurkiyemRadyo #T\u00fcrkiyeG\u00fcndemi<\/p>\n","protected":false},"excerpt":{"rendered":"<p>CHP&#8217;de mahkemenin verdi\u011fi mutlak butlan karar\u0131n\u0131n ard\u0131ndan ya\u015fanan de\u011fi\u015fim s\u00fcreci yeni g\u00f6revden almalarla devam ediyor.<\/p>\n","protected":false},"author":1,"featured_media":4002,"comment_status":"open","ping_status":"open","sticky":false,"template":"","format":"standard","meta":{"_rtcl_gb_attr":"","footnotes":""},"categories":[44],"tags":[],"class_list":["post-4001","post","type-post","status-publish","format-standard","has-post-thumbnail","hentry","category-politika"],"_links":{"self":[{"href":"https:\/\/turkiyemhaber.com\/index.php?rest_route=\/wp\/v2\/posts\/4001","targetHints":{"allow":["GET"]}}],"collection":[{"href":"https:\/\/turkiyemhaber.com\/index.php?rest_route=\/wp\/v2\/posts"}],"about":[{"href":"https:\/\/turkiyemhaber.com\/index.php?rest_route=\/wp\/v2\/types\/post"}],"author":[{"embeddable":true,"href":"https:\/\/turkiyemhaber.com\/index.php?rest_route=\/wp\/v2\/users\/1"}],"replies":[{"embeddable":true,"href":"https:\/\/turkiyemhaber.com\/index.php?rest_route=%2Fwp%2Fv2%2Fcomments&post=4001"}],"version-history":[{"count":1,"href":"https:\/\/turkiyemhaber.com\/index.php?rest_route=\/wp\/v2\/posts\/4001\/revisions"}],"predecessor-version":[{"id":4004,"href":"https:\/\/turkiyemhaber.com\/index.php?rest_route=\/wp\/v2\/posts\/4001\/revisions\/4004"}],"wp:featuredmedia":[{"embeddable":true,"href":"https:\/\/turkiyemhaber.com\/index.php?rest_route=\/wp\/v2\/media\/4002"}],"wp:attachment":[{"href":"https:\/\/turkiyemhaber.com\/index.php?rest_route=%2Fwp%2Fv2%2Fmedia&parent=4001"}],"wp:term":[{"taxonomy":"category","embeddable":true,"href":"https:\/\/turkiyemhaber.com\/index.php?rest_route=%2Fwp%2Fv2%2Fcategories&post=4001"},{"taxonomy":"post_tag","embeddable":true,"href":"https:\/\/turkiyemhaber.com\/index.php?rest_route=%2Fwp%2Fv2%2Ftags&post=4001"}],"curies":[{"name":"wp","href":"https:\/\/api.w.org\/{rel}","templated":true}]}}