{"id":3995,"date":"2026-07-16T12:15:42","date_gmt":"2026-07-16T12:15:42","guid":{"rendered":"https:\/\/turkiyemhaber.com\/?p=3995"},"modified":"2026-07-16T12:15:48","modified_gmt":"2026-07-16T12:15:48","slug":"dem-parti-heyeti-mhp-lideri-devlet-bahceliyi-ziyaret-etti","status":"publish","type":"post","link":"https:\/\/turkiyemhaber.com\/?p=3995","title":{"rendered":"DEM Parti Heyeti, MHP Lideri Devlet Bah\u00e7eli\u2019yi Ziyaret Etti"},"content":{"rendered":"\n<p class=\"wp-block-paragraph\"><strong>DEM Parti heyeti, T\u00fcrkiye B\u00fcy\u00fck Millet Meclisi\u2019nde MHP Genel Ba\u015fkan\u0131 Devlet Bah\u00e7eli ile bir araya geldi. G\u00f6r\u00fc\u015fmede, Meclis g\u00fcndemindeki yasal d\u00fczenlemeler ve Milli Dayan\u0131\u015fma, Karde\u015flik ve Demokrasi Komisyonu\u2019nun \u00e7al\u0131\u015fmalar\u0131 ele al\u0131nd\u0131.<\/strong><\/p>\n\n\n\n<p class=\"wp-block-paragraph\">TBMM Ba\u015fkanvekili ve DEM Parti Van Milletvekili Pervin Buldan ile DEM Parti \u015eanl\u0131urfa Milletvekili Mithat Sancar\u2019dan olu\u015fan heyet, Milliyet\u00e7i Hareket Partisi Genel Ba\u015fkan\u0131 Devlet Bah\u00e7eli\u2019yi T\u00fcrkiye B\u00fcy\u00fck Millet Meclisi\u2019ndeki makam\u0131nda ziyaret etti.<\/p>\n\n\n\n<p class=\"wp-block-paragraph\">Siyasi kulislerde dikkatle takip edilen g\u00f6r\u00fc\u015fmede, son d\u00f6nemde g\u00fcndemde yer alan yasal d\u00fczenlemeler ile Meclis \u00e7al\u0131\u015fmalar\u0131n\u0131n de\u011ferlendirildi\u011fi \u00f6\u011frenildi.<\/p>\n\n\n\n<h2 class=\"wp-block-heading\">Yasal D\u00fczenlemeler Masadayd\u0131<\/h2>\n\n\n\n<p class=\"wp-block-paragraph\">DEM Parti heyeti ile Bah\u00e7eli aras\u0131nda ger\u00e7ekle\u015fen g\u00f6r\u00fc\u015fmede, Milli Dayan\u0131\u015fma, Karde\u015flik ve Demokrasi Komisyonu&#8217;nun \u00e7al\u0131\u015fmalar\u0131 sonras\u0131nda g\u00fcndeme gelen d\u00fczenlemelerin ele al\u0131nd\u0131\u011f\u0131 belirtildi.<\/p>\n\n\n\n<p class=\"wp-block-paragraph\">G\u00f6r\u00fc\u015fmenin, Meclis&#8217;in yeni d\u00f6nem \u00e7al\u0131\u015fma takvimi ve siyasi s\u00fcre\u00e7lere ili\u015fkin de\u011ferlendirmeleri de i\u00e7erdi\u011fi ifade edildi.<\/p>\n\n\n\n<h2 class=\"wp-block-heading\">AK Parti Temaslar\u0131n\u0131n Ard\u0131ndan Geldi<\/h2>\n\n\n\n<p class=\"wp-block-paragraph\">DEM Parti heyeti, MHP ziyaretinden \u00f6nce AK Parti Genel Ba\u015fkanvekili Efkan Ala ve AK Parti Grup Ba\u015fkan\u0131 Abdullah G\u00fcler ile de bir araya gelmi\u015fti.<\/p>\n\n\n\n<p class=\"wp-block-paragraph\">S\u00f6z konusu g\u00f6r\u00fc\u015fmelerde de Meclis g\u00fcndemindeki d\u00fczenlemeler, komisyon \u00e7al\u0131\u015fmalar\u0131 ve s\u00fcrecin bundan sonraki a\u015famalar\u0131n\u0131n ele al\u0131nd\u0131\u011f\u0131 belirtilmi\u015fti.<\/p>\n\n\n\n<h2 class=\"wp-block-heading\">G\u00f6zler Yap\u0131lacak A\u00e7\u0131klamalarda<\/h2>\n\n\n\n<p class=\"wp-block-paragraph\">TBMM\u2019de ger\u00e7ekle\u015ftirilen g\u00f6r\u00fc\u015fmenin ard\u0131ndan taraflardan kapsaml\u0131 bir a\u00e7\u0131klama yap\u0131lmas\u0131 beklenirken, siyasi kulislerde g\u00f6r\u00fc\u015fmenin sonu\u00e7lar\u0131 merakla takip ediliyor.<\/p>\n\n\n\n<p class=\"wp-block-paragraph\">\u00d6zellikle Meclis g\u00fcndemindeki d\u00fczenlemeler ve komisyon \u00e7al\u0131\u015fmalar\u0131yla ilgili geli\u015fmelerin \u00f6n\u00fcm\u00fczdeki g\u00fcnlerde netlik kazanmas\u0131 bekleniyor.<\/p>\n\n\n\n<p class=\"wp-block-paragraph\">DEM Parti, Devlet Bah\u00e7eli, MHP, Pervin Buldan, Mithat Sancar, TBMM, Siyaset, Ankara, G\u00fcncel Haber, Demokrasi<\/p>\n\n\n\n<p class=\"wp-block-paragraph\"><strong>#SonDakika #DEMParti #MHP #DevletBah\u00e7eli #PervinBuldan #MithatSancar #TBMM #Ankara #Siyaset #Politika #Demokrasi #G\u00fcndem #T\u00fcrkiye #Meclis #MilliDayan\u0131\u015fma #Karde\u015flik #G\u00fcncelHaber #Gundem59 #TurkiyemHaber #Gundem44 #Gundem34Haber #Saray59 #TurkiyemHaberTV #TurkiyemRadyo<\/strong><\/p>\n","protected":false},"excerpt":{"rendered":"<p>DEM Parti heyeti, T\u00fcrkiye B\u00fcy\u00fck Millet Meclisi\u2019nde MHP Genel Ba\u015fkan\u0131 Devlet Bah\u00e7eli ile bir araya<\/p>\n","protected":false},"author":1,"featured_media":3996,"comment_status":"open","ping_status":"open","sticky":false,"template":"","format":"standard","meta":{"_rtcl_gb_attr":"","footnotes":""},"categories":[44],"tags":[],"class_list":["post-3995","post","type-post","status-publish","format-standard","has-post-thumbnail","hentry","category-politika"],"_links":{"self":[{"href":"https:\/\/turkiyemhaber.com\/index.php?rest_route=\/wp\/v2\/posts\/3995","targetHints":{"allow":["GET"]}}],"collection":[{"href":"https:\/\/turkiyemhaber.com\/index.php?rest_route=\/wp\/v2\/posts"}],"about":[{"href":"https:\/\/turkiyemhaber.com\/index.php?rest_route=\/wp\/v2\/types\/post"}],"author":[{"embeddable":true,"href":"https:\/\/turkiyemhaber.com\/index.php?rest_route=\/wp\/v2\/users\/1"}],"replies":[{"embeddable":true,"href":"https:\/\/turkiyemhaber.com\/index.php?rest_route=%2Fwp%2Fv2%2Fcomments&post=3995"}],"version-history":[{"count":1,"href":"https:\/\/turkiyemhaber.com\/index.php?rest_route=\/wp\/v2\/posts\/3995\/revisions"}],"predecessor-version":[{"id":3997,"href":"https:\/\/turkiyemhaber.com\/index.php?rest_route=\/wp\/v2\/posts\/3995\/revisions\/3997"}],"wp:featuredmedia":[{"embeddable":true,"href":"https:\/\/turkiyemhaber.com\/index.php?rest_route=\/wp\/v2\/media\/3996"}],"wp:attachment":[{"href":"https:\/\/turkiyemhaber.com\/index.php?rest_route=%2Fwp%2Fv2%2Fmedia&parent=3995"}],"wp:term":[{"taxonomy":"category","embeddable":true,"href":"https:\/\/turkiyemhaber.com\/index.php?rest_route=%2Fwp%2Fv2%2Fcategories&post=3995"},{"taxonomy":"post_tag","embeddable":true,"href":"https:\/\/turkiyemhaber.com\/index.php?rest_route=%2Fwp%2Fv2%2Ftags&post=3995"}],"curies":[{"name":"wp","href":"https:\/\/api.w.org\/{rel}","templated":true}]}}