{"id":3992,"date":"2026-07-16T12:12:42","date_gmt":"2026-07-16T12:12:42","guid":{"rendered":"https:\/\/turkiyemhaber.com\/?p=3992"},"modified":"2026-07-16T12:12:47","modified_gmt":"2026-07-16T12:12:47","slug":"yeni-parti-iddiasi-siyaset-gundemini-hareketlendirdi","status":"publish","type":"post","link":"https:\/\/turkiyemhaber.com\/?p=3992","title":{"rendered":"&#8220;Yeni Parti&#8221; \u0130ddias\u0131 Siyaset G\u00fcndemini Hareketlendirdi"},"content":{"rendered":"\n<p class=\"wp-block-paragraph\"><strong>CHP&#8217;de devam eden &#8220;mutlak butlan&#8221; tart\u0131\u015fmalar\u0131 s\u00fcrerken, gazeteci Deniz Zeyrek&#8217;in g\u00fcndeme ta\u015f\u0131d\u0131\u011f\u0131 kulis bilgileri siyaset arenas\u0131nda yeni bir tart\u0131\u015fman\u0131n fitilini ate\u015fledi. \u0130ddiaya g\u00f6re \u00d6zg\u00fcr \u00d6zel ve ekibi, yeni bir siyasi parti kurulmas\u0131 se\u00e7ene\u011fi \u00fczerinde \u00e7al\u0131\u015fmalar y\u00fcr\u00fct\u00fcyor.<\/strong><\/p>\n\n\n\n<p class=\"wp-block-paragraph\">Cumhuriyet Halk Partisi&#8217;nde kurultay sonras\u0131 ya\u015fanan hukuki s\u00fcre\u00e7 ve parti i\u00e7i tart\u0131\u015fmalar devam ederken, gazeteci Deniz Zeyrek&#8217;in k\u00f6\u015fe yaz\u0131s\u0131nda yer verdi\u011fi kulis bilgileri dikkat \u00e7ekti.<\/p>\n\n\n\n<p class=\"wp-block-paragraph\">Zeyrek, CHP taban\u0131nda ve kamuoyunda son d\u00f6nemde yap\u0131lan de\u011ferlendirmelerde, \u00d6zg\u00fcr \u00d6zel ve ekibine y\u00f6nelik &#8220;Parti i\u00e7inde m\u00fccadele edin&#8221; g\u00f6r\u00fc\u015f\u00fcn\u00fcn zay\u0131flad\u0131\u011f\u0131n\u0131, bunun yerine &#8220;Yeni bir siyasi hareket ba\u015flat\u0131n&#8221; y\u00f6n\u00fcndeki beklentilerin artt\u0131\u011f\u0131n\u0131 \u00f6ne s\u00fcrd\u00fc.<\/p>\n\n\n\n<h2 class=\"wp-block-heading\">&#8220;Yeni Parti&#8221; \u0130smi \u00d6ne \u00c7\u0131k\u0131yor \u0130ddias\u0131<\/h2>\n\n\n\n<p class=\"wp-block-paragraph\">Kulislerde daha \u00f6nce &#8220;Y\u00fcr\u00fcy\u00fc\u015f&#8221;, &#8220;\u0130stiklal&#8221; ve &#8220;De\u011fi\u015fim Partisi&#8221; gibi isimlerin konu\u015fuldu\u011fu belirtilirken, son a\u015famada &#8220;Yeni Parti&#8221; isminin \u00f6ne \u00e7\u0131kt\u0131\u011f\u0131 iddia edildi.<\/p>\n\n\n\n<p class=\"wp-block-paragraph\">\u0130ddiaya g\u00f6re bu ismin tercih edilmesinde;<\/p>\n\n\n\n<ul class=\"wp-block-list\">\n<li>Ak\u0131lda kal\u0131c\u0131 olmas\u0131,<\/li>\n\n\n\n<li>Kolay telaffuz edilmesi,<\/li>\n\n\n\n<li>De\u011fi\u015fim mesaj\u0131n\u0131 do\u011frudan vermesi,<\/li>\n\n\n\n<li>Gelecekte olu\u015fabilecek siyasi senaryolara uygun bir yap\u0131 sunmas\u0131<\/li>\n<\/ul>\n\n\n\n<p class=\"wp-block-paragraph\">gibi nedenlerin etkili oldu\u011fu ifade edildi.<\/p>\n\n\n\n<h2 class=\"wp-block-heading\">Logo \u00c7al\u0131\u015fmalar\u0131 Ba\u015flad\u0131 \u0130ddias\u0131<\/h2>\n\n\n\n<p class=\"wp-block-paragraph\">Deniz Zeyrek&#8217;in aktard\u0131\u011f\u0131 kulis bilgilerine g\u00f6re, yeni olu\u015fum i\u00e7in logo haz\u0131rl\u0131klar\u0131 kapsam\u0131nda \u00fc\u00e7 farkl\u0131 profesyonel tasar\u0131m ekibinden \u00e7al\u0131\u015fma istendi.<\/p>\n\n\n\n<p class=\"wp-block-paragraph\">\u0130ddialara g\u00f6re logoda k\u0131rm\u0131z\u0131 ve beyaz renklerin a\u011f\u0131rl\u0131kl\u0131 olarak kullan\u0131lmas\u0131 planlan\u0131rken, parti y\u00f6netimi i\u00e7erisinde sembol kullan\u0131m\u0131 konusunda farkl\u0131 g\u00f6r\u00fc\u015fler bulunuyor.<\/p>\n\n\n\n<p class=\"wp-block-paragraph\">Baz\u0131 isimlerin sadece &#8220;Yeni Parti&#8221; yaz\u0131s\u0131n\u0131n yer ald\u0131\u011f\u0131 sade bir tasar\u0131mdan yana oldu\u011fu, baz\u0131 kurmaylar\u0131n ise se\u00e7menlerin parti logosunu daha kolay ay\u0131rt edebilmesi i\u00e7in sembol kullan\u0131lmas\u0131n\u0131 savundu\u011fu \u00f6ne s\u00fcr\u00fcld\u00fc.<\/p>\n\n\n\n<h2 class=\"wp-block-heading\">Resmi A\u00e7\u0131klama Bulunmuyor<\/h2>\n\n\n\n<p class=\"wp-block-paragraph\">\u00d6te yandan s\u00f6z konusu iddialarla ilgili olarak \u00d6zg\u00fcr \u00d6zel veya CHP y\u00f6netiminden resmi bir a\u00e7\u0131klama yap\u0131lm\u0131\u015f de\u011fil.<\/p>\n\n\n\n<p class=\"wp-block-paragraph\">Siyasi kulislerde konu\u015fulan yeni parti senaryolar\u0131n\u0131n \u00f6n\u00fcm\u00fczdeki g\u00fcnlerde netlik kazanmas\u0131 beklenirken, g\u00f6zler CHP&#8217;de ya\u015fanacak geli\u015fmelere \u00e7evrildi.<\/p>\n\n\n\n<p class=\"wp-block-paragraph\"><strong>Not:<\/strong> Haberde yer alan bilgiler gazeteci Deniz Zeyrek&#8217;in k\u00f6\u015fe yaz\u0131s\u0131nda aktard\u0131\u011f\u0131 kulis iddialar\u0131na dayanmaktad\u0131r. Konuyla ilgili resmi bir a\u00e7\u0131klama bulunmamaktad\u0131r.<\/p>\n\n\n\n<p class=\"wp-block-paragraph\"><strong>Etiketler:<\/strong> CHP, \u00d6zg\u00fcr \u00d6zel, Deniz Zeyrek, Yeni Parti, Mutlak Butlan, Siyaset, Ankara, CHP Kurultay\u0131, Politika, G\u00fcncel Haber<\/p>\n\n\n\n<p class=\"wp-block-paragraph\"><strong>#CHP #\u00d6zg\u00fcr\u00d6zel #DenizZeyrek #YeniParti #Siyaset #Ankara #Politika #G\u00fcndem #SonDakika #CHPKurultay\u0131 #T\u00fcrkiye #G\u00fcncelHaber #SiyasiG\u00fcndem #Muhalefet #Parti #Se\u00e7im #TBMM #AnkaraKulisi #Gundem59 #TurkiyemHaber #Gundem44 #Gundem34Haber #Saray59<\/strong><\/p>\n","protected":false},"excerpt":{"rendered":"<p>CHP&#8217;de devam eden &#8220;mutlak butlan&#8221; tart\u0131\u015fmalar\u0131 s\u00fcrerken, gazeteci Deniz Zeyrek&#8217;in g\u00fcndeme ta\u015f\u0131d\u0131\u011f\u0131 kulis bilgileri siyaset<\/p>\n","protected":false},"author":1,"featured_media":3993,"comment_status":"open","ping_status":"open","sticky":false,"template":"","format":"standard","meta":{"_rtcl_gb_attr":"","footnotes":""},"categories":[44],"tags":[],"class_list":["post-3992","post","type-post","status-publish","format-standard","has-post-thumbnail","hentry","category-politika"],"_links":{"self":[{"href":"https:\/\/turkiyemhaber.com\/index.php?rest_route=\/wp\/v2\/posts\/3992","targetHints":{"allow":["GET"]}}],"collection":[{"href":"https:\/\/turkiyemhaber.com\/index.php?rest_route=\/wp\/v2\/posts"}],"about":[{"href":"https:\/\/turkiyemhaber.com\/index.php?rest_route=\/wp\/v2\/types\/post"}],"author":[{"embeddable":true,"href":"https:\/\/turkiyemhaber.com\/index.php?rest_route=\/wp\/v2\/users\/1"}],"replies":[{"embeddable":true,"href":"https:\/\/turkiyemhaber.com\/index.php?rest_route=%2Fwp%2Fv2%2Fcomments&post=3992"}],"version-history":[{"count":1,"href":"https:\/\/turkiyemhaber.com\/index.php?rest_route=\/wp\/v2\/posts\/3992\/revisions"}],"predecessor-version":[{"id":3994,"href":"https:\/\/turkiyemhaber.com\/index.php?rest_route=\/wp\/v2\/posts\/3992\/revisions\/3994"}],"wp:featuredmedia":[{"embeddable":true,"href":"https:\/\/turkiyemhaber.com\/index.php?rest_route=\/wp\/v2\/media\/3993"}],"wp:attachment":[{"href":"https:\/\/turkiyemhaber.com\/index.php?rest_route=%2Fwp%2Fv2%2Fmedia&parent=3992"}],"wp:term":[{"taxonomy":"category","embeddable":true,"href":"https:\/\/turkiyemhaber.com\/index.php?rest_route=%2Fwp%2Fv2%2Fcategories&post=3992"},{"taxonomy":"post_tag","embeddable":true,"href":"https:\/\/turkiyemhaber.com\/index.php?rest_route=%2Fwp%2Fv2%2Ftags&post=3992"}],"curies":[{"name":"wp","href":"https:\/\/api.w.org\/{rel}","templated":true}]}}