{"id":3987,"date":"2026-07-16T12:11:33","date_gmt":"2026-07-16T12:11:33","guid":{"rendered":"https:\/\/turkiyemhaber.com\/?p=3987"},"modified":"2026-07-16T12:11:39","modified_gmt":"2026-07-16T12:11:39","slug":"ahbap-sorusturmasinda-yeni-iddialar-bagis-paralari-ve-sirket-transferleri-inceleme-altinda","status":"publish","type":"post","link":"https:\/\/turkiyemhaber.com\/?p=3987","title":{"rendered":"Ahbap Soru\u015fturmas\u0131nda Yeni \u0130ddialar: Ba\u011f\u0131\u015f Paralar\u0131 ve \u015eirket Transferleri \u0130nceleme Alt\u0131nda"},"content":{"rendered":"\n<p class=\"wp-block-paragraph\"><strong>\u0130stanbul Cumhuriyet Ba\u015fsavc\u0131l\u0131\u011f\u0131 taraf\u0131ndan Ahbap Derne\u011fi&#8217;ne y\u00f6nelik y\u00fcr\u00fct\u00fclen soru\u015fturmada yeni iddialar g\u00fcndeme geldi. Soru\u015fturma dosyas\u0131na yans\u0131yan tespitlerde, baz\u0131 ba\u011f\u0131\u015flar\u0131n farkl\u0131 ki\u015fi ve \u015firket hesaplar\u0131na aktar\u0131ld\u0131\u011f\u0131 \u00f6ne s\u00fcr\u00fcl\u00fcrken, ilgili para hareketleri ve \u015firket ili\u015fkileri mercek alt\u0131na al\u0131nd\u0131.<\/strong><\/p>\n\n\n\n<figure class=\"wp-block-image size-full\"><img loading=\"lazy\" decoding=\"async\" width=\"640\" height=\"800\" src=\"https:\/\/turkiyemhaber.com\/wp-content\/uploads\/2026\/07\/ahbap-dernegi-sorusturmasinda-20057476-7882_1_m.webp\" alt=\"\" class=\"wp-image-3989\" srcset=\"https:\/\/turkiyemhaber.com\/wp-content\/uploads\/2026\/07\/ahbap-dernegi-sorusturmasinda-20057476-7882_1_m.webp 640w, https:\/\/turkiyemhaber.com\/wp-content\/uploads\/2026\/07\/ahbap-dernegi-sorusturmasinda-20057476-7882_1_m-240x300.webp 240w, https:\/\/turkiyemhaber.com\/wp-content\/uploads\/2026\/07\/ahbap-dernegi-sorusturmasinda-20057476-7882_1_m-10x12.webp 10w\" sizes=\"auto, (max-width: 640px) 100vw, 640px\" \/><\/figure>\n\n\n\n<p class=\"wp-block-paragraph\">Ahbap Derne\u011fi&#8217;ne y\u00f6nelik y\u00fcr\u00fct\u00fclen soru\u015fturma kapsam\u0131nda tutuklanan isimler aras\u0131nda dernek ba\u015fkan\u0131 Haluk Levent&#8217;in de bulundu\u011fu belirtilirken, soru\u015fturman\u0131n mali boyutuna ili\u015fkin yeni detaylar\u0131n ortaya \u00e7\u0131kt\u0131\u011f\u0131 iddia edildi.<\/p>\n\n\n\n<p class=\"wp-block-paragraph\">Soru\u015fturma dosyas\u0131na yans\u0131yan iddialara g\u00f6re, Haluk Levent&#8217;in karde\u015fi Berkant Acil&#8217;in de mali incelemelerde ad\u0131 ge\u00e7en isimler aras\u0131nda yer ald\u0131\u011f\u0131 belirtildi. Savc\u0131l\u0131k taraf\u0131ndan y\u00fcr\u00fct\u00fclen incelemelerde, \u00e7e\u015fitli \u015firketler \u00fczerinden ger\u00e7ekle\u015ftirildi\u011fi \u00f6ne s\u00fcr\u00fclen para transferleri ve ihale s\u00fcre\u00e7lerinin ara\u015ft\u0131r\u0131ld\u0131\u011f\u0131 ifade edildi.<\/p>\n\n\n\n<h2 class=\"wp-block-heading\">125 Milyon Liray\u0131 A\u015fan Transfer \u0130ddias\u0131<\/h2>\n\n\n\n<p class=\"wp-block-paragraph\">Soru\u015fturma kapsam\u0131nda haz\u0131rlanan mali inceleme raporlar\u0131nda, Ahbap Derne\u011fi&#8217;ne yap\u0131lan baz\u0131 ba\u011f\u0131\u015flar\u0131n farkl\u0131 hesaplar \u00fczerinden y\u00f6nlendirildi\u011fi ve toplamda 125 milyon 765 bin liray\u0131 a\u015fan para hareketinin tespit edildi\u011fi iddia edildi.<\/p>\n\n\n\n<p class=\"wp-block-paragraph\">\u0130ddialara g\u00f6re s\u00f6z konusu paralar\u0131n bir b\u00f6l\u00fcm\u00fcn\u00fcn Haluk Levent&#8217;in asistan\u0131 oldu\u011fu belirtilen Yeliz Kaya&#8217;n\u0131n hesab\u0131na aktar\u0131ld\u0131\u011f\u0131, ard\u0131ndan \u00e7e\u015fitli ki\u015fi ve \u015firket hesaplar\u0131na g\u00f6nderildi\u011fi \u00f6ne s\u00fcr\u00fcld\u00fc. Savc\u0131l\u0131k kaynaklar\u0131n\u0131n bu transferlerin amac\u0131 ve hukuki niteli\u011fini ara\u015ft\u0131rd\u0131\u011f\u0131 \u00f6\u011frenildi.<\/p>\n\n\n\n<h2 class=\"wp-block-heading\">\u015eile Bezi Festivali \u0130ddias\u0131<\/h2>\n\n\n\n<p class=\"wp-block-paragraph\">Dosyada yer ald\u0131\u011f\u0131 belirtilen bir di\u011fer iddiada ise \u015eile Belediyesi taraf\u0131ndan d\u00fczenlenen 35. Uluslararas\u0131 \u015eile Bezi Festivali organizasyonuna ili\u015fkin i\u015flemler yer ald\u0131. \u0130hale ve organizasyon giderleriyle ilgili baz\u0131 usuls\u00fczl\u00fck iddialar\u0131n\u0131n mali bilirki\u015fi raporlar\u0131na yans\u0131d\u0131\u011f\u0131 \u00f6ne s\u00fcr\u00fcld\u00fc.<\/p>\n\n\n\n<p class=\"wp-block-paragraph\">Savc\u0131l\u0131k taraf\u0131ndan s\u00f6z konusu i\u015flemlerin detayl\u0131 \u015fekilde incelendi\u011fi ve ilgili \u015firketler aras\u0131ndaki para trafi\u011finin ara\u015ft\u0131r\u0131ld\u0131\u011f\u0131 belirtildi.<\/p>\n\n\n\n<h2 class=\"wp-block-heading\">D\u00f6rt \u015eirkete Kayyum Atand\u0131\u011f\u0131 \u0130ddias\u0131<\/h2>\n\n\n\n<p class=\"wp-block-paragraph\">Soru\u015fturma kapsam\u0131nda baz\u0131 \u015firketler hakk\u0131nda da adli i\u015flemler yap\u0131ld\u0131\u011f\u0131 \u00f6ne s\u00fcr\u00fcl\u00fcrken, dosyada ad\u0131 ge\u00e7en d\u00f6rt \u015firkete kayyum atand\u0131\u011f\u0131 iddia edildi.<\/p>\n\n\n\n<p class=\"wp-block-paragraph\">Yetkililer taraf\u0131ndan soru\u015fturman\u0131n \u00e7ok y\u00f6nl\u00fc olarak s\u00fcrd\u00fcr\u00fcld\u00fc\u011f\u00fc ve para transferleri, \u015firket kay\u0131tlar\u0131, banka hareketleri ile ba\u011f\u0131\u015f s\u00fcre\u00e7lerinin ayr\u0131nt\u0131l\u0131 \u015fekilde incelendi\u011fi bildirildi.<\/p>\n\n\n\n<figure class=\"wp-block-image size-full\"><img loading=\"lazy\" decoding=\"async\" width=\"640\" height=\"425\" src=\"https:\/\/turkiyemhaber.com\/wp-content\/uploads\/2026\/07\/haluk-leventin-kardesi-de-isin-20057476-9770_1_m.webp\" alt=\"\" class=\"wp-image-3990\" srcset=\"https:\/\/turkiyemhaber.com\/wp-content\/uploads\/2026\/07\/haluk-leventin-kardesi-de-isin-20057476-9770_1_m.webp 640w, https:\/\/turkiyemhaber.com\/wp-content\/uploads\/2026\/07\/haluk-leventin-kardesi-de-isin-20057476-9770_1_m-300x199.webp 300w, https:\/\/turkiyemhaber.com\/wp-content\/uploads\/2026\/07\/haluk-leventin-kardesi-de-isin-20057476-9770_1_m-18x12.webp 18w\" sizes=\"auto, (max-width: 640px) 100vw, 640px\" \/><\/figure>\n\n\n\n<h2 class=\"wp-block-heading\">Adli S\u00fcre\u00e7 Devam Ediyor<\/h2>\n\n\n\n<p class=\"wp-block-paragraph\">Soru\u015fturmada ad\u0131 ge\u00e7en ki\u015filer hakk\u0131ndaki iddialar yarg\u0131 s\u00fcrecinde de\u011ferlendirilmeye devam ederken, hen\u00fcz kesinle\u015fmi\u015f bir mahkeme karar\u0131 bulunmuyor. Savc\u0131l\u0131k taraf\u0131ndan y\u00fcr\u00fct\u00fclen soru\u015fturman\u0131n tamamlanmas\u0131n\u0131n ard\u0131ndan kamuoyuna yeni bilgilerin a\u00e7\u0131klanmas\u0131 bekleniyor.<\/p>\n\n\n\n<p class=\"wp-block-paragraph\"><strong>Not:<\/strong> Haberde yer alan bilgiler soru\u015fturma dosyas\u0131na yans\u0131yan iddia ve savc\u0131l\u0131k de\u011ferlendirmelerine dayanmaktad\u0131r. \u0130lgili ki\u015filer hakk\u0131nda kesinle\u015fmi\u015f bir mahk\u00fbmiyet karar\u0131 bulunmamaktad\u0131r.<\/p>\n\n\n\n<p class=\"wp-block-paragraph\">&#x1f449; T\u00fcrkiye g\u00fcndeminden en g\u00fcncel haberler i\u00e7in;<\/p>\n\n\n\n<p class=\"wp-block-paragraph\">&#x1f310; <a href=\"http:\/\/www.gundem59.com.tr\/\">www.gundem59.com.tr<\/a><br>&#x1f310; <a href=\"http:\/\/www.turkiyemhaber.com\/\">www.turkiyemhaber.com<\/a><br>&#x1f310; <a href=\"http:\/\/www.gundem44.com.tr\/\">www.gundem44.com.tr<\/a><br>&#x1f310; <a href=\"http:\/\/www.gundem34haber.com.tr\/\">www.gundem34haber.com.tr<\/a><br>&#x1f310; <a href=\"http:\/\/www.saray59.com.tr\/\">www.saray59.com.tr<\/a><\/p>\n\n\n\n<p class=\"wp-block-paragraph\">&#x1f4fa; <a href=\"http:\/\/www.turkiyemhabertv.com\/\">www.turkiyemhabertv.com<\/a><br>&#x1f4fb; <a href=\"http:\/\/www.turkiyemradyo.com\/\">www.turkiyemradyo.com<\/a><\/p>\n\n\n\n<p class=\"wp-block-paragraph\">&#x1f4f1; @gundem59__<br>&#x1f4f1; @turkiyemhaber_tr<\/p>\n\n\n\n<p class=\"wp-block-paragraph\">#SonDakika #Ahbap #HalukLevent #BerkantAcil #YelizKaya #Soru\u015fturma #\u0130stanbulCumhuriyetBa\u015fsavc\u0131l\u0131\u011f\u0131 #MaliSu\u00e7lar #Ba\u011f\u0131\u015f #Dernek #ParaTransferi #Kayyum #\u015eile #\u015eileBeziFestivali #G\u00fcndem #T\u00fcrkiye #G\u00fcncelHaber #Adliye #Mahkeme #Hukuk #Tekirda\u011f #Gundem59 #TurkiyemHaber #Gundem44 #Gundem34Haber #Saray59 #TurkiyemHaberTV #TurkiyemRadyo<\/p>\n","protected":false},"excerpt":{"rendered":"<p>\u0130stanbul Cumhuriyet Ba\u015fsavc\u0131l\u0131\u011f\u0131 taraf\u0131ndan Ahbap Derne\u011fi&#8217;ne y\u00f6nelik y\u00fcr\u00fct\u00fclen soru\u015fturmada yeni iddialar g\u00fcndeme geldi. Soru\u015fturma dosyas\u0131na<\/p>\n","protected":false},"author":1,"featured_media":3988,"comment_status":"open","ping_status":"open","sticky":false,"template":"","format":"standard","meta":{"_rtcl_gb_attr":"","footnotes":""},"categories":[1],"tags":[],"class_list":["post-3987","post","type-post","status-publish","format-standard","has-post-thumbnail","hentry","category-http-turkiyemhaber-com-wp-content-uploads-2026-03-saray-59-haber-13-mart-pdf"],"_links":{"self":[{"href":"https:\/\/turkiyemhaber.com\/index.php?rest_route=\/wp\/v2\/posts\/3987","targetHints":{"allow":["GET"]}}],"collection":[{"href":"https:\/\/turkiyemhaber.com\/index.php?rest_route=\/wp\/v2\/posts"}],"about":[{"href":"https:\/\/turkiyemhaber.com\/index.php?rest_route=\/wp\/v2\/types\/post"}],"author":[{"embeddable":true,"href":"https:\/\/turkiyemhaber.com\/index.php?rest_route=\/wp\/v2\/users\/1"}],"replies":[{"embeddable":true,"href":"https:\/\/turkiyemhaber.com\/index.php?rest_route=%2Fwp%2Fv2%2Fcomments&post=3987"}],"version-history":[{"count":1,"href":"https:\/\/turkiyemhaber.com\/index.php?rest_route=\/wp\/v2\/posts\/3987\/revisions"}],"predecessor-version":[{"id":3991,"href":"https:\/\/turkiyemhaber.com\/index.php?rest_route=\/wp\/v2\/posts\/3987\/revisions\/3991"}],"wp:featuredmedia":[{"embeddable":true,"href":"https:\/\/turkiyemhaber.com\/index.php?rest_route=\/wp\/v2\/media\/3988"}],"wp:attachment":[{"href":"https:\/\/turkiyemhaber.com\/index.php?rest_route=%2Fwp%2Fv2%2Fmedia&parent=3987"}],"wp:term":[{"taxonomy":"category","embeddable":true,"href":"https:\/\/turkiyemhaber.com\/index.php?rest_route=%2Fwp%2Fv2%2Fcategories&post=3987"},{"taxonomy":"post_tag","embeddable":true,"href":"https:\/\/turkiyemhaber.com\/index.php?rest_route=%2Fwp%2Fv2%2Ftags&post=3987"}],"curies":[{"name":"wp","href":"https:\/\/api.w.org\/{rel}","templated":true}]}}