{"id":3984,"date":"2026-07-16T12:06:58","date_gmt":"2026-07-16T12:06:58","guid":{"rendered":"https:\/\/turkiyemhaber.com\/?p=3984"},"modified":"2026-07-16T12:07:02","modified_gmt":"2026-07-16T12:07:02","slug":"tekirdagda-dev-bayrakla-demokrasi-yuruyusu","status":"publish","type":"post","link":"https:\/\/turkiyemhaber.com\/?p=3984","title":{"rendered":"Tekirda\u011f&#8217;da Dev Bayrakla Demokrasi Y\u00fcr\u00fcy\u00fc\u015f\u00fc"},"content":{"rendered":"\n<p class=\"wp-block-paragraph\"><strong>15 Temmuz Demokrasi ve Milli Birlik G\u00fcn\u00fc kapsam\u0131nda Tekirda\u011f&#8217;da d\u00fczenlenen demokrasi y\u00fcr\u00fcy\u00fc\u015f\u00fcnde y\u00fczlerce vatanda\u015f dev T\u00fcrk bayra\u011f\u0131yla tek y\u00fcrek oldu. H\u00fck\u00fcmet Caddesi&#8217;ni k\u0131rm\u0131z\u0131 beyaza b\u00fcr\u00fcyen kortej, birlik ve beraberlik mesajlar\u0131 verdi.<\/strong><\/p>\n\n\n\n<p class=\"wp-block-paragraph\">Tekirda\u011f&#8217;\u0131n S\u00fcleymanpa\u015fa il\u00e7esinde ger\u00e7ekle\u015ftirilen <strong>15 Temmuz Demokrasi ve Milli Birlik Korteji<\/strong>, vatanda\u015flar\u0131n yo\u011fun kat\u0131l\u0131m\u0131yla d\u00fczenlendi. Tekirda\u011f \u0130l Emniyet M\u00fcd\u00fcrl\u00fc\u011f\u00fc ekipleri taraf\u0131ndan ta\u015f\u0131nan dev T\u00fcrk bayra\u011f\u0131 e\u015fli\u011finde ger\u00e7ekle\u015ftirilen y\u00fcr\u00fcy\u00fc\u015fe 7&#8217;den 70&#8217;e \u00e7ok say\u0131da vatanda\u015f ellerindeki T\u00fcrk bayraklar\u0131yla destek verdi.<\/p>\n\n\n\n<p class=\"wp-block-paragraph\">H\u00fck\u00fcmet Caddesi boyunca devam eden y\u00fcr\u00fcy\u00fc\u015fte vatanda\u015flar demokrasiye ve milli iradeye sahip \u00e7\u0131kma mesaj\u0131 verirken, kortej Tekirda\u011f Valili\u011fi \u00f6n\u00fcnde sona erdi. Burada d\u00fczenlenen program sayg\u0131 duru\u015fu ve \u0130stiklal Mar\u015f\u0131&#8217;n\u0131n okunmas\u0131yla ba\u015flad\u0131. Ard\u0131ndan 15 Temmuz hain darbe giri\u015fimi s\u0131ras\u0131nda ya\u015fananlar\u0131 anlatan g\u00f6r\u00fcnt\u00fcler kat\u0131l\u0131mc\u0131lara izletildi.<\/p>\n\n\n\n<h2 class=\"wp-block-heading\">Vali Soyt\u00fcrk: &#8220;Milletimiz Demokrasisine Can\u0131 Pahas\u0131na Sahip \u00c7\u0131kt\u0131&#8221;<\/h2>\n\n\n\n<p class=\"wp-block-paragraph\">Programda konu\u015fan Tekirda\u011f Valisi Recep Soyt\u00fcrk, 15 Temmuz gecesi milletin ortaya koydu\u011fu kararl\u0131 duru\u015fun tarihe ge\u00e7ti\u011fini belirtti.<\/p>\n\n\n\n<p class=\"wp-block-paragraph\">Soyt\u00fcrk, FET\u00d6 taraf\u0131ndan ger\u00e7ekle\u015ftirilen hain darbe giri\u015fiminin Cumhurba\u015fkan\u0131 Recep Tayyip Erdo\u011fan&#8217;\u0131n \u00e7a\u011fr\u0131s\u0131yla meydanlara \u00e7\u0131kan vatanda\u015flar\u0131n direni\u015fi sayesinde ba\u015far\u0131s\u0131zl\u0131\u011fa u\u011frat\u0131ld\u0131\u011f\u0131n\u0131 ifade ederek, T\u00fcrk milletinin demokrasiye, ba\u011f\u0131ms\u0131zl\u0131\u011fa ve gelece\u011fine sahip \u00e7\u0131kt\u0131\u011f\u0131n\u0131 s\u00f6yledi.<\/p>\n\n\n\n<p class=\"wp-block-paragraph\">Milletin o gece ortaya koydu\u011fu fedak\u00e2rl\u0131\u011f\u0131n \u00c7anakkale, Sakarya ve Dumlup\u0131nar ruhunun yeniden dirili\u015fi oldu\u011funu vurgulayan Soyt\u00fcrk, birlik ve beraberlik i\u00e7inde T\u00fcrkiye&#8217;nin gelece\u011fe daha g\u00fc\u00e7l\u00fc ad\u0131mlarla y\u00fcr\u00fcmeye devam edece\u011fini dile getirdi.<\/p>\n\n\n\n<h2 class=\"wp-block-heading\">Yo\u011fun Kat\u0131l\u0131m Dikkat \u00c7ekti<\/h2>\n\n\n\n<p class=\"wp-block-paragraph\">Programa Tekirda\u011f Valisi Recep Soyt\u00fcrk&#8217;\u00fcn yan\u0131 s\u0131ra Tekirda\u011f B\u00fcy\u00fck\u015fehir Belediye Ba\u015fkan\u0131 Candan Y\u00fcceer, S\u00fcleymanpa\u015fa Kaymakam\u0131 Mahmut Nedim Tun\u00e7er, il protokol\u00fc, kurum m\u00fcd\u00fcrleri, siyasi parti temsilcileri ve \u00e7ok say\u0131da vatanda\u015f kat\u0131ld\u0131.<\/p>\n\n\n\n<p class=\"wp-block-paragraph\">15 Temmuz Demokrasi ve Milli Birlik G\u00fcn\u00fc etkinlikleri, g\u00fcn boyunca d\u00fczenlenen anma programlar\u0131 ve \u00e7e\u015fitli etkinliklerle devam etti.<\/p>\n\n\n\n<p class=\"wp-block-paragraph\">&#x1f449; T\u00fcrkiye g\u00fcndeminden en g\u00fcncel haberler i\u00e7in;<\/p>\n\n\n\n<p class=\"wp-block-paragraph\">&#x1f310; <a href=\"http:\/\/www.gundem59.com.tr\/\">www.gundem59.com.tr<\/a><br>&#x1f310; <a href=\"http:\/\/www.turkiyemhaber.com\/\">www.turkiyemhaber.com<\/a><br>&#x1f310; <a href=\"http:\/\/www.gundem44.com.tr\/\">www.gundem44.com.tr<\/a><br>&#x1f310; <a href=\"http:\/\/www.gundem34haber.com.tr\/\">www.gundem34haber.com.tr<\/a><br>&#x1f310; <a href=\"http:\/\/www.saray59.com.tr\/\">www.saray59.com.tr<\/a><\/p>\n\n\n\n<p class=\"wp-block-paragraph\">&#x1f4fa; <a href=\"http:\/\/www.turkiyemhabertv.com\/\">www.turkiyemhabertv.com<\/a><br>&#x1f4fb; <a href=\"http:\/\/www.turkiyemradyo.com\/\">www.turkiyemradyo.com<\/a><\/p>\n\n\n\n<p class=\"wp-block-paragraph\">&#x1f4f1; @gundem59__<br>&#x1f4f1; @turkiyemhaber_tr<\/p>\n\n\n\n<p class=\"wp-block-paragraph\">#Tekirda\u011f #S\u00fcleymanpa\u015fa #15Temmuz #DemokrasiVeMilliBirlikG\u00fcn\u00fc #DemokrasiN\u00f6beti #MilliBirlik #RecepSoyt\u00fcrk #CandanY\u00fcceer #MahmutNedimTun\u00e7er #T\u00fcrkBayra\u011f\u0131 #DemokrasiY\u00fcr\u00fcy\u00fc\u015f\u00fc #Kortej #TekY\u00fcrek #Milli\u0130rade #\u015eehitlerimiziRahmetleAn\u0131yoruz #GazilerimizeMinnetle #FET\u00d6 #15Temmuz2016 #T\u00fcrkiye #G\u00fcndem #G\u00fcncelHaber #YerelHaber #Tekirda\u011fHaber #Gundem59 #TurkiyemHaber #Gundem44 #Gundem34Haber #Saray59 #TurkiyemHaberTV #TurkiyemRadyo #SonDakika<\/p>\n","protected":false},"excerpt":{"rendered":"<p>15 Temmuz Demokrasi ve Milli Birlik G\u00fcn\u00fc kapsam\u0131nda Tekirda\u011f&#8217;da d\u00fczenlenen demokrasi y\u00fcr\u00fcy\u00fc\u015f\u00fcnde y\u00fczlerce vatanda\u015f dev<\/p>\n","protected":false},"author":1,"featured_media":3985,"comment_status":"open","ping_status":"open","sticky":false,"template":"","format":"standard","meta":{"_rtcl_gb_attr":"","footnotes":""},"categories":[74],"tags":[],"class_list":["post-3984","post","type-post","status-publish","format-standard","has-post-thumbnail","hentry","category-yerel-haberler"],"_links":{"self":[{"href":"https:\/\/turkiyemhaber.com\/index.php?rest_route=\/wp\/v2\/posts\/3984","targetHints":{"allow":["GET"]}}],"collection":[{"href":"https:\/\/turkiyemhaber.com\/index.php?rest_route=\/wp\/v2\/posts"}],"about":[{"href":"https:\/\/turkiyemhaber.com\/index.php?rest_route=\/wp\/v2\/types\/post"}],"author":[{"embeddable":true,"href":"https:\/\/turkiyemhaber.com\/index.php?rest_route=\/wp\/v2\/users\/1"}],"replies":[{"embeddable":true,"href":"https:\/\/turkiyemhaber.com\/index.php?rest_route=%2Fwp%2Fv2%2Fcomments&post=3984"}],"version-history":[{"count":1,"href":"https:\/\/turkiyemhaber.com\/index.php?rest_route=\/wp\/v2\/posts\/3984\/revisions"}],"predecessor-version":[{"id":3986,"href":"https:\/\/turkiyemhaber.com\/index.php?rest_route=\/wp\/v2\/posts\/3984\/revisions\/3986"}],"wp:featuredmedia":[{"embeddable":true,"href":"https:\/\/turkiyemhaber.com\/index.php?rest_route=\/wp\/v2\/media\/3985"}],"wp:attachment":[{"href":"https:\/\/turkiyemhaber.com\/index.php?rest_route=%2Fwp%2Fv2%2Fmedia&parent=3984"}],"wp:term":[{"taxonomy":"category","embeddable":true,"href":"https:\/\/turkiyemhaber.com\/index.php?rest_route=%2Fwp%2Fv2%2Fcategories&post=3984"},{"taxonomy":"post_tag","embeddable":true,"href":"https:\/\/turkiyemhaber.com\/index.php?rest_route=%2Fwp%2Fv2%2Ftags&post=3984"}],"curies":[{"name":"wp","href":"https:\/\/api.w.org\/{rel}","templated":true}]}}