{"id":3979,"date":"2026-07-16T11:56:16","date_gmt":"2026-07-16T11:56:16","guid":{"rendered":"https:\/\/turkiyemhaber.com\/?p=3979"},"modified":"2026-07-16T11:56:22","modified_gmt":"2026-07-16T11:56:22","slug":"ilyas-yalcintasin-evinden-cikanlar-gundem-oldu-hassas-terazi-ve-aparatlara-el-konuldu","status":"publish","type":"post","link":"https:\/\/turkiyemhaber.com\/?p=3979","title":{"rendered":"\u0130LYAS YAL\u00c7INTA\u015e&#8217;IN EV\u0130NDEN \u00c7IKANLAR G\u00dcNDEM OLDU! HASSAS TERAZ\u0130 VE APARATLARA EL KONULDU"},"content":{"rendered":"\n<p class=\"wp-block-paragraph\">Bak\u0131rk\u00f6y Cumhuriyet Ba\u015fsavc\u0131l\u0131\u011f\u0131 taraf\u0131ndan y\u00fcr\u00fct\u00fclen uyu\u015fturucu soru\u015fturmas\u0131nda yeni detaylar ortaya \u00e7\u0131kt\u0131. Soru\u015fturma kapsam\u0131nda g\u00f6zalt\u0131na al\u0131nan \u015fark\u0131c\u0131 \u0130lyas Yal\u00e7\u0131nta\u015f&#8217;\u0131n evinde yap\u0131lan aramalarda hassas terazi ve uyu\u015fturucu madde kullan\u0131m\u0131nda kullan\u0131ld\u0131\u011f\u0131 de\u011ferlendirilen \u00e7e\u015fitli aparatlar ele ge\u00e7irildi\u011fi \u00f6ne s\u00fcr\u00fcld\u00fc.<\/p>\n\n\n\n<p class=\"wp-block-paragraph\">Ba\u015fsavc\u0131l\u0131k taraf\u0131ndan yap\u0131lan a\u00e7\u0131klamada, kamuoyunda sanat\u00e7\u0131, oyuncu, yap\u0131mc\u0131, i\u015f insan\u0131 ve i\u015fletmeci kimlikleriyle tan\u0131nan baz\u0131 isimlerin uyu\u015fturucu ve uyar\u0131c\u0131 madde kulland\u0131\u011f\u0131, kullan\u0131m\u0131n\u0131 kolayla\u015ft\u0131rd\u0131\u011f\u0131 veya yer temin etti\u011fi y\u00f6n\u00fcnde elde edilen deliller do\u011frultusunda operasyon ba\u015flat\u0131ld\u0131\u011f\u0131 belirtildi.<\/p>\n\n\n\n<p class=\"wp-block-paragraph\">\u0130stanbul \u0130l Jandarma Komutanl\u0131\u011f\u0131 ekiplerince ger\u00e7ekle\u015ftirilen e\u015f zamanl\u0131 operasyonlarda \u00e7ok say\u0131da adrese bask\u0131n d\u00fczenlenirken, ele ge\u00e7irilen materyallere incelenmek \u00fczere el konuldu.<\/p>\n\n\n\n<h3 class=\"wp-block-heading\">G\u00d6ZALTI KARARI VER\u0130LEN 25 \u0130S\u0130M<\/h3>\n\n\n\n<p class=\"wp-block-paragraph\">1- S\u0131la Gen\u00e7o\u011flu (G\u00f6zalt\u0131nda)<br>2- \u0130lyas Yal\u00e7\u0131nta\u015f (G\u00f6zalt\u0131nda)<br>3- Mehmet Fatih Aksoy (G\u00f6zalt\u0131nda)<br>4- Ate\u015f \u0130nce (G\u00f6zalt\u0131nda)<br>5- \u00d6ner Faruk I\u015f\u0131k (G\u00f6zalt\u0131nda)<br>6- \u015eefik \u00d6mer Dolman (G\u00f6zalt\u0131nda)<br>7- Ayb\u00fcke Albere (G\u00f6zalt\u0131nda)<br>8- Ay\u015fe Nur Balc\u0131 (G\u00f6zalt\u0131nda)<br>9- \u0130rem Haznedar (G\u00f6zalt\u0131nda)<br>10- Orhan Y\u0131ld\u0131z<br>11- Burak \u00c7elik<br>12- Volkan B\u00fcy\u00fckhanl\u0131<br>13- B\u00fc\u015fra Tatar<br>14- Cenk \u00c7\u00f6teli<br>15- Feyza Cihan<br>16- Asude Mercan<br>17- H. Eylem \u0130pek \u015eafak<br>18- G\u00f6khan \u015eafak<br>19- \u00dcmit Aslan<br>20- Bu\u011fra Balkaya<br>21- Ak\u0131n Altan<br>22- O\u011fuz Alp G\u00fcler<br>23- K\u00fcbra Altay<br>24- Hilal Zeynep Hedbe<br>25- Melis Sel\u00e7uko\u011flu<\/p>\n\n\n\n<figure class=\"wp-block-image size-full\"><img loading=\"lazy\" decoding=\"async\" width=\"735\" height=\"490\" src=\"https:\/\/turkiyemhaber.com\/wp-content\/uploads\/2026\/07\/baskin-yapilan-unlu-sarkicinin-evinden-cikanlara-bakin_20056676_70-1.jpg\" alt=\"\" class=\"wp-image-3981\" srcset=\"https:\/\/turkiyemhaber.com\/wp-content\/uploads\/2026\/07\/baskin-yapilan-unlu-sarkicinin-evinden-cikanlara-bakin_20056676_70-1.jpg 735w, https:\/\/turkiyemhaber.com\/wp-content\/uploads\/2026\/07\/baskin-yapilan-unlu-sarkicinin-evinden-cikanlara-bakin_20056676_70-1-300x200.jpg 300w, https:\/\/turkiyemhaber.com\/wp-content\/uploads\/2026\/07\/baskin-yapilan-unlu-sarkicinin-evinden-cikanlara-bakin_20056676_70-1-18x12.jpg 18w\" sizes=\"auto, (max-width: 735px) 100vw, 735px\" \/><\/figure>\n\n\n\n<p class=\"wp-block-paragraph\">Jandarma ekiplerinin \u015f\u00fcphelilerin adreslerinde yapt\u0131\u011f\u0131 arama ve incelemelerin s\u00fcrd\u00fc\u011f\u00fc \u00f6\u011frenilirken, g\u00f6zalt\u0131ndaki isimlerin ifade i\u015flemleri devam ediyor.<\/p>\n\n\n\n<p class=\"wp-block-paragraph\">&#x26a0;&#xfe0f; Haklar\u0131nda g\u00f6zalt\u0131 karar\u0131 verilen ki\u015filerle ilgili adli s\u00fcre\u00e7 devam etmekte olup, kesinle\u015fmi\u015f bir mahkeme karar\u0131 bulunmamaktad\u0131r.<\/p>\n\n\n\n<p class=\"wp-block-paragraph\">&#x1f449; T\u00fcrkiye g\u00fcndeminden en g\u00fcncel haberler i\u00e7in;<\/p>\n\n\n\n<p class=\"wp-block-paragraph\">&#x1f310; <a href=\"http:\/\/www.gundem59.com.tr\/\">www.gundem59.com.tr<\/a><br>&#x1f310; <a href=\"http:\/\/www.turkiyemhaber.com\/\">www.turkiyemhaber.com<\/a><br>&#x1f310; <a href=\"http:\/\/www.gundem44.com.tr\/\">www.gundem44.com.tr<\/a><br>&#x1f310; <a href=\"http:\/\/www.gundem34haber.com.tr\/\">www.gundem34haber.com.tr<\/a><br>&#x1f310; <a href=\"http:\/\/www.saray59.com.tr\/\">www.saray59.com.tr<\/a><\/p>\n\n\n\n<p class=\"wp-block-paragraph\">&#x1f4fa; <a href=\"http:\/\/www.turkiyemhabertv.com\/\">www.turkiyemhabertv.com<\/a><br>&#x1f4fb; <a href=\"http:\/\/www.turkiyemradyo.com\/\">www.turkiyemradyo.com<\/a><\/p>\n\n\n\n<p class=\"wp-block-paragraph\">&#x1f4f1; @gundem59__<br>&#x1f4f1; @turkiyemhaber_tr<\/p>\n\n\n\n<figure class=\"wp-block-image size-full\"><img loading=\"lazy\" decoding=\"async\" width=\"640\" height=\"480\" src=\"https:\/\/turkiyemhaber.com\/wp-content\/uploads\/2026\/07\/unlulere-yonelik-uyusturucu-operasyonlarinda-20056676_o.jpg\" alt=\"\" class=\"wp-image-3982\" srcset=\"https:\/\/turkiyemhaber.com\/wp-content\/uploads\/2026\/07\/unlulere-yonelik-uyusturucu-operasyonlarinda-20056676_o.jpg 640w, https:\/\/turkiyemhaber.com\/wp-content\/uploads\/2026\/07\/unlulere-yonelik-uyusturucu-operasyonlarinda-20056676_o-300x225.jpg 300w, https:\/\/turkiyemhaber.com\/wp-content\/uploads\/2026\/07\/unlulere-yonelik-uyusturucu-operasyonlarinda-20056676_o-16x12.jpg 16w, https:\/\/turkiyemhaber.com\/wp-content\/uploads\/2026\/07\/unlulere-yonelik-uyusturucu-operasyonlarinda-20056676_o-320x240.jpg 320w\" sizes=\"auto, (max-width: 640px) 100vw, 640px\" \/><\/figure>\n\n\n\n<p class=\"wp-block-paragraph\">#SonDakika #\u0130lyasYal\u00e7\u0131nta\u015f #S\u0131laGen\u00e7o\u011flu #FatihAksoy #Uyu\u015fturucuOperasyonu #Bak\u0131rk\u00f6yCumhuriyetBa\u015fsavc\u0131l\u0131\u011f\u0131 #\u0130stanbulJandarma #G\u00f6zalt\u0131 #Operasyon #Uyu\u015fturucu #Magazin #Sanat #M\u00fczik #\u00dcnl\u00fcler #\u0130stanbul #T\u00fcrkiye #G\u00fcndem #G\u00fcncelHaber #SonDakikaHaber #Adliye #Soru\u015fturma #Burak\u00c7elik #VolkanB\u00fcy\u00fckhanl\u0131 #B\u00fc\u015fraTatar #Cenk\u00c7\u00f6teli #FeyzaCihan #AsudeMercan #G\u00f6khan\u015eafak #\u00dcmitAslan #Bu\u011fraBalkaya #Ak\u0131nAltan #O\u011fuzAlpG\u00fcler #K\u00fcbraAltay #MelisSel\u00e7uko\u011flu #HilalZeynepHedbe #Ayb\u00fckeAlbere #Ay\u015feNurBalc\u0131 #\u0130remHaznedar #OrhanY\u0131ld\u0131z #Gundem59 #TurkiyemHaber #Gundem44 #Gundem34Haber #Saray59 #TurkiyemHaberTV #TurkiyemRadyo #Ke\u015ffet #TrendHaber #G\u00fcndemT\u00fcrkiye<\/p>\n","protected":false},"excerpt":{"rendered":"<p>Bak\u0131rk\u00f6y Cumhuriyet Ba\u015fsavc\u0131l\u0131\u011f\u0131 taraf\u0131ndan y\u00fcr\u00fct\u00fclen uyu\u015fturucu soru\u015fturmas\u0131nda yeni detaylar ortaya \u00e7\u0131kt\u0131. Soru\u015fturma kapsam\u0131nda g\u00f6zalt\u0131na al\u0131nan<\/p>\n","protected":false},"author":1,"featured_media":3980,"comment_status":"open","ping_status":"open","sticky":false,"template":"","format":"standard","meta":{"_rtcl_gb_attr":"","footnotes":""},"categories":[1],"tags":[],"class_list":["post-3979","post","type-post","status-publish","format-standard","has-post-thumbnail","hentry","category-http-turkiyemhaber-com-wp-content-uploads-2026-03-saray-59-haber-13-mart-pdf"],"_links":{"self":[{"href":"https:\/\/turkiyemhaber.com\/index.php?rest_route=\/wp\/v2\/posts\/3979","targetHints":{"allow":["GET"]}}],"collection":[{"href":"https:\/\/turkiyemhaber.com\/index.php?rest_route=\/wp\/v2\/posts"}],"about":[{"href":"https:\/\/turkiyemhaber.com\/index.php?rest_route=\/wp\/v2\/types\/post"}],"author":[{"embeddable":true,"href":"https:\/\/turkiyemhaber.com\/index.php?rest_route=\/wp\/v2\/users\/1"}],"replies":[{"embeddable":true,"href":"https:\/\/turkiyemhaber.com\/index.php?rest_route=%2Fwp%2Fv2%2Fcomments&post=3979"}],"version-history":[{"count":1,"href":"https:\/\/turkiyemhaber.com\/index.php?rest_route=\/wp\/v2\/posts\/3979\/revisions"}],"predecessor-version":[{"id":3983,"href":"https:\/\/turkiyemhaber.com\/index.php?rest_route=\/wp\/v2\/posts\/3979\/revisions\/3983"}],"wp:featuredmedia":[{"embeddable":true,"href":"https:\/\/turkiyemhaber.com\/index.php?rest_route=\/wp\/v2\/media\/3980"}],"wp:attachment":[{"href":"https:\/\/turkiyemhaber.com\/index.php?rest_route=%2Fwp%2Fv2%2Fmedia&parent=3979"}],"wp:term":[{"taxonomy":"category","embeddable":true,"href":"https:\/\/turkiyemhaber.com\/index.php?rest_route=%2Fwp%2Fv2%2Fcategories&post=3979"},{"taxonomy":"post_tag","embeddable":true,"href":"https:\/\/turkiyemhaber.com\/index.php?rest_route=%2Fwp%2Fv2%2Ftags&post=3979"}],"curies":[{"name":"wp","href":"https:\/\/api.w.org\/{rel}","templated":true}]}}