{"id":3973,"date":"2026-07-16T11:46:47","date_gmt":"2026-07-16T11:46:47","guid":{"rendered":"https:\/\/turkiyemhaber.com\/?p=3973"},"modified":"2026-07-16T11:46:52","modified_gmt":"2026-07-16T11:46:52","slug":"unlulere-uyusturucu-operasyonu-25-supheli-hakkinda-gozalti-karari","status":"publish","type":"post","link":"https:\/\/turkiyemhaber.com\/?p=3973","title":{"rendered":"\u00dcnl\u00fclere Uyu\u015fturucu Operasyonu! 25 \u015e\u00fcpheli Hakk\u0131nda G\u00f6zalt\u0131 Karar\u0131"},"content":{"rendered":"\n<p class=\"wp-block-paragraph\"><strong>Bak\u0131rk\u00f6y Cumhuriyet Ba\u015fsavc\u0131l\u0131\u011f\u0131 taraf\u0131ndan y\u00fcr\u00fct\u00fclen uyu\u015fturucu soru\u015fturmas\u0131 kapsam\u0131nda, aralar\u0131nda sanat\u00e7\u0131, oyuncu, yap\u0131mc\u0131, i\u015f insan\u0131 ve i\u015fletmecilerin de bulundu\u011fu 25 \u015f\u00fcpheli hakk\u0131nda g\u00f6zalt\u0131 karar\u0131 verildi. Operasyon kapsam\u0131nda \u00e7ok say\u0131da adrese e\u015f zamanl\u0131 bask\u0131n d\u00fczenlenirken, baz\u0131 isimler g\u00f6zalt\u0131na al\u0131nd\u0131.<\/strong> <\/p>\n\n\n\n<p class=\"wp-block-paragraph\">Ba\u015fsavc\u0131l\u0131ktan yap\u0131lan a\u00e7\u0131klamada, <strong>&#8220;uyu\u015fturucu veya uyar\u0131c\u0131 madde kullanmak&#8221;, &#8220;uyu\u015fturucu madde kullan\u0131m\u0131n\u0131 kolayla\u015ft\u0131rmak&#8221; ve &#8220;yer temin etmek&#8221;<\/strong> su\u00e7lar\u0131na ili\u015fkin y\u00fcr\u00fct\u00fclen soru\u015fturmada makul \u015f\u00fcpheyi destekleyen delillere ula\u015f\u0131ld\u0131\u011f\u0131 belirtilerek, \u0130stanbul \u0130l Jandarma Komutanl\u0131\u011f\u0131&#8217;na g\u00f6zalt\u0131, arama, biyolojik inceleme ve ifade alma i\u015flemlerinin ger\u00e7ekle\u015ftirilmesi talimat\u0131 verildi\u011fi bildirildi. <\/p>\n\n\n\n<figure class=\"wp-block-image size-full\"><img loading=\"lazy\" decoding=\"async\" width=\"640\" height=\"426\" src=\"https:\/\/turkiyemhaber.com\/wp-content\/uploads\/2026\/07\/ilyas-yalcintas-ve-fatih-aksoy-20056653-8912_1_m.webp\" alt=\"\" class=\"wp-image-3976\" srcset=\"https:\/\/turkiyemhaber.com\/wp-content\/uploads\/2026\/07\/ilyas-yalcintas-ve-fatih-aksoy-20056653-8912_1_m.webp 640w, https:\/\/turkiyemhaber.com\/wp-content\/uploads\/2026\/07\/ilyas-yalcintas-ve-fatih-aksoy-20056653-8912_1_m-300x200.webp 300w, https:\/\/turkiyemhaber.com\/wp-content\/uploads\/2026\/07\/ilyas-yalcintas-ve-fatih-aksoy-20056653-8912_1_m-18x12.webp 18w\" sizes=\"auto, (max-width: 640px) 100vw, 640px\" \/><\/figure>\n\n\n\n<h2 class=\"wp-block-heading\">G\u00f6zalt\u0131na Al\u0131nan \u0130simler<\/h2>\n\n\n\n<p class=\"wp-block-paragraph\">Operasyon kapsam\u0131nda \u015fu ana kadar g\u00f6zalt\u0131na al\u0131nan isimlerin \u015funlar oldu\u011fu bildirildi:<\/p>\n\n\n\n<ul class=\"wp-block-list\">\n<li>S\u0131la Gen\u00e7o\u011flu<\/li>\n\n\n\n<li>\u0130lyas Yal\u00e7\u0131nta\u015f<\/li>\n\n\n\n<li>Mehmet Fatih Aksoy<\/li>\n\n\n\n<li>Ate\u015f \u0130nce<\/li>\n\n\n\n<li>\u00d6ner Faruk I\u015f\u0131k<\/li>\n\n\n\n<li>\u015eefik \u00d6mer Dolman<\/li>\n\n\n\n<li>Ayb\u00fcke Albere<\/li>\n\n\n\n<li>Ay\u015fe Nur Balc\u0131<\/li>\n\n\n\n<li>\u0130rem Haznedar<\/li>\n\n\n\n<li>Orhan Y\u0131ld\u0131z<\/li>\n\n\n\n<li>Hazal Eylem \u0130pek \u015eafak<\/li>\n\n\n\n<li>G\u00f6khan \u015eafak (<a href=\"https:\/\/www.ahaber.com.tr\/gundem\/canli\/unlulere-uyusturucu-operasyonunda-yeni-dalga?utm_source=chatgpt.com\">A Haber<\/a>)<\/li>\n<\/ul>\n\n\n\n<figure class=\"wp-block-image size-full\"><img loading=\"lazy\" decoding=\"async\" width=\"640\" height=\"360\" src=\"https:\/\/turkiyemhaber.com\/wp-content\/uploads\/2026\/07\/unlulere-yeni-dalga-uyusturucu-20056653-2646_1_m.webp\" alt=\"\" class=\"wp-image-3977\" srcset=\"https:\/\/turkiyemhaber.com\/wp-content\/uploads\/2026\/07\/unlulere-yeni-dalga-uyusturucu-20056653-2646_1_m.webp 640w, https:\/\/turkiyemhaber.com\/wp-content\/uploads\/2026\/07\/unlulere-yeni-dalga-uyusturucu-20056653-2646_1_m-300x169.webp 300w, https:\/\/turkiyemhaber.com\/wp-content\/uploads\/2026\/07\/unlulere-yeni-dalga-uyusturucu-20056653-2646_1_m-18x10.webp 18w\" sizes=\"auto, (max-width: 640px) 100vw, 640px\" \/><\/figure>\n\n\n\n<h2 class=\"wp-block-heading\">Hakk\u0131nda G\u00f6zalt\u0131 Karar\u0131 Verilen 25 \u015e\u00fcpheli<\/h2>\n\n\n\n<p class=\"wp-block-paragraph\">Soru\u015fturma kapsam\u0131nda haklar\u0131nda g\u00f6zalt\u0131 karar\u0131 verilen isimler \u015f\u00f6yle:<\/p>\n\n\n\n<ol class=\"wp-block-list\">\n<li>S\u0131la Gen\u00e7o\u011flu<\/li>\n\n\n\n<li>\u0130lyas Yal\u00e7\u0131nta\u015f<\/li>\n\n\n\n<li>Mehmet Fatih Aksoy<\/li>\n\n\n\n<li>Ate\u015f \u0130nce<\/li>\n\n\n\n<li>\u00d6ner Faruk I\u015f\u0131k<\/li>\n\n\n\n<li>\u015eefik \u00d6mer Dolman<\/li>\n\n\n\n<li>Ayb\u00fcke Albere<\/li>\n\n\n\n<li>Ay\u015fe Nur Balc\u0131<\/li>\n\n\n\n<li>\u0130rem Haznedar<\/li>\n\n\n\n<li>Orhan Y\u0131ld\u0131z<\/li>\n\n\n\n<li>Burak \u00c7elik<\/li>\n\n\n\n<li>Volkan B\u00fcy\u00fckhanl\u0131<\/li>\n\n\n\n<li>B\u00fc\u015fra Tatar (Canbaz)<\/li>\n\n\n\n<li>Cenk \u00c7\u00f6teli<\/li>\n\n\n\n<li>Feyza Cihan<\/li>\n\n\n\n<li>Asude Mercan<\/li>\n\n\n\n<li>Hazal Eylem \u0130pek \u015eafak<\/li>\n\n\n\n<li>G\u00f6khan \u015eafak<\/li>\n\n\n\n<li>\u00dcmit Aslan<\/li>\n\n\n\n<li>Bu\u011fra Balkaya<\/li>\n\n\n\n<li>Ak\u0131n Altan<\/li>\n\n\n\n<li>O\u011fuz Alp G\u00fcler<\/li>\n\n\n\n<li>K\u00fcbra Altay<\/li>\n\n\n\n<li>Hilal Zeynep Hedbe<\/li>\n\n\n\n<li>Melis Sel\u00e7uko\u011flu (<a href=\"https:\/\/www.ahaber.com.tr\/gundem\/canli\/unlulere-uyusturucu-operasyonunda-yeni-dalga?utm_source=chatgpt.com\">A Haber<\/a>)<\/li>\n<\/ol>\n\n\n\n<h2 class=\"wp-block-heading\">Soru\u015fturma Devam Ediyor<\/h2>\n\n\n\n<p class=\"wp-block-paragraph\">\u015e\u00fcphelilerin i\u015flemlerinin \u0130stanbul \u0130l Jandarma Komutanl\u0131\u011f\u0131 taraf\u0131ndan s\u00fcrd\u00fcr\u00fcld\u00fc\u011f\u00fc, ifadelerinin al\u0131nmas\u0131n\u0131n ard\u0131ndan Bak\u0131rk\u00f6y Cumhuriyet Ba\u015fsavc\u0131l\u0131\u011f\u0131&#8217;na sevk edilecekleri bildirildi. Soru\u015fturma devam ederken, ad\u0131 ge\u00e7en ki\u015filer hakk\u0131nda kesinle\u015fmi\u015f bir mahk\u00fbmiyet karar\u0131 bulunmuyor. <\/p>\n\n\n\n<p class=\"wp-block-paragraph\">&#x1f449; T\u00fcrkiye g\u00fcndeminden en g\u00fcncel haberler i\u00e7in;<\/p>\n\n\n\n<p class=\"wp-block-paragraph\">&#x1f310; <a href=\"http:\/\/www.gundem59.com.tr\/\">www.gundem59.com.tr<\/a><\/p>\n\n\n\n<p class=\"wp-block-paragraph\">&#x1f310; <a href=\"http:\/\/www.turkiyemhaber.com\/\">www.turkiyemhaber.com<\/a><\/p>\n\n\n\n<p class=\"wp-block-paragraph\">&#x1f310; <a href=\"http:\/\/www.gundem44.com.tr\/\">www.gundem44.com.tr<\/a><\/p>\n\n\n\n<p class=\"wp-block-paragraph\">&#x1f310; <a href=\"http:\/\/www.gundem34haber.com.tr\/\">www.gundem34haber.com.tr<\/a><\/p>\n\n\n\n<p class=\"wp-block-paragraph\">&#x1f310; <a href=\"http:\/\/www.saray59.com.tr\/\">www.saray59.com.tr<\/a><\/p>\n\n\n\n<p class=\"wp-block-paragraph\">&#x1f4fa; <a href=\"http:\/\/www.turkiyemhabertv.com\/\">www.turkiyemhabertv.com<\/a><\/p>\n\n\n\n<p class=\"wp-block-paragraph\">&#x1f4fb; <a href=\"http:\/\/www.turkiyemradyo.com\/\">www.turkiyemradyo.com<\/a><\/p>\n\n\n\n<p class=\"wp-block-paragraph\">&#x1f4f1; @gundem59__<\/p>\n\n\n\n<p class=\"wp-block-paragraph\">&#x1f4f1; @turkiyemhaber_tr<\/p>\n\n\n\n<p class=\"wp-block-paragraph\">#SonDakika #Uyu\u015fturucuOperasyonu #Bak\u0131rk\u00f6yCumhuriyetBa\u015fsavc\u0131l\u0131\u011f\u0131 #S\u0131la #\u0130lyasYal\u00e7\u0131nta\u015f #FatihAksoy #Jandarma #Operasyon #Magazin #T\u00fcrkiye #G\u00fcndem #G\u00fcncelHaber #Gundem59 #TurkiyemHaber #Gundem44 #Gundem34Haber #Saray59 #TurkiyemHaberTV #TurkiyemRadyo<\/p>\n\n\n\n<p class=\"wp-block-paragraph\"><\/p>\n","protected":false},"excerpt":{"rendered":"<p>Bak\u0131rk\u00f6y Cumhuriyet Ba\u015fsavc\u0131l\u0131\u011f\u0131 taraf\u0131ndan y\u00fcr\u00fct\u00fclen uyu\u015fturucu soru\u015fturmas\u0131 kapsam\u0131nda, aralar\u0131nda sanat\u00e7\u0131, oyuncu, yap\u0131mc\u0131, i\u015f insan\u0131 ve<\/p>\n","protected":false},"author":1,"featured_media":3974,"comment_status":"open","ping_status":"open","sticky":false,"template":"","format":"standard","meta":{"_rtcl_gb_attr":"","footnotes":""},"categories":[43],"tags":[],"class_list":["post-3973","post","type-post","status-publish","format-standard","has-post-thumbnail","hentry","category-son-dakika"],"_links":{"self":[{"href":"https:\/\/turkiyemhaber.com\/index.php?rest_route=\/wp\/v2\/posts\/3973","targetHints":{"allow":["GET"]}}],"collection":[{"href":"https:\/\/turkiyemhaber.com\/index.php?rest_route=\/wp\/v2\/posts"}],"about":[{"href":"https:\/\/turkiyemhaber.com\/index.php?rest_route=\/wp\/v2\/types\/post"}],"author":[{"embeddable":true,"href":"https:\/\/turkiyemhaber.com\/index.php?rest_route=\/wp\/v2\/users\/1"}],"replies":[{"embeddable":true,"href":"https:\/\/turkiyemhaber.com\/index.php?rest_route=%2Fwp%2Fv2%2Fcomments&post=3973"}],"version-history":[{"count":1,"href":"https:\/\/turkiyemhaber.com\/index.php?rest_route=\/wp\/v2\/posts\/3973\/revisions"}],"predecessor-version":[{"id":3978,"href":"https:\/\/turkiyemhaber.com\/index.php?rest_route=\/wp\/v2\/posts\/3973\/revisions\/3978"}],"wp:featuredmedia":[{"embeddable":true,"href":"https:\/\/turkiyemhaber.com\/index.php?rest_route=\/wp\/v2\/media\/3974"}],"wp:attachment":[{"href":"https:\/\/turkiyemhaber.com\/index.php?rest_route=%2Fwp%2Fv2%2Fmedia&parent=3973"}],"wp:term":[{"taxonomy":"category","embeddable":true,"href":"https:\/\/turkiyemhaber.com\/index.php?rest_route=%2Fwp%2Fv2%2Fcategories&post=3973"},{"taxonomy":"post_tag","embeddable":true,"href":"https:\/\/turkiyemhaber.com\/index.php?rest_route=%2Fwp%2Fv2%2Ftags&post=3973"}],"curies":[{"name":"wp","href":"https:\/\/api.w.org\/{rel}","templated":true}]}}