{"id":3968,"date":"2026-07-16T11:22:34","date_gmt":"2026-07-16T11:22:34","guid":{"rendered":"https:\/\/turkiyemhaber.com\/?p=3968"},"modified":"2026-07-16T11:22:38","modified_gmt":"2026-07-16T11:22:38","slug":"zincir-market-subesinde-skandal-tarihi-gecmis-135-gida-urunu-reyonlarda-tespit-edildi","status":"publish","type":"post","link":"https:\/\/turkiyemhaber.com\/?p=3968","title":{"rendered":"Zincir Market \u015eubesinde Skandal! Tarihi Ge\u00e7mi\u015f 135 G\u0131da \u00dcr\u00fcn\u00fc Reyonlarda Tespit Edildi"},"content":{"rendered":"\n<p class=\"wp-block-paragraph\">Mersin&#8217;in Akdeniz il\u00e7esinde bir zincir market \u015fubesine y\u00f6nelik ger\u00e7ekle\u015ftirilen denetimlerde halk sa\u011fl\u0131\u011f\u0131n\u0131 tehdit eden ciddi bir ihlal ortaya \u00e7\u0131kt\u0131. Zab\u0131ta ekiplerinin yapt\u0131\u011f\u0131 kontrollerde, son kullanma tarihi ge\u00e7mi\u015f \u00e7ok say\u0131da g\u0131da \u00fcr\u00fcn\u00fcn\u00fcn sat\u0131\u015fa sunuldu\u011fu belirlendi.<\/p>\n\n\n\n<figure class=\"wp-block-image size-full\"><img loading=\"lazy\" decoding=\"async\" width=\"640\" height=\"457\" src=\"https:\/\/turkiyemhaber.com\/wp-content\/uploads\/2026\/07\/mersin-de-sikayet-uzerine-denetlenen-zincir-2-20056910_o.jpg\" alt=\"\" class=\"wp-image-3970\" srcset=\"https:\/\/turkiyemhaber.com\/wp-content\/uploads\/2026\/07\/mersin-de-sikayet-uzerine-denetlenen-zincir-2-20056910_o.jpg 640w, https:\/\/turkiyemhaber.com\/wp-content\/uploads\/2026\/07\/mersin-de-sikayet-uzerine-denetlenen-zincir-2-20056910_o-300x214.jpg 300w, https:\/\/turkiyemhaber.com\/wp-content\/uploads\/2026\/07\/mersin-de-sikayet-uzerine-denetlenen-zincir-2-20056910_o-18x12.jpg 18w\" sizes=\"auto, (max-width: 640px) 100vw, 640px\" \/><\/figure>\n\n\n\n<h2 class=\"wp-block-heading\">135 \u00dcr\u00fcn Raflardan Toplat\u0131ld\u0131<\/h2>\n\n\n\n<p class=\"wp-block-paragraph\">Denetimler s\u0131ras\u0131nda market reyonlar\u0131n\u0131 tek tek inceleyen ekipler, son t\u00fcketim tarihi ge\u00e7mi\u015f toplam <strong>135 g\u0131da \u00fcr\u00fcn\u00fc<\/strong> tespit etti. Vatanda\u015flar\u0131n sa\u011fl\u0131\u011f\u0131n\u0131 riske atan \u00fcr\u00fcnler ekipler taraf\u0131ndan raflardan toplat\u0131larak muhafaza alt\u0131na al\u0131nd\u0131.<\/p>\n\n\n\n<p class=\"wp-block-paragraph\">Toplanan \u00fcr\u00fcnlerin imha edilmek \u00fczere ilgili birimlere teslim edildi\u011fi \u00f6\u011frenildi.<\/p>\n\n\n\n<h2 class=\"wp-block-heading\">\u0130\u015fletmeye Para Cezas\u0131 Kesildi<\/h2>\n\n\n\n<p class=\"wp-block-paragraph\">Yap\u0131lan incelemelerin ard\u0131ndan market i\u015fletmesine, <strong>5326 Say\u0131l\u0131 Kabahatler Kanunu<\/strong> kapsam\u0131nda <strong>3 bin 705 lira idari para cezas\u0131<\/strong> uyguland\u0131.<\/p>\n\n\n\n<p class=\"wp-block-paragraph\">Yetkililer, vatanda\u015flar\u0131n al\u0131\u015fveri\u015f yaparken \u00fcr\u00fcnlerin son kullanma tarihlerini mutlaka kontrol etmeleri gerekti\u011fini hat\u0131rlat\u0131rken, benzer denetimlerin kent genelinde aral\u0131ks\u0131z s\u00fcrd\u00fcr\u00fclece\u011fini belirtti.<\/p>\n\n\n\n<figure class=\"wp-block-image size-full\"><img loading=\"lazy\" decoding=\"async\" width=\"640\" height=\"458\" src=\"https:\/\/turkiyemhaber.com\/wp-content\/uploads\/2026\/07\/mersin-de-sikayet-uzerine-denetlenen-zincir-20056910_o.jpg\" alt=\"\" class=\"wp-image-3971\" srcset=\"https:\/\/turkiyemhaber.com\/wp-content\/uploads\/2026\/07\/mersin-de-sikayet-uzerine-denetlenen-zincir-20056910_o.jpg 640w, https:\/\/turkiyemhaber.com\/wp-content\/uploads\/2026\/07\/mersin-de-sikayet-uzerine-denetlenen-zincir-20056910_o-300x215.jpg 300w, https:\/\/turkiyemhaber.com\/wp-content\/uploads\/2026\/07\/mersin-de-sikayet-uzerine-denetlenen-zincir-20056910_o-18x12.jpg 18w\" sizes=\"auto, (max-width: 640px) 100vw, 640px\" \/><\/figure>\n\n\n\n<h2 class=\"wp-block-heading\">Halk Sa\u011fl\u0131\u011f\u0131 \u00d6ncelik Olmaya Devam Ediyor<\/h2>\n\n\n\n<p class=\"wp-block-paragraph\">Yetkililer, t\u00fcketici sa\u011fl\u0131\u011f\u0131n\u0131 tehdit eden uygulamalara kar\u015f\u0131 s\u0131f\u0131r tolerans g\u00f6sterilece\u011fini vurgulayarak, tarihi ge\u00e7mi\u015f \u00fcr\u00fcn sat\u0131\u015f\u0131yla ilgili \u015fikayetlerin belediye ve zab\u0131ta ekiplerine bildirilmesini istedi.<\/p>\n\n\n\n<p class=\"wp-block-paragraph\">&#x1f449; T\u00fcrkiye g\u00fcndeminden en g\u00fcncel haberler i\u00e7in;<\/p>\n\n\n\n<p class=\"wp-block-paragraph\">&#x1f310; <a href=\"http:\/\/www.gundem59.com.tr\/\">www.gundem59.com.tr<\/a><\/p>\n\n\n\n<p class=\"wp-block-paragraph\">&#x1f310; <a href=\"http:\/\/www.turkiyemhaber.com\/\">www.turkiyemhaber.com<\/a><\/p>\n\n\n\n<p class=\"wp-block-paragraph\">&#x1f310; <a href=\"http:\/\/www.gundem44.com.tr\/\">www.gundem44.com.tr<\/a><\/p>\n\n\n\n<p class=\"wp-block-paragraph\">&#x1f310; <a href=\"http:\/\/www.gundem34haber.com.tr\/\">www.gundem34haber.com.tr<\/a><\/p>\n\n\n\n<p class=\"wp-block-paragraph\">&#x1f310; <a href=\"http:\/\/www.saray59.com.tr\/\">www.saray59.com.tr<\/a><\/p>\n\n\n\n<p class=\"wp-block-paragraph\">&#x1f4fa; <a href=\"http:\/\/www.turkiyemhabertv.com\/\">www.turkiyemhabertv.com<\/a><\/p>\n\n\n\n<p class=\"wp-block-paragraph\">&#x1f4fb; <a href=\"http:\/\/www.turkiyemradyo.com\/\">www.turkiyemradyo.com<\/a><\/p>\n\n\n\n<p class=\"wp-block-paragraph\">&#x1f4f1; @gundem59__<\/p>\n\n\n\n<p class=\"wp-block-paragraph\">&#x1f4f1; @turkiyemhaber_tr<\/p>\n\n\n\n<p class=\"wp-block-paragraph\">#SonDakika #Mersin #Akdeniz #Zab\u0131ta #MarketDenetimi #SonKullanmaTarihi #G\u0131daG\u00fcvenli\u011fi #T\u00fcketici #HalkSa\u011fl\u0131\u011f\u0131 #MersinHaber #Ya\u015fam #G\u00fcndem #T\u00fcrkiye #G\u00fcncelHaber #Gundem59 #TurkiyemHaber #Gundem44 #Gundem34Haber #Saray59 #TurkiyemHaberTV #TurkiyemRadyo<\/p>\n","protected":false},"excerpt":{"rendered":"<p>Mersin&#8217;in Akdeniz il\u00e7esinde bir zincir market \u015fubesine y\u00f6nelik ger\u00e7ekle\u015ftirilen denetimlerde halk sa\u011fl\u0131\u011f\u0131n\u0131 tehdit eden ciddi<\/p>\n","protected":false},"author":1,"featured_media":3969,"comment_status":"open","ping_status":"open","sticky":false,"template":"","format":"standard","meta":{"_rtcl_gb_attr":"","footnotes":""},"categories":[1],"tags":[],"class_list":["post-3968","post","type-post","status-publish","format-standard","has-post-thumbnail","hentry","category-http-turkiyemhaber-com-wp-content-uploads-2026-03-saray-59-haber-13-mart-pdf"],"_links":{"self":[{"href":"https:\/\/turkiyemhaber.com\/index.php?rest_route=\/wp\/v2\/posts\/3968","targetHints":{"allow":["GET"]}}],"collection":[{"href":"https:\/\/turkiyemhaber.com\/index.php?rest_route=\/wp\/v2\/posts"}],"about":[{"href":"https:\/\/turkiyemhaber.com\/index.php?rest_route=\/wp\/v2\/types\/post"}],"author":[{"embeddable":true,"href":"https:\/\/turkiyemhaber.com\/index.php?rest_route=\/wp\/v2\/users\/1"}],"replies":[{"embeddable":true,"href":"https:\/\/turkiyemhaber.com\/index.php?rest_route=%2Fwp%2Fv2%2Fcomments&post=3968"}],"version-history":[{"count":1,"href":"https:\/\/turkiyemhaber.com\/index.php?rest_route=\/wp\/v2\/posts\/3968\/revisions"}],"predecessor-version":[{"id":3972,"href":"https:\/\/turkiyemhaber.com\/index.php?rest_route=\/wp\/v2\/posts\/3968\/revisions\/3972"}],"wp:featuredmedia":[{"embeddable":true,"href":"https:\/\/turkiyemhaber.com\/index.php?rest_route=\/wp\/v2\/media\/3969"}],"wp:attachment":[{"href":"https:\/\/turkiyemhaber.com\/index.php?rest_route=%2Fwp%2Fv2%2Fmedia&parent=3968"}],"wp:term":[{"taxonomy":"category","embeddable":true,"href":"https:\/\/turkiyemhaber.com\/index.php?rest_route=%2Fwp%2Fv2%2Fcategories&post=3968"},{"taxonomy":"post_tag","embeddable":true,"href":"https:\/\/turkiyemhaber.com\/index.php?rest_route=%2Fwp%2Fv2%2Ftags&post=3968"}],"curies":[{"name":"wp","href":"https:\/\/api.w.org\/{rel}","templated":true}]}}