{"id":3965,"date":"2026-07-16T11:16:48","date_gmt":"2026-07-16T11:16:48","guid":{"rendered":"https:\/\/turkiyemhaber.com\/?p=3965"},"modified":"2026-07-16T17:59:46","modified_gmt":"2026-07-16T17:59:46","slug":"bakan-gurlekten-ahbap-sorusturmasi-aciklamasi-hic-kimse-dokunulmaz-degildir","status":"publish","type":"post","link":"https:\/\/turkiyemhaber.com\/?p=3965","title":{"rendered":"Bakan G\u00fcrlek&#8217;ten Ahbap Soru\u015fturmas\u0131 A\u00e7\u0131klamas\u0131: &#8220;Hi\u00e7 Kimse Dokunulmaz De\u011fildir&#8221;"},"content":{"rendered":"\n<p class=\"wp-block-paragraph\">Adalet Bakan\u0131 Ak\u0131n G\u00fcrlek, Ahbap Derne\u011fi&#8217;ne y\u00f6nelik y\u00fcr\u00fct\u00fclen soru\u015fturmaya ili\u015fkin yapt\u0131\u011f\u0131 a\u00e7\u0131klamada, hukuk kar\u015f\u0131s\u0131nda herkesin e\u015fit oldu\u011funu vurgulayarak, &#8220;Hi\u00e7 kimse dokunulmaz de\u011fildir&#8221; mesaj\u0131 verdi.<\/p>\n\n\n\n<p class=\"wp-block-paragraph\">Adli Yarg\u0131 De\u011ferlendirme Toplant\u0131s\u0131&#8217;nda konu\u015fan G\u00fcrlek, \u0130stanbul Cumhuriyet Ba\u015fsavc\u0131l\u0131\u011f\u0131 taraf\u0131ndan y\u00fcr\u00fct\u00fclen soru\u015fturman\u0131n, vatanda\u015flar\u0131n emanet etti\u011fi ba\u011f\u0131\u015flar\u0131n nas\u0131l kullan\u0131ld\u0131\u011f\u0131n\u0131n ortaya \u00e7\u0131kar\u0131lmas\u0131 a\u00e7\u0131s\u0131ndan \u00f6nemli oldu\u011funu belirtti.<\/p>\n\n\n\n<figure class=\"wp-block-video\"><video height=\"1080\" style=\"aspect-ratio: 1920 \/ 1080;\" width=\"1920\" controls src=\"https:\/\/turkiyemhaber.com\/wp-content\/uploads\/2026\/07\/Kendi-tarzini-belirle-3.mp4\"><\/video><\/figure>\n\n\n\n<h2 class=\"wp-block-heading\">&#8220;Ba\u011f\u0131\u015f Olarak Toplanan Her Kuru\u015fun Hesab\u0131 Verilmelidir&#8221;<\/h2>\n\n\n\n<p class=\"wp-block-paragraph\">Afet d\u00f6nemlerinde faaliyet g\u00f6steren sivil toplum kurulu\u015flar\u0131n\u0131n b\u00fcy\u00fck \u00f6nem ta\u015f\u0131d\u0131\u011f\u0131n\u0131 ifade eden G\u00fcrlek, bu kurulu\u015flar\u0131n da hukuki denetimden muaf olmad\u0131\u011f\u0131n\u0131 s\u00f6yledi.<\/p>\n\n\n\n<p class=\"wp-block-paragraph\">Bakan G\u00fcrlek a\u00e7\u0131klamas\u0131nda \u015fu ifadeleri kulland\u0131:<\/p>\n\n\n\n<p class=\"wp-block-paragraph\"><em>&#8220;Bu soru\u015fturma, devletimizin vatanda\u015flar\u0131m\u0131z\u0131n iyi niyetine ve emanetine kararl\u0131l\u0131kla sahip \u00e7\u0131kt\u0131\u011f\u0131n\u0131 g\u00f6stermektedir. Sivil toplum kurulu\u015flar\u0131 taraf\u0131ndan \u015feffafl\u0131k hukuki bir zorunluluktur. Ba\u011f\u0131\u015f olarak toplanan her kuru\u015fun nerede ve hangi ama\u00e7la kullan\u0131ld\u0131\u011f\u0131n\u0131n hesab\u0131 verilmelidir. Kimse yard\u0131mla\u015fma duygusunu istismar edemez.&#8221;<\/em><\/p>\n\n\n\n<h2 class=\"wp-block-heading\">&#8220;Hukuk \u00d6n\u00fcnde Herkes E\u015fittir&#8221;<\/h2>\n\n\n\n<p class=\"wp-block-paragraph\">Adaletin hi\u00e7bir ayr\u0131cal\u0131k tan\u0131mad\u0131\u011f\u0131n\u0131 vurgulayan G\u00fcrlek, a\u00e7\u0131klamas\u0131nda \u015fu de\u011ferlendirmeyi yapt\u0131:<\/p>\n\n\n\n<p class=\"wp-block-paragraph\"><em>&#8220;Hukuk \u00f6n\u00fcnde herkes e\u015fittir. Adaletin terazisi makama, servete, \u00fcnvana ya da siyasi kimli\u011fe g\u00f6re tartmaz. Yaln\u0131zca hakk\u0131, hukuku, delili ve vicdan\u0131 esas al\u0131r.&#8221;<\/em><\/p>\n\n\n\n<h2 class=\"wp-block-heading\">&#8220;Hakim ve Savc\u0131lar\u0131 Hedef G\u00f6stermek Kabul Edilemez&#8221;<\/h2>\n\n\n\n<p class=\"wp-block-paragraph\">Yarg\u0131 kararlar\u0131n\u0131n ele\u015ftirilebilece\u011fini ancak yarg\u0131 mensuplar\u0131n\u0131n hedef g\u00f6sterilmesinin kabul edilemez oldu\u011funu belirten G\u00fcrlek, yarg\u0131 ba\u011f\u0131ms\u0131zl\u0131\u011f\u0131n\u0131 zedelemeye y\u00f6nelik giri\u015fimlere izin verilmeyece\u011fini ifade etti.<\/p>\n\n\n\n<p class=\"wp-block-paragraph\">Soru\u015fturma kapsam\u0131nda aralar\u0131nda Ahbap Derne\u011fi Ba\u015fkan\u0131 Haluk Levent&#8217;in de bulundu\u011fu \u00e7ok say\u0131da \u015f\u00fcpheli hakk\u0131nda tutuklama karar\u0131 verilmi\u015f, dosya kamuoyunda geni\u015f yank\u0131 uyand\u0131rm\u0131\u015ft\u0131.<\/p>\n\n\n\n<p class=\"wp-block-paragraph\">&#x1f449; T\u00fcrkiye g\u00fcndeminden en g\u00fcncel haberler i\u00e7in;<\/p>\n\n\n\n<p class=\"wp-block-paragraph\">&#x1f310; <a href=\"http:\/\/www.gundem59.com.tr\/\">www.gundem59.com.tr<\/a><\/p>\n\n\n\n<p class=\"wp-block-paragraph\">&#x1f310; <a href=\"http:\/\/www.turkiyemhaber.com\/\">www.turkiyemhaber.com<\/a><\/p>\n\n\n\n<p class=\"wp-block-paragraph\">&#x1f310; <a href=\"http:\/\/www.gundem44.com.tr\/\">www.gundem44.com.tr<\/a><\/p>\n\n\n\n<p class=\"wp-block-paragraph\">&#x1f310; <a href=\"http:\/\/www.gundem34haber.com.tr\/\">www.gundem34haber.com.tr<\/a><\/p>\n\n\n\n<p class=\"wp-block-paragraph\">&#x1f310; <a href=\"http:\/\/www.saray59.com.tr\/\">www.saray59.com.tr<\/a><\/p>\n\n\n\n<p class=\"wp-block-paragraph\">&#x1f4fa; <a href=\"http:\/\/www.turkiyemhabertv.com\/\">www.turkiyemhabertv.com<\/a><\/p>\n\n\n\n<p class=\"wp-block-paragraph\">&#x1f4fb; <a href=\"http:\/\/www.turkiyemradyo.com\/\">www.turkiyemradyo.com<\/a><\/p>\n\n\n\n<p class=\"wp-block-paragraph\">&#x1f4f1; @gundem59__<\/p>\n\n\n\n<p class=\"wp-block-paragraph\">&#x1f4f1; @turkiyemhaber_tr<\/p>\n\n\n\n<p class=\"wp-block-paragraph\">#SonDakika #Ak\u0131nG\u00fcrlek #AdaletBakanl\u0131\u011f\u0131 #HalukLevent #Ahbap #AhbapDerne\u011fi #Yarg\u0131 #Hukuk #Adalet #Soru\u015fturma #\u0130stanbul #G\u00fcndem #T\u00fcrkiye #G\u00fcncelHaber #Gundem59 #TurkiyemHaber #Gundem44 #Gundem34Haber #Saray59 #TurkiyemHaberTV #TurkiyemRadyo<\/p>\n","protected":false},"excerpt":{"rendered":"<p>Adalet Bakan\u0131 Ak\u0131n G\u00fcrlek, Ahbap Derne\u011fi&#8217;ne y\u00f6nelik y\u00fcr\u00fct\u00fclen soru\u015fturmaya ili\u015fkin yapt\u0131\u011f\u0131 a\u00e7\u0131klamada, hukuk kar\u015f\u0131s\u0131nda herkesin<\/p>\n","protected":false},"author":1,"featured_media":3966,"comment_status":"open","ping_status":"open","sticky":false,"template":"","format":"standard","meta":{"_rtcl_gb_attr":"","footnotes":""},"categories":[1],"tags":[],"class_list":["post-3965","post","type-post","status-publish","format-standard","has-post-thumbnail","hentry","category-http-turkiyemhaber-com-wp-content-uploads-2026-03-saray-59-haber-13-mart-pdf"],"_links":{"self":[{"href":"https:\/\/turkiyemhaber.com\/index.php?rest_route=\/wp\/v2\/posts\/3965","targetHints":{"allow":["GET"]}}],"collection":[{"href":"https:\/\/turkiyemhaber.com\/index.php?rest_route=\/wp\/v2\/posts"}],"about":[{"href":"https:\/\/turkiyemhaber.com\/index.php?rest_route=\/wp\/v2\/types\/post"}],"author":[{"embeddable":true,"href":"https:\/\/turkiyemhaber.com\/index.php?rest_route=\/wp\/v2\/users\/1"}],"replies":[{"embeddable":true,"href":"https:\/\/turkiyemhaber.com\/index.php?rest_route=%2Fwp%2Fv2%2Fcomments&post=3965"}],"version-history":[{"count":2,"href":"https:\/\/turkiyemhaber.com\/index.php?rest_route=\/wp\/v2\/posts\/3965\/revisions"}],"predecessor-version":[{"id":4000,"href":"https:\/\/turkiyemhaber.com\/index.php?rest_route=\/wp\/v2\/posts\/3965\/revisions\/4000"}],"wp:featuredmedia":[{"embeddable":true,"href":"https:\/\/turkiyemhaber.com\/index.php?rest_route=\/wp\/v2\/media\/3966"}],"wp:attachment":[{"href":"https:\/\/turkiyemhaber.com\/index.php?rest_route=%2Fwp%2Fv2%2Fmedia&parent=3965"}],"wp:term":[{"taxonomy":"category","embeddable":true,"href":"https:\/\/turkiyemhaber.com\/index.php?rest_route=%2Fwp%2Fv2%2Fcategories&post=3965"},{"taxonomy":"post_tag","embeddable":true,"href":"https:\/\/turkiyemhaber.com\/index.php?rest_route=%2Fwp%2Fv2%2Ftags&post=3965"}],"curies":[{"name":"wp","href":"https:\/\/api.w.org\/{rel}","templated":true}]}}