{"id":3961,"date":"2026-07-16T11:03:17","date_gmt":"2026-07-16T11:03:17","guid":{"rendered":"https:\/\/turkiyemhaber.com\/?p=3961"},"modified":"2026-07-16T11:03:25","modified_gmt":"2026-07-16T11:03:25","slug":"iran-urdundeki-abd-komuta-merkezi-balistik-fuzelerle-vuruldu","status":"publish","type":"post","link":"https:\/\/turkiyemhaber.com\/?p=3961","title":{"rendered":"\u0130ran: \u00dcrd\u00fcn&#8217;deki ABD Komuta Merkezi Balistik F\u00fczelerle Vuruldu"},"content":{"rendered":"\n<p class=\"wp-block-paragraph\">\u0130ran Devrim Muhaf\u0131zlar\u0131 Ordusu, ABD&#8217;nin \u0130ran&#8217;a y\u00f6nelik son sald\u0131r\u0131lar\u0131na misilleme olarak d\u00fczenlenen operasyon kapsam\u0131nda \u00dcrd\u00fcn&#8217;deki bir Amerikan askeri tesisinin hedef al\u0131nd\u0131\u011f\u0131n\u0131 a\u00e7\u0131klad\u0131.<\/p>\n\n\n\n<p class=\"wp-block-paragraph\">Devrim Muhaf\u0131zlar\u0131 taraf\u0131ndan yap\u0131lan a\u00e7\u0131klamada, <strong>&#8220;Nasr 2&#8221; operasyonunun 8&#8217;inci dalgas\u0131 kapsam\u0131nda \u00dcrd\u00fcn&#8217;\u00fcn Ezrak b\u00f6lgesinde bulunan ABD&#8217;ye ait sava\u015f u\u00e7a\u011f\u0131 hangar\u0131 ve komuta-kontrol merkezinin balistik f\u00fczelerle vurularak imha edildi\u011fi<\/strong> \u00f6ne s\u00fcr\u00fcld\u00fc.<\/p>\n\n\n\n<h2 class=\"wp-block-heading\">Misillemenin Gerek\u00e7esini A\u00e7\u0131klad\u0131lar<\/h2>\n\n\n\n<p class=\"wp-block-paragraph\">\u0130ran taraf\u0131, sald\u0131r\u0131n\u0131n ABD&#8217;nin \u0130ran topraklar\u0131na y\u00f6nelik ger\u00e7ekle\u015ftirdi\u011fi operasyonlara kar\u015f\u0131l\u0131k olarak d\u00fczenlendi\u011fini belirtti.<\/p>\n\n\n\n<p class=\"wp-block-paragraph\">A\u00e7\u0131klamada ayr\u0131ca ABD&#8217;nin \u00dcrd\u00fcn&#8217;deki \u00fcsleri kullanarak \u0130ran&#8217;da bir \u00e7ocuk kanser hastanesinin \u00e7evresini hedef ald\u0131\u011f\u0131 iddia edildi. S\u00f6z konusu sald\u0131r\u0131 nedeniyle hastanede tedavi g\u00f6ren \u00e7ok say\u0131da \u00e7ocu\u011fun g\u00fcvenlik gerek\u00e7esiyle tahliye edildi\u011fi \u00f6ne s\u00fcr\u00fcld\u00fc.<\/p>\n\n\n\n<figure class=\"wp-block-image size-large\"><img loading=\"lazy\" decoding=\"async\" width=\"1024\" height=\"683\" src=\"https:\/\/turkiyemhaber.com\/wp-content\/uploads\/2026\/07\/iran-devrim-muhafizlari-urdun-deki-abd-komuta-20057410_amp-1024x683.jpg\" alt=\"\" class=\"wp-image-3963\" srcset=\"https:\/\/turkiyemhaber.com\/wp-content\/uploads\/2026\/07\/iran-devrim-muhafizlari-urdun-deki-abd-komuta-20057410_amp-1024x683.jpg 1024w, https:\/\/turkiyemhaber.com\/wp-content\/uploads\/2026\/07\/iran-devrim-muhafizlari-urdun-deki-abd-komuta-20057410_amp-300x200.jpg 300w, https:\/\/turkiyemhaber.com\/wp-content\/uploads\/2026\/07\/iran-devrim-muhafizlari-urdun-deki-abd-komuta-20057410_amp-768x512.jpg 768w, https:\/\/turkiyemhaber.com\/wp-content\/uploads\/2026\/07\/iran-devrim-muhafizlari-urdun-deki-abd-komuta-20057410_amp-18x12.jpg 18w, https:\/\/turkiyemhaber.com\/wp-content\/uploads\/2026\/07\/iran-devrim-muhafizlari-urdun-deki-abd-komuta-20057410_amp.jpg 1200w\" sizes=\"auto, (max-width: 1024px) 100vw, 1024px\" \/><\/figure>\n\n\n\n<h2 class=\"wp-block-heading\">\u00dcrd\u00fcn Halk\u0131na \u00c7a\u011fr\u0131<\/h2>\n\n\n\n<p class=\"wp-block-paragraph\">Devrim Muhaf\u0131zlar\u0131 a\u00e7\u0131klamas\u0131nda \u00dcrd\u00fcn halk\u0131na da seslenerek, \u00fclkelerindeki ABD askeri varl\u0131\u011f\u0131na kar\u015f\u0131 \u00e7\u0131kmalar\u0131 \u00e7a\u011fr\u0131s\u0131nda bulundu.<\/p>\n\n\n\n<p class=\"wp-block-paragraph\">B\u00f6lgede ya\u015fanan geli\u015fmelerin ard\u0131ndan g\u00f6zler ABD ve \u00dcrd\u00fcn&#8217;den gelecek resmi a\u00e7\u0131klamalara \u00e7evrildi. Taraflar\u0131n iddialar\u0131yla ilgili ba\u011f\u0131ms\u0131z do\u011frulama s\u00fcreci ise devam ediyor.<\/p>\n\n\n\n<p class=\"wp-block-paragraph\"><strong>Kaynak: DHA<\/strong><\/p>\n\n\n\n<p class=\"wp-block-paragraph\">&#x1f449; T\u00fcrkiye g\u00fcndeminden en g\u00fcncel haberler i\u00e7in;<\/p>\n\n\n\n<p class=\"wp-block-paragraph\">&#x1f310; <a href=\"http:\/\/www.gundem59.com.tr\/\">www.gundem59.com.tr<\/a><\/p>\n\n\n\n<p class=\"wp-block-paragraph\">&#x1f310; <a href=\"http:\/\/www.turkiyemhaber.com\/\">www.turkiyemhaber.com<\/a><\/p>\n\n\n\n<p class=\"wp-block-paragraph\">&#x1f310; <a href=\"http:\/\/www.gundem44.com.tr\/\">www.gundem44.com.tr<\/a><\/p>\n\n\n\n<p class=\"wp-block-paragraph\">&#x1f310; <a href=\"http:\/\/www.gundem34haber.com.tr\/\">www.gundem34haber.com.tr<\/a><\/p>\n\n\n\n<p class=\"wp-block-paragraph\">&#x1f310; <a href=\"http:\/\/www.saray59.com.tr\/\">www.saray59.com.tr<\/a><\/p>\n\n\n\n<p class=\"wp-block-paragraph\">&#x1f4fa; <a href=\"http:\/\/www.turkiyemhabertv.com\/\">www.turkiyemhabertv.com<\/a><\/p>\n\n\n\n<p class=\"wp-block-paragraph\">&#x1f4fb; <a href=\"http:\/\/www.turkiyemradyo.com\/\">www.turkiyemradyo.com<\/a><\/p>\n\n\n\n<p class=\"wp-block-paragraph\">&#x1f4f1; @gundem59__<\/p>\n\n\n\n<p class=\"wp-block-paragraph\">&#x1f4f1; @turkiyemhaber_tr<\/p>\n\n\n\n<p class=\"wp-block-paragraph\">#SonDakika #\u0130ran #ABD #\u00dcrd\u00fcn #OrtaDo\u011fu #BalistikF\u00fcze #Nasr2 #DevrimMuhaf\u0131zlar\u0131 #D\u00fcnya #Uluslararas\u0131G\u00fcndem #Amerika #Sava\u015f #G\u00fcvenlik #Politika #D\u00fcnyaHaberleri #Gundem59 #TurkiyemHaber #Gundem44 #Gundem34Haber #Saray59 #TurkiyemHaberTV #TurkiyemRadyo<\/p>\n","protected":false},"excerpt":{"rendered":"<p>\u0130ran Devrim Muhaf\u0131zlar\u0131 Ordusu, ABD&#8217;nin \u0130ran&#8217;a y\u00f6nelik son sald\u0131r\u0131lar\u0131na misilleme olarak d\u00fczenlenen operasyon kapsam\u0131nda \u00dcrd\u00fcn&#8217;deki<\/p>\n","protected":false},"author":1,"featured_media":3962,"comment_status":"open","ping_status":"open","sticky":false,"template":"","format":"standard","meta":{"_rtcl_gb_attr":"","footnotes":""},"categories":[65],"tags":[],"class_list":["post-3961","post","type-post","status-publish","format-standard","has-post-thumbnail","hentry","category-dunya"],"_links":{"self":[{"href":"https:\/\/turkiyemhaber.com\/index.php?rest_route=\/wp\/v2\/posts\/3961","targetHints":{"allow":["GET"]}}],"collection":[{"href":"https:\/\/turkiyemhaber.com\/index.php?rest_route=\/wp\/v2\/posts"}],"about":[{"href":"https:\/\/turkiyemhaber.com\/index.php?rest_route=\/wp\/v2\/types\/post"}],"author":[{"embeddable":true,"href":"https:\/\/turkiyemhaber.com\/index.php?rest_route=\/wp\/v2\/users\/1"}],"replies":[{"embeddable":true,"href":"https:\/\/turkiyemhaber.com\/index.php?rest_route=%2Fwp%2Fv2%2Fcomments&post=3961"}],"version-history":[{"count":1,"href":"https:\/\/turkiyemhaber.com\/index.php?rest_route=\/wp\/v2\/posts\/3961\/revisions"}],"predecessor-version":[{"id":3964,"href":"https:\/\/turkiyemhaber.com\/index.php?rest_route=\/wp\/v2\/posts\/3961\/revisions\/3964"}],"wp:featuredmedia":[{"embeddable":true,"href":"https:\/\/turkiyemhaber.com\/index.php?rest_route=\/wp\/v2\/media\/3962"}],"wp:attachment":[{"href":"https:\/\/turkiyemhaber.com\/index.php?rest_route=%2Fwp%2Fv2%2Fmedia&parent=3961"}],"wp:term":[{"taxonomy":"category","embeddable":true,"href":"https:\/\/turkiyemhaber.com\/index.php?rest_route=%2Fwp%2Fv2%2Fcategories&post=3961"},{"taxonomy":"post_tag","embeddable":true,"href":"https:\/\/turkiyemhaber.com\/index.php?rest_route=%2Fwp%2Fv2%2Ftags&post=3961"}],"curies":[{"name":"wp","href":"https:\/\/api.w.org\/{rel}","templated":true}]}}