{"id":3958,"date":"2026-07-16T11:00:36","date_gmt":"2026-07-16T11:00:36","guid":{"rendered":"https:\/\/turkiyemhaber.com\/?p=3958"},"modified":"2026-07-16T11:00:41","modified_gmt":"2026-07-16T11:00:41","slug":"tarsim-genel-muduru-tekirdagda-dolu-felaketinin-izlerini-inceledi","status":"publish","type":"post","link":"https:\/\/turkiyemhaber.com\/?p=3958","title":{"rendered":"TARS\u0130M Genel M\u00fcd\u00fcr\u00fc Tekirda\u011f\u2019da Dolu Felaketinin \u0130zlerini \u0130nceledi"},"content":{"rendered":"\n<p class=\"wp-block-paragraph\"><strong>Tar\u0131m Sigortalar\u0131 Havuz \u0130\u015fletmesi (TARS\u0130M) Y\u00f6netim Kurulu \u00dcyesi ve Genel M\u00fcd\u00fcr\u00fc Bekir Eng\u00fcr\u00fcl\u00fc, Tekirda\u011f\u2019da dolu ya\u011f\u0131\u015f\u0131ndan zarar g\u00f6ren tar\u0131m alanlar\u0131nda incelemelerde bulundu.<\/strong><\/p>\n\n\n\n<p class=\"wp-block-paragraph\">Tekirda\u011f \u0130l Tar\u0131m ve Orman M\u00fcd\u00fcrl\u00fc\u011f\u00fc koordinesinde ger\u00e7ekle\u015ftirilen saha ziyaretine, \u0130l Tar\u0131m ve Orman M\u00fcd\u00fcr\u00fc Mehmet Aksoy, TARS\u0130M Genel M\u00fcd\u00fcr Yard\u0131mc\u0131s\u0131 Tufan \u00d6zel, Tekirda\u011f B\u00f6lge M\u00fcd\u00fcr\u00fc Hamit \u00c7\u00f6nte ve B\u00f6lge M\u00fcd\u00fcr Yard\u0131mc\u0131s\u0131 Erdem Korkmaz da kat\u0131ld\u0131.<\/p>\n\n\n\n<p class=\"wp-block-paragraph\">Heyet, son g\u00fcnlerde etkili olan dolu ya\u011f\u0131\u015f\u0131n\u0131n zarar verdi\u011fi tar\u0131m arazilerini yerinde inceleyerek \u00fcreticilerden bilgi ald\u0131. Yap\u0131lan ziyaretlerde hasar\u0131n boyutu de\u011ferlendirilirken, teknik ekiplerin y\u00fcr\u00fctt\u00fc\u011f\u00fc \u00e7al\u0131\u015fmalar hakk\u0131nda da detayl\u0131 bilgi payla\u015f\u0131ld\u0131.<\/p>\n\n\n\n<h2 class=\"wp-block-heading\">\u00dcreticilerle Bir Araya Geldiler<\/h2>\n\n\n\n<p class=\"wp-block-paragraph\">\u0130ncelemeler s\u0131ras\u0131nda \u00e7ift\u00e7ilerle g\u00f6r\u00fc\u015fen yetkililer, hasar tespit s\u00fcrecinin titizlikle s\u00fcrd\u00fcr\u00fcld\u00fc\u011f\u00fcn\u00fc belirterek \u00fcreticilere ge\u00e7mi\u015f olsun dileklerini iletti. \u00c7ift\u00e7ilerin talepleri ve ya\u015fad\u0131klar\u0131 ma\u011fduriyetler de yerinde dinlendi.<\/p>\n\n\n\n<p class=\"wp-block-paragraph\">TARS\u0130M yetkilileri, sigortal\u0131 \u00fcreticilerin zararlar\u0131n\u0131n en k\u0131sa s\u00fcrede belirlenmesi ve s\u00fcre\u00e7lerin h\u0131zl\u0131 \u015fekilde tamamlanmas\u0131 i\u00e7in \u00e7al\u0131\u015fmalar\u0131n aral\u0131ks\u0131z devam etti\u011fini ifade etti.<\/p>\n\n\n\n<h2 class=\"wp-block-heading\">35 Bin Dekarl\u0131k Tar\u0131m Alan\u0131 Zarar G\u00f6rd\u00fc<\/h2>\n\n\n\n<p class=\"wp-block-paragraph\">Tekirda\u011f\u2019da iki g\u00fcn \u00f6nce etkili olan \u015fiddetli dolu ya\u011f\u0131\u015f\u0131 \u00f6zellikle <strong>Ferhadanl\u0131, Hac\u0131k\u00f6y, Ahmedikli ve G\u00fcve\u00e7li mahallelerinde<\/strong> b\u00fcy\u00fck zarara neden oldu. \u0130lk belirlemelere g\u00f6re yakla\u015f\u0131k <strong>35 bin dekarl\u0131k tar\u0131m arazisi<\/strong> doludan etkilendi.<\/p>\n\n\n\n<p class=\"wp-block-paragraph\">B\u00f6lgede hasar tespit \u00e7al\u0131\u015fmalar\u0131 s\u00fcrerken, \u00fcreticiler ya\u015fanan afetin ard\u0131ndan destek beklediklerini dile getirdi.<\/p>\n\n\n\n<p class=\"wp-block-paragraph\"><strong>Kaynak: AA<\/strong><\/p>\n\n\n\n<p class=\"wp-block-paragraph\">&#x1f449; T\u00fcrkiye g\u00fcndeminden en g\u00fcncel haberler i\u00e7in;<\/p>\n\n\n\n<p class=\"wp-block-paragraph\">&#x1f310; <a href=\"http:\/\/www.gundem59.com.tr\/\">www.gundem59.com.tr<\/a><\/p>\n\n\n\n<p class=\"wp-block-paragraph\">&#x1f310; <a href=\"http:\/\/www.turkiyemhaber.com\/\">www.turkiyemhaber.com<\/a><\/p>\n\n\n\n<p class=\"wp-block-paragraph\">&#x1f310; <a href=\"http:\/\/www.gundem44.com.tr\/\">www.gundem44.com.tr<\/a><\/p>\n\n\n\n<p class=\"wp-block-paragraph\">&#x1f310; <a href=\"http:\/\/www.gundem34haber.com.tr\/\">www.gundem34haber.com.tr<\/a><\/p>\n\n\n\n<p class=\"wp-block-paragraph\">&#x1f310; <a href=\"http:\/\/www.saray59.com.tr\/\">www.saray59.com.tr<\/a><\/p>\n\n\n\n<p class=\"wp-block-paragraph\">&#x1f4fa; <a href=\"http:\/\/www.turkiyemhabertv.com\/\">www.turkiyemhabertv.com<\/a><\/p>\n\n\n\n<p class=\"wp-block-paragraph\">&#x1f4fb; <a href=\"http:\/\/www.turkiyemradyo.com\/\">www.turkiyemradyo.com<\/a><\/p>\n\n\n\n<p class=\"wp-block-paragraph\">&#x1f4f1; @gundem59__<\/p>\n\n\n\n<p class=\"wp-block-paragraph\">&#x1f4f1; @turkiyemhaber_tr<\/p>\n\n\n\n<p class=\"wp-block-paragraph\">#Tekirda\u011f #TARS\u0130M #Tar\u0131m #DoluFelaketi #\u00c7ift\u00e7i #Tar\u0131mSigortas\u0131 #BekirEng\u00fcr\u00fcl\u00fc #MehmetAksoy #YerelHaber #Tekirda\u011fHaber #Ekonomi #Tar\u0131mHaberleri #G\u00fcndem59 #TurkiyemHaber #Gundem44 #Gundem34Haber #Saray59 #TurkiyemHaberTV #TurkiyemRadyo #SonDakika<\/p>\n","protected":false},"excerpt":{"rendered":"<p>Tar\u0131m Sigortalar\u0131 Havuz \u0130\u015fletmesi (TARS\u0130M) Y\u00f6netim Kurulu \u00dcyesi ve Genel M\u00fcd\u00fcr\u00fc Bekir Eng\u00fcr\u00fcl\u00fc, Tekirda\u011f\u2019da dolu<\/p>\n","protected":false},"author":1,"featured_media":3959,"comment_status":"open","ping_status":"open","sticky":false,"template":"","format":"standard","meta":{"_rtcl_gb_attr":"","footnotes":""},"categories":[74],"tags":[],"class_list":["post-3958","post","type-post","status-publish","format-standard","has-post-thumbnail","hentry","category-yerel-haberler"],"_links":{"self":[{"href":"https:\/\/turkiyemhaber.com\/index.php?rest_route=\/wp\/v2\/posts\/3958","targetHints":{"allow":["GET"]}}],"collection":[{"href":"https:\/\/turkiyemhaber.com\/index.php?rest_route=\/wp\/v2\/posts"}],"about":[{"href":"https:\/\/turkiyemhaber.com\/index.php?rest_route=\/wp\/v2\/types\/post"}],"author":[{"embeddable":true,"href":"https:\/\/turkiyemhaber.com\/index.php?rest_route=\/wp\/v2\/users\/1"}],"replies":[{"embeddable":true,"href":"https:\/\/turkiyemhaber.com\/index.php?rest_route=%2Fwp%2Fv2%2Fcomments&post=3958"}],"version-history":[{"count":1,"href":"https:\/\/turkiyemhaber.com\/index.php?rest_route=\/wp\/v2\/posts\/3958\/revisions"}],"predecessor-version":[{"id":3960,"href":"https:\/\/turkiyemhaber.com\/index.php?rest_route=\/wp\/v2\/posts\/3958\/revisions\/3960"}],"wp:featuredmedia":[{"embeddable":true,"href":"https:\/\/turkiyemhaber.com\/index.php?rest_route=\/wp\/v2\/media\/3959"}],"wp:attachment":[{"href":"https:\/\/turkiyemhaber.com\/index.php?rest_route=%2Fwp%2Fv2%2Fmedia&parent=3958"}],"wp:term":[{"taxonomy":"category","embeddable":true,"href":"https:\/\/turkiyemhaber.com\/index.php?rest_route=%2Fwp%2Fv2%2Fcategories&post=3958"},{"taxonomy":"post_tag","embeddable":true,"href":"https:\/\/turkiyemhaber.com\/index.php?rest_route=%2Fwp%2Fv2%2Ftags&post=3958"}],"curies":[{"name":"wp","href":"https:\/\/api.w.org\/{rel}","templated":true}]}}