{"id":3955,"date":"2026-07-16T10:56:44","date_gmt":"2026-07-16T10:56:44","guid":{"rendered":"https:\/\/turkiyemhaber.com\/?p=3955"},"modified":"2026-07-16T10:56:48","modified_gmt":"2026-07-16T10:56:48","slug":"noterlerle-ilgili-yeni-karar-ev-ve-arac-alim-satimi-yapacaklar-dikkat","status":"publish","type":"post","link":"https:\/\/turkiyemhaber.com\/?p=3955","title":{"rendered":"Noterlerle \u0130lgili Yeni Karar! Ev ve Ara\u00e7 Al\u0131m-Sat\u0131m\u0131 Yapacaklar Dikkat"},"content":{"rendered":"\n<p class=\"wp-block-paragraph\"><strong>Anayasa Mahkemesi (AYM), noterlerin tatil g\u00fcnleri ve mesai saatleri d\u0131\u015f\u0131nda \u00e7al\u0131\u015fmas\u0131na ili\u015fkin d\u00fczenlemeyi iptal etti.<\/strong> Karar, \u00f6zellikle hafta sonu veya resmi tatillerde ev ve ara\u00e7 al\u0131m-sat\u0131m\u0131 yapan vatanda\u015flar\u0131 yak\u0131ndan ilgilendiriyor.<\/p>\n\n\n\n<p class=\"wp-block-paragraph\">Resmi Gazete\u2019de yay\u0131mlanan karara g\u00f6re, CHP taraf\u0131ndan yap\u0131lan ba\u015fvuru \u00fczerine 7532 say\u0131l\u0131 Noterlik Kanunu ve Baz\u0131 Kanunlarda De\u011fi\u015fiklik Yap\u0131lmas\u0131na Dair Kanun\u2019un baz\u0131 h\u00fck\u00fcmleri Anayasa\u2019ya ayk\u0131r\u0131 bulunarak iptal edildi.<\/p>\n\n\n\n<h2 class=\"wp-block-heading\">\u0130ptal Karar\u0131 9 Ay Sonra Uygulanacak<\/h2>\n\n\n\n<p class=\"wp-block-paragraph\">Y\u00fcksek Mahkeme, Noterlik Kanunu\u2019nun 52. maddesine eklenen ve noterlerin tatil g\u00fcnleri ile tatil saatlerinde \u00e7al\u0131\u015fmas\u0131n\u0131n y\u00f6netmelikle d\u00fczenlenmesini \u00f6ng\u00f6ren h\u00fckm\u00fc iptal etti.<\/p>\n\n\n\n<p class=\"wp-block-paragraph\">Ancak karar\u0131n hemen uygulanmayaca\u011f\u0131 belirtilirken, iptal h\u00fckm\u00fcn\u00fcn Resmi Gazete\u2019de yay\u0131mlanmas\u0131n\u0131n ard\u0131ndan <strong>9 ay sonra y\u00fcr\u00fcrl\u00fc\u011fe girece\u011fi<\/strong> a\u00e7\u0131kland\u0131.<\/p>\n\n\n\n<h2 class=\"wp-block-heading\">AYM: D\u00fczenleme Y\u00f6netmelikle De\u011fil, Kanunla Yap\u0131lmal\u0131<\/h2>\n\n\n\n<p class=\"wp-block-paragraph\">Karar\u0131n gerek\u00e7esinde, Anayasa\u2019n\u0131n 50. maddesinde g\u00fcvence alt\u0131na al\u0131nan dinlenme hakk\u0131na dikkat \u00e7ekildi. Mahkeme, \u00e7al\u0131\u015fanlar\u0131n hafta tatili ve izin haklar\u0131na ili\u015fkin d\u00fczenlemelerin y\u00f6netmelikle de\u011fil do\u011frudan kanunla yap\u0131lmas\u0131 gerekti\u011fini vurgulad\u0131.<\/p>\n\n\n\n<p class=\"wp-block-paragraph\">AYM karar\u0131nda, noterlik mesle\u011finin serbest meslek niteli\u011fi ta\u015f\u0131mas\u0131na ra\u011fmen ayn\u0131 zamanda bir kamu g\u00f6revi oldu\u011fu belirtilerek, tatil g\u00fcnlerinde \u00e7al\u0131\u015fma esaslar\u0131n\u0131n yaln\u0131zca y\u00f6netmelikle belirlenmesinin anayasal g\u00fcvence alt\u0131ndaki haklara m\u00fcdahale anlam\u0131na geldi\u011fi ifade edildi.<\/p>\n\n\n\n<h2 class=\"wp-block-heading\">Savunma Hakk\u0131yla \u0130lgili D\u00fczenleme de \u0130ptal Edildi<\/h2>\n\n\n\n<p class=\"wp-block-paragraph\">Mahkeme ayr\u0131ca Ceza Muhakemesi Kanunu\u2019nda yer alan ve san\u0131\u011f\u0131n adresine ula\u015f\u0131lamamas\u0131 halinde m\u00fcdafiye yap\u0131lan bildirimin yeterli say\u0131lmas\u0131n\u0131 \u00f6ng\u00f6ren d\u00fczenlemeyi de iptal etti.<\/p>\n\n\n\n<p class=\"wp-block-paragraph\">Kararda, adil yarg\u0131lanma hakk\u0131n\u0131n temel unsurlar\u0131ndan biri olan savunma hakk\u0131n\u0131n do\u011frudan san\u0131\u011fa tan\u0131nmas\u0131 gerekti\u011fi belirtilerek, yaln\u0131zca avukata yap\u0131lan bildirimin yeterli kabul edilmesinin hakkaniyete uygun olmad\u0131\u011f\u0131 ifade edildi.<\/p>\n\n\n\n<h2 class=\"wp-block-heading\">Ev ve Ara\u00e7 Sat\u0131\u015flar\u0131n\u0131 Nas\u0131l Etkileyecek?<\/h2>\n\n\n\n<p class=\"wp-block-paragraph\">Karar\u0131n y\u00fcr\u00fcrl\u00fc\u011fe girmesine kadar mevcut uygulama devam edecek. Ancak 9 ayl\u0131k s\u00fcrenin sonunda noterlerin hafta sonu ve tatil g\u00fcnlerinde \u00e7al\u0131\u015fma esaslar\u0131n\u0131n yeniden yasal d\u00fczenlemeyle belirlenmesi gerekecek. Bu nedenle \u00f6zellikle ara\u00e7 ve gayrimenkul al\u0131m-sat\u0131m\u0131 i\u015flemlerinde yeni bir d\u00fczenleme yap\u0131lmas\u0131 bekleniyor.<\/p>\n\n\n\n<p class=\"wp-block-paragraph\"><strong>Kaynak: AA<\/strong><\/p>\n\n\n\n<p class=\"wp-block-paragraph\">&#x1f449; T\u00fcrkiye g\u00fcndeminden en g\u00fcncel haberler i\u00e7in;<\/p>\n\n\n\n<p class=\"wp-block-paragraph\">&#x1f310; <a href=\"http:\/\/www.gundem59.com.tr\/\">www.gundem59.com.tr<\/a><\/p>\n\n\n\n<p class=\"wp-block-paragraph\">&#x1f310; <a href=\"http:\/\/www.turkiyemhaber.com\/\">www.turkiyemhaber.com<\/a><\/p>\n\n\n\n<p class=\"wp-block-paragraph\">&#x1f310; <a href=\"http:\/\/www.gundem44.com.tr\/\">www.gundem44.com.tr<\/a><\/p>\n\n\n\n<p class=\"wp-block-paragraph\">&#x1f310; <a href=\"http:\/\/www.gundem34haber.com.tr\/\">www.gundem34haber.com.tr<\/a><\/p>\n\n\n\n<p class=\"wp-block-paragraph\">&#x1f310; <a href=\"http:\/\/www.saray59.com.tr\/\">www.saray59.com.tr<\/a><\/p>\n\n\n\n<p class=\"wp-block-paragraph\">&#x1f4fa; <a href=\"http:\/\/www.turkiyemhabertv.com\/\">www.turkiyemhabertv.com<\/a><\/p>\n\n\n\n<p class=\"wp-block-paragraph\">&#x1f4fb; <a href=\"http:\/\/www.turkiyemradyo.com\/\">www.turkiyemradyo.com<\/a><\/p>\n\n\n\n<p class=\"wp-block-paragraph\">&#x1f4f1; @gundem59__<\/p>\n\n\n\n<p class=\"wp-block-paragraph\">&#x1f4f1; @turkiyemhaber_tr<\/p>\n\n\n\n<p class=\"wp-block-paragraph\">#AnayasaMahkemesi #AYM #Noter #Ara\u00e7Sat\u0131\u015f\u0131 #EvSat\u0131\u015f\u0131 #Gayrimenkul #ResmiGazete #Hukuk #T\u00fcrkiye #G\u00fcndem #G\u00fcncelHaber #Gundem59 #TurkiyemHaber #Gundem44 #Gundem34Haber #Saray59 #TurkiyemHaberTV #TurkiyemRadyo<\/p>\n","protected":false},"excerpt":{"rendered":"<p>Anayasa Mahkemesi (AYM), noterlerin tatil g\u00fcnleri ve mesai saatleri d\u0131\u015f\u0131nda \u00e7al\u0131\u015fmas\u0131na ili\u015fkin d\u00fczenlemeyi iptal etti.<\/p>\n","protected":false},"author":1,"featured_media":3956,"comment_status":"open","ping_status":"open","sticky":false,"template":"","format":"standard","meta":{"_rtcl_gb_attr":"","footnotes":""},"categories":[1],"tags":[],"class_list":["post-3955","post","type-post","status-publish","format-standard","has-post-thumbnail","hentry","category-http-turkiyemhaber-com-wp-content-uploads-2026-03-saray-59-haber-13-mart-pdf"],"_links":{"self":[{"href":"https:\/\/turkiyemhaber.com\/index.php?rest_route=\/wp\/v2\/posts\/3955","targetHints":{"allow":["GET"]}}],"collection":[{"href":"https:\/\/turkiyemhaber.com\/index.php?rest_route=\/wp\/v2\/posts"}],"about":[{"href":"https:\/\/turkiyemhaber.com\/index.php?rest_route=\/wp\/v2\/types\/post"}],"author":[{"embeddable":true,"href":"https:\/\/turkiyemhaber.com\/index.php?rest_route=\/wp\/v2\/users\/1"}],"replies":[{"embeddable":true,"href":"https:\/\/turkiyemhaber.com\/index.php?rest_route=%2Fwp%2Fv2%2Fcomments&post=3955"}],"version-history":[{"count":1,"href":"https:\/\/turkiyemhaber.com\/index.php?rest_route=\/wp\/v2\/posts\/3955\/revisions"}],"predecessor-version":[{"id":3957,"href":"https:\/\/turkiyemhaber.com\/index.php?rest_route=\/wp\/v2\/posts\/3955\/revisions\/3957"}],"wp:featuredmedia":[{"embeddable":true,"href":"https:\/\/turkiyemhaber.com\/index.php?rest_route=\/wp\/v2\/media\/3956"}],"wp:attachment":[{"href":"https:\/\/turkiyemhaber.com\/index.php?rest_route=%2Fwp%2Fv2%2Fmedia&parent=3955"}],"wp:term":[{"taxonomy":"category","embeddable":true,"href":"https:\/\/turkiyemhaber.com\/index.php?rest_route=%2Fwp%2Fv2%2Fcategories&post=3955"},{"taxonomy":"post_tag","embeddable":true,"href":"https:\/\/turkiyemhaber.com\/index.php?rest_route=%2Fwp%2Fv2%2Ftags&post=3955"}],"curies":[{"name":"wp","href":"https:\/\/api.w.org\/{rel}","templated":true}]}}