{"id":3948,"date":"2026-07-15T23:26:54","date_gmt":"2026-07-15T23:26:54","guid":{"rendered":"https:\/\/turkiyemhaber.com\/?p=3948"},"modified":"2026-07-15T23:26:58","modified_gmt":"2026-07-15T23:26:58","slug":"sarayda-15-temmuz-demokrasi-ve-milli-birlik-gunu-coskuyla-anildi","status":"publish","type":"post","link":"https:\/\/turkiyemhaber.com\/?p=3948","title":{"rendered":"Saray\u2019da 15 Temmuz Demokrasi ve Milli Birlik G\u00fcn\u00fc Co\u015fkuyla An\u0131ld\u0131"},"content":{"rendered":"\n<p class=\"wp-block-paragraph\">Tekirda\u011f\u2019\u0131n Saray il\u00e7esinde 15 Temmuz Demokrasi ve Milli Birlik G\u00fcn\u00fc dolay\u0131s\u0131yla d\u00fczenlenen anma programlar\u0131 yo\u011fun kat\u0131l\u0131mla ger\u00e7ekle\u015ftirildi. Saray Kaymakaml\u0131\u011f\u0131 koordinesinde d\u00fczenlenen etkinliklerde, 15 Temmuz \u015fehitleri dualarla an\u0131l\u0131rken, milli birlik ve beraberlik mesajlar\u0131 verildi.<\/p>\n\n\n\n<p class=\"wp-block-paragraph\">Anma program\u0131na Saray Kaymakam\u0131 Refik \u00d6zsoy, Garnizon Komutan\u0131 Piyade Albay Tahsin O\u011fuz, Saray Belediye Ba\u015fkan\u0131 Abd\u00fcl Ta\u015fyasan, MHP Saray \u0130l\u00e7e Ba\u015fkan\u0131 Yusuf Duman, sivil toplum kurulu\u015flar\u0131n\u0131n temsilcileri, siyasi parti y\u00f6neticileri ve \u00e7ok say\u0131da vatanda\u015f kat\u0131ld\u0131.<\/p>\n\n\n\n<figure class=\"wp-block-image size-large\"><img loading=\"lazy\" decoding=\"async\" width=\"1024\" height=\"683\" src=\"https:\/\/turkiyemhaber.com\/wp-content\/uploads\/2026\/07\/Adsiztyjt-1024x683.png\" alt=\"\" class=\"wp-image-3950\" srcset=\"https:\/\/turkiyemhaber.com\/wp-content\/uploads\/2026\/07\/Adsiztyjt-1024x683.png 1024w, https:\/\/turkiyemhaber.com\/wp-content\/uploads\/2026\/07\/Adsiztyjt-300x200.png 300w, https:\/\/turkiyemhaber.com\/wp-content\/uploads\/2026\/07\/Adsiztyjt-768x512.png 768w, https:\/\/turkiyemhaber.com\/wp-content\/uploads\/2026\/07\/Adsiztyjt-18x12.png 18w, https:\/\/turkiyemhaber.com\/wp-content\/uploads\/2026\/07\/Adsiztyjt.png 1170w\" sizes=\"auto, (max-width: 1024px) 100vw, 1024px\" \/><\/figure>\n\n\n\n<p class=\"wp-block-paragraph\">Program kapsam\u0131nda g\u00fcn\u00fcn ilk saatlerinde Kaymakam Refik \u00d6zsoy ve beraberindeki heyet, \u015fehit ailelerini ziyaret ederek onlar\u0131n yan\u0131nda olduklar\u0131n\u0131 ifade etti. Ard\u0131ndan il\u00e7edeki \u015fehit mezarlar\u0131 ziyaret edilerek dualar okundu.<\/p>\n\n\n\n<figure class=\"wp-block-image size-large\"><img loading=\"lazy\" decoding=\"async\" width=\"1024\" height=\"683\" src=\"https:\/\/turkiyemhaber.com\/wp-content\/uploads\/2026\/07\/Adsizpopip-1024x683.png\" alt=\"\" class=\"wp-image-3951\" srcset=\"https:\/\/turkiyemhaber.com\/wp-content\/uploads\/2026\/07\/Adsizpopip-1024x683.png 1024w, https:\/\/turkiyemhaber.com\/wp-content\/uploads\/2026\/07\/Adsizpopip-300x200.png 300w, https:\/\/turkiyemhaber.com\/wp-content\/uploads\/2026\/07\/Adsizpopip-768x512.png 768w, https:\/\/turkiyemhaber.com\/wp-content\/uploads\/2026\/07\/Adsizpopip-18x12.png 18w, https:\/\/turkiyemhaber.com\/wp-content\/uploads\/2026\/07\/Adsizpopip.png 1170w\" sizes=\"auto, (max-width: 1024px) 100vw, 1024px\" \/><\/figure>\n\n\n\n<p class=\"wp-block-paragraph\">\u00d6\u011fle namaz\u0131n\u0131n ard\u0131ndan \u015fehitler i\u00e7in Mevlid-i \u015eerif program\u0131 d\u00fczenlenirken, vatanda\u015flar da dualara e\u015flik etti. Saat 00.45 itibar\u0131yla Atat\u00fcrk Alan\u0131\u2019nda \u201cDestan\u0131n Ad\u0131 15 Temmuz\u201d adl\u0131 resim ve foto\u011fraf sergisinin a\u00e7\u0131l\u0131\u015f\u0131 ger\u00e7ekle\u015ftirildi. Sergide, 15 Temmuz gecesinde ya\u015fanan tarihi direni\u015fi anlatan foto\u011fraflar ve g\u00f6rseller vatanda\u015flar\u0131n be\u011fenisine sunuldu.<\/p>\n\n\n\n<figure class=\"wp-block-image size-large\"><img loading=\"lazy\" decoding=\"async\" width=\"1024\" height=\"683\" src=\"https:\/\/turkiyemhaber.com\/wp-content\/uploads\/2026\/07\/Adsizkjk-1024x683.png\" alt=\"\" class=\"wp-image-3952\" srcset=\"https:\/\/turkiyemhaber.com\/wp-content\/uploads\/2026\/07\/Adsizkjk-1024x683.png 1024w, https:\/\/turkiyemhaber.com\/wp-content\/uploads\/2026\/07\/Adsizkjk-300x200.png 300w, https:\/\/turkiyemhaber.com\/wp-content\/uploads\/2026\/07\/Adsizkjk-768x512.png 768w, https:\/\/turkiyemhaber.com\/wp-content\/uploads\/2026\/07\/Adsizkjk-18x12.png 18w, https:\/\/turkiyemhaber.com\/wp-content\/uploads\/2026\/07\/Adsizkjk.png 1170w\" sizes=\"auto, (max-width: 1024px) 100vw, 1024px\" \/><\/figure>\n\n\n\n<p class=\"wp-block-paragraph\">Ak\u015fam saatlerinde ise anma etkinlikleri Atat\u00fcrk Alan\u0131\u2019nda d\u00fczenlenen programla devam etti. Saat 21.00\u2019de ba\u015flayan programa il\u00e7enin yan\u0131 s\u0131ra uzak mahalle ve k\u00f6ylerden \u00fccretsiz servislerle ta\u015f\u0131nan vatanda\u015flar da yo\u011fun ilgi g\u00f6sterdi. Alan\u0131 dolduran y\u00fczlerce ki\u015fi, 15 Temmuz gecesinde ya\u015fananlar\u0131 bir kez daha hat\u0131rlayarak demokrasi n\u00f6betinin ruhunu ya\u015fatt\u0131.<\/p>\n\n\n\n<p class=\"wp-block-paragraph\">Program boyunca yap\u0131lan konu\u015fmalarda, 15 Temmuz\u2019un T\u00fcrk milletinin iradesine sahip \u00e7\u0131kt\u0131\u011f\u0131 tarihi bir d\u00f6n\u00fcm noktas\u0131 oldu\u011fu vurgulan\u0131rken, \u015fehitler rahmetle, gaziler ise minnetle an\u0131ld\u0131. Saray\u2019da ger\u00e7ekle\u015ftirilen etkinlikler, birlik ve beraberlik mesajlar\u0131n\u0131n \u00f6n plana \u00e7\u0131kt\u0131\u011f\u0131 anlaml\u0131 g\u00f6r\u00fcnt\u00fclere sahne oldu.<\/p>\n\n\n\n<figure class=\"wp-block-image size-large\"><img loading=\"lazy\" decoding=\"async\" width=\"1024\" height=\"683\" src=\"https:\/\/turkiyemhaber.com\/wp-content\/uploads\/2026\/07\/Adsizjkj-1024x683.png\" alt=\"\" class=\"wp-image-3953\" srcset=\"https:\/\/turkiyemhaber.com\/wp-content\/uploads\/2026\/07\/Adsizjkj-1024x683.png 1024w, https:\/\/turkiyemhaber.com\/wp-content\/uploads\/2026\/07\/Adsizjkj-300x200.png 300w, https:\/\/turkiyemhaber.com\/wp-content\/uploads\/2026\/07\/Adsizjkj-768x512.png 768w, https:\/\/turkiyemhaber.com\/wp-content\/uploads\/2026\/07\/Adsizjkj-18x12.png 18w, https:\/\/turkiyemhaber.com\/wp-content\/uploads\/2026\/07\/Adsizjkj.png 1170w\" sizes=\"auto, (max-width: 1024px) 100vw, 1024px\" \/><\/figure>\n\n\n\n<hr class=\"wp-block-separator has-alpha-channel-opacity\"\/>\n\n\n\n<p class=\"wp-block-paragraph\">&#x1f449; T\u00fcrkiye g\u00fcndeminden en g\u00fcncel haberler i\u00e7in;<\/p>\n\n\n\n<p class=\"wp-block-paragraph\">&#x1f310; <a href=\"http:\/\/www.gundem59.com.tr\/\">www.gundem59.com.tr<\/a><br>&#x1f310; <a href=\"http:\/\/www.turkiyemhaber.com\/\">www.turkiyemhaber.com<\/a><br>&#x1f310; <a href=\"http:\/\/www.gundem44.com.tr\/\">www.gundem44.com.tr<\/a><br>&#x1f310; <a href=\"http:\/\/www.gundem34haber.com.tr\/\">www.gundem34haber.com.tr<\/a><br>&#x1f310; <a href=\"http:\/\/www.saray59.com.tr\/\">www.saray59.com.tr<\/a><\/p>\n\n\n\n<p class=\"wp-block-paragraph\">&#x1f4fa; <a href=\"http:\/\/www.turkiyemhabertv.com\/\">www.turkiyemhabertv.com<\/a><br>&#x1f4fb; <a href=\"http:\/\/www.turkiyemradyo.com\/\">www.turkiyemradyo.com<\/a><\/p>\n\n\n\n<p class=\"wp-block-paragraph\">&#x1f4f1; @gundem59__<br>&#x1f4f1; @turkiyemhaber_tr<\/p>\n\n\n\n<p class=\"wp-block-paragraph\">#15Temmuz #DemokrasiVeMilliBirlikG\u00fcn\u00fc #Saray #Tekirda\u011f #Refik\u00d6zsoy #Abd\u00fclTa\u015fyasan #TahsinO\u011fuz #\u015eehitlerimiz #MilliBirlik #DemokrasiN\u00f6beti #Saray59 #Gundem59 #TurkiyemHaber #TekirdagHaber #SonDakika #G\u00fcncelHaberler #T\u00fcrkiyeY\u00fczy\u0131l\u0131 #15TemmuzRuhu #SarayTekirda\u011f #YerelHaberler<\/p>\n","protected":false},"excerpt":{"rendered":"<p>Tekirda\u011f\u2019\u0131n Saray il\u00e7esinde 15 Temmuz Demokrasi ve Milli Birlik G\u00fcn\u00fc dolay\u0131s\u0131yla d\u00fczenlenen anma programlar\u0131 yo\u011fun<\/p>\n","protected":false},"author":1,"featured_media":3949,"comment_status":"open","ping_status":"open","sticky":false,"template":"","format":"standard","meta":{"_rtcl_gb_attr":"","footnotes":""},"categories":[1],"tags":[],"class_list":["post-3948","post","type-post","status-publish","format-standard","has-post-thumbnail","hentry","category-http-turkiyemhaber-com-wp-content-uploads-2026-03-saray-59-haber-13-mart-pdf"],"_links":{"self":[{"href":"https:\/\/turkiyemhaber.com\/index.php?rest_route=\/wp\/v2\/posts\/3948","targetHints":{"allow":["GET"]}}],"collection":[{"href":"https:\/\/turkiyemhaber.com\/index.php?rest_route=\/wp\/v2\/posts"}],"about":[{"href":"https:\/\/turkiyemhaber.com\/index.php?rest_route=\/wp\/v2\/types\/post"}],"author":[{"embeddable":true,"href":"https:\/\/turkiyemhaber.com\/index.php?rest_route=\/wp\/v2\/users\/1"}],"replies":[{"embeddable":true,"href":"https:\/\/turkiyemhaber.com\/index.php?rest_route=%2Fwp%2Fv2%2Fcomments&post=3948"}],"version-history":[{"count":1,"href":"https:\/\/turkiyemhaber.com\/index.php?rest_route=\/wp\/v2\/posts\/3948\/revisions"}],"predecessor-version":[{"id":3954,"href":"https:\/\/turkiyemhaber.com\/index.php?rest_route=\/wp\/v2\/posts\/3948\/revisions\/3954"}],"wp:featuredmedia":[{"embeddable":true,"href":"https:\/\/turkiyemhaber.com\/index.php?rest_route=\/wp\/v2\/media\/3949"}],"wp:attachment":[{"href":"https:\/\/turkiyemhaber.com\/index.php?rest_route=%2Fwp%2Fv2%2Fmedia&parent=3948"}],"wp:term":[{"taxonomy":"category","embeddable":true,"href":"https:\/\/turkiyemhaber.com\/index.php?rest_route=%2Fwp%2Fv2%2Fcategories&post=3948"},{"taxonomy":"post_tag","embeddable":true,"href":"https:\/\/turkiyemhaber.com\/index.php?rest_route=%2Fwp%2Fv2%2Ftags&post=3948"}],"curies":[{"name":"wp","href":"https:\/\/api.w.org\/{rel}","templated":true}]}}