{"id":3945,"date":"2026-07-15T14:53:11","date_gmt":"2026-07-15T14:53:11","guid":{"rendered":"https:\/\/turkiyemhaber.com\/?p=3945"},"modified":"2026-07-15T14:53:15","modified_gmt":"2026-07-15T14:53:15","slug":"haluk-leventin-kumarhane-goruntulerine-iliskin-yeni-iddia-tarih-ve-yer-ortaya-cikti","status":"publish","type":"post","link":"https:\/\/turkiyemhaber.com\/?p=3945","title":{"rendered":"Haluk Levent\u2019in Kumarhane G\u00f6r\u00fcnt\u00fclerine \u0130li\u015fkin Yeni \u0130ddia: Tarih ve Yer Ortaya \u00c7\u0131kt\u0131"},"content":{"rendered":"\n<p class=\"wp-block-paragraph\">Ahbap Derne\u011fi\u2019ne y\u00f6nelik y\u00fcr\u00fct\u00fclen soru\u015fturma kapsam\u0131nda g\u00f6zalt\u0131na al\u0131nan sanat\u00e7\u0131 Haluk Levent hakk\u0131nda g\u00fcndeme gelen kumarhane g\u00f6r\u00fcnt\u00fclerine ili\u015fkin yeni iddialar ortaya at\u0131ld\u0131. Sosyal medyada yay\u0131lan g\u00f6r\u00fcnt\u00fclerin ard\u0131ndan, videonun nerede ve ne zaman \u00e7ekildi\u011fine dair dikkat \u00e7eken bilgiler payla\u015f\u0131ld\u0131.<\/p>\n\n\n\n<h2 class=\"wp-block-heading\">G\u00f6r\u00fcnt\u00fclerin K\u0131br\u0131s\u2019ta \u00c7ekildi\u011fi \u0130ddia Edildi<\/h2>\n\n\n\n<p class=\"wp-block-paragraph\">Gazeteci Sema K\u0131z\u0131larslan taraf\u0131ndan payla\u015f\u0131lan bilgilere g\u00f6re, Haluk Levent\u2019in rulet masas\u0131nda g\u00f6r\u00fcld\u00fc\u011f\u00fc g\u00f6r\u00fcnt\u00fclerin Kuzey K\u0131br\u0131s T\u00fcrk Cumhuriyeti\u2019nde bulunan bir kumarhanede \u00e7ekildi\u011fi \u00f6ne s\u00fcr\u00fcld\u00fc.<\/p>\n\n\n\n<p class=\"wp-block-paragraph\">K\u0131z\u0131larslan, g\u00f6r\u00fcnt\u00fclerin 11 May\u0131s 2026 tarihinde kaydedildi\u011fini iddia ederek, sanat\u00e7\u0131n\u0131n s\u00f6z konusu tarihte kumar oynamak amac\u0131yla K\u0131br\u0131s\u2019a gitti\u011fini ileri s\u00fcrd\u00fc.<\/p>\n\n\n\n<p class=\"wp-block-paragraph\">Ortaya at\u0131lan iddialar kamuoyunda geni\u015f yank\u0131 uyand\u0131r\u0131rken, g\u00f6r\u00fcnt\u00fclerin soru\u015fturma dosyas\u0131nda yer al\u0131p almad\u0131\u011f\u0131na ili\u015fkin resmi bir a\u00e7\u0131klama yap\u0131lmad\u0131.<\/p>\n\n\n\n<h2 class=\"wp-block-heading\">\u201cAhbap\u2019\u0131n Paras\u0131n\u0131 Borsada Kullanmad\u0131m\u201d<\/h2>\n\n\n\n<p class=\"wp-block-paragraph\">\u00d6te yandan Haluk Levent\u2019in emniyette verdi\u011fi ifadede, Ahbap Derne\u011fi\u2019ne ait kaynaklar\u0131 ki\u015fisel yat\u0131r\u0131mlar\u0131 i\u00e7in kulland\u0131\u011f\u0131 y\u00f6n\u00fcndeki su\u00e7lamalar\u0131 reddetti\u011fi \u00f6\u011frenildi.<\/p>\n\n\n\n<p class=\"wp-block-paragraph\">Levent, derne\u011fin kurulu\u015fundan itibaren mali s\u00fcre\u00e7lerin \u015feffaf \u015fekilde y\u00fcr\u00fct\u00fcld\u00fc\u011f\u00fcn\u00fc savunarak, \u00f6zellikle deprem d\u00f6neminde toplanan yakla\u015f\u0131k 4,3 milyar liral\u0131k ba\u011f\u0131\u015f\u0131n devlet denetiminde ihtiya\u00e7 sahiplerine ula\u015ft\u0131r\u0131ld\u0131\u011f\u0131n\u0131 belirtti.<\/p>\n\n\n\n<p class=\"wp-block-paragraph\">\u0130fadesinde:<\/p>\n\n\n\n<blockquote class=\"wp-block-quote is-layout-flow wp-block-quote-is-layout-flow\">\n<p class=\"wp-block-paragraph\">\u201cAhbap Derne\u011fi\u2019nden hi\u00e7bir zaman para al\u0131p borsada oynamad\u0131m.\u201d<\/p>\n<\/blockquote>\n\n\n\n<p class=\"wp-block-paragraph\">dedi\u011fi aktar\u0131ld\u0131.<\/p>\n\n\n\n<h2 class=\"wp-block-heading\">\u201cBorsa Y\u00fcz\u00fcnden B\u00fcy\u00fck Bor\u00e7 Bata\u011f\u0131na Girdim\u201d<\/h2>\n\n\n\n<p class=\"wp-block-paragraph\">Soru\u015fturma dosyas\u0131na yans\u0131yan bilgilere g\u00f6re Haluk Levent, ki\u015fisel yat\u0131r\u0131mlar\u0131 nedeniyle ciddi mali s\u0131k\u0131nt\u0131lar ya\u015fad\u0131\u011f\u0131n\u0131 kabul etti.<\/p>\n\n\n\n<p class=\"wp-block-paragraph\">Borsa i\u015flemleri nedeniyle b\u00fcy\u00fck bor\u00e7 alt\u0131na girdi\u011fini ifade eden Levent\u2019in, bunu ki\u015fisel bir hata ve zaaf olarak de\u011ferlendirdi\u011fi belirtildi.<\/p>\n\n\n\n<h2 class=\"wp-block-heading\">\u201cUsuls\u00fczl\u00fck Olabilir Ama Yolsuzluk De\u011fil\u201d<\/h2>\n\n\n\n<p class=\"wp-block-paragraph\">Levent\u2019in ifadesindeki en dikkat \u00e7ekici b\u00f6l\u00fcmlerden biri ise Ahbap Derne\u011fi\u2019ne ait baz\u0131 \u00e7ek ve senetlerin kullan\u0131m\u0131yla ilgili a\u00e7\u0131klamas\u0131 oldu.<\/p>\n\n\n\n<p class=\"wp-block-paragraph\">\u0130ddiaya g\u00f6re Haluk Levent, mali s\u0131k\u0131\u015f\u0131kl\u0131k ya\u015fad\u0131\u011f\u0131 d\u00f6nemlerde derne\u011fe ait baz\u0131 evraklar\u0131 teminat olarak kulland\u0131\u011f\u0131n\u0131 kabul ederken \u015fu savunmay\u0131 yapt\u0131:<\/p>\n\n\n\n<blockquote class=\"wp-block-quote is-layout-flow wp-block-quote-is-layout-flow\">\n<p class=\"wp-block-paragraph\">\u201cAhbap\u2019a ait \u00e7ek ve senetleri zaman zaman teminat olarak kulland\u0131m. Bu durum usuls\u00fczl\u00fck olarak de\u011ferlendirilebilir ancak bir yolsuzluk de\u011fildir.\u201d<\/p>\n<\/blockquote>\n\n\n\n<p class=\"wp-block-paragraph\">Bu a\u00e7\u0131klama soru\u015fturman\u0131n en \u00e7ok tart\u0131\u015f\u0131lan ba\u015fl\u0131klar\u0131ndan biri haline geldi.<\/p>\n\n\n\n<h2 class=\"wp-block-heading\">Soru\u015fturma \u00c7ok Y\u00f6nl\u00fc Devam Ediyor<\/h2>\n\n\n\n<p class=\"wp-block-paragraph\">\u0130stanbul Cumhuriyet Ba\u015fsavc\u0131l\u0131\u011f\u0131 taraf\u0131ndan y\u00fcr\u00fct\u00fclen soru\u015fturmada para transferleri, ta\u015f\u0131nmaz devirleri, banka hareketleri, \u00e7ek ve senet i\u015flemleri ile birlikte ortaya \u00e7\u0131kan g\u00f6r\u00fcnt\u00fclerin de de\u011ferlendirildi\u011fi \u00f6\u011frenildi.<\/p>\n\n\n\n<p class=\"wp-block-paragraph\">Soru\u015fturma kapsam\u0131nda g\u00f6zalt\u0131na al\u0131nan \u015f\u00fcphelilerin ifadeleri al\u0131n\u0131rken, dosyadaki mali incelemeler ve delil de\u011ferlendirmelerinin s\u00fcrd\u00fc\u011f\u00fc bildirildi.<\/p>\n\n\n\n<hr class=\"wp-block-separator has-alpha-channel-opacity\"\/>\n\n\n\n<p class=\"wp-block-paragraph\">&#x1f449; T\u00fcrkiye g\u00fcndeminden en g\u00fcncel haberler i\u00e7in;<\/p>\n\n\n\n<p class=\"wp-block-paragraph\">&#x1f310; gundem59.com.tr<\/p>\n\n\n\n<p class=\"wp-block-paragraph\">&#x1f310; turkiyemhaber.com<\/p>\n\n\n\n<p class=\"wp-block-paragraph\">&#x1f310; gundem44.com.tr<\/p>\n\n\n\n<p class=\"wp-block-paragraph\">&#x1f310; gundem34haber.com.tr<\/p>\n\n\n\n<p class=\"wp-block-paragraph\">&#x1f310; saray59.com.tr<\/p>\n\n\n\n<p class=\"wp-block-paragraph\">&#x1f4fa; turkiyemhabertv.com<\/p>\n\n\n\n<p class=\"wp-block-paragraph\">&#x1f4fb; turkiyemradyo.com<\/p>\n\n\n\n<p class=\"wp-block-paragraph\">&#x1f4f1; @gundem59__<\/p>\n\n\n\n<p class=\"wp-block-paragraph\">&#x1f4f1; @turkiyemhaber_tr<\/p>\n\n\n\n<p class=\"wp-block-paragraph\">#SonDakika #HalukLevent #Ahbap #AHBAPDerne\u011fi #K\u0131br\u0131s #Kumarhane #Rulet #\u0130stanbulCumhuriyetBa\u015fsavc\u0131l\u0131\u011f\u0131 #Soru\u015fturma #YelizKaya #ZaferYay #MASAK #Borsa #ParaTransferi #MaliSu\u00e7lar #Adliye #Mahkeme #G\u00fcndem #T\u00fcrkiye #G\u00fcncelHaber #Gundem59 #TurkiyemHaber #Gundem44 #Gundem34Haber #Saray59 #TurkiyemHaberTV #TurkiyemRadyo<\/p>\n","protected":false},"excerpt":{"rendered":"<p>Ahbap Derne\u011fi\u2019ne y\u00f6nelik y\u00fcr\u00fct\u00fclen soru\u015fturma kapsam\u0131nda g\u00f6zalt\u0131na al\u0131nan sanat\u00e7\u0131 Haluk Levent hakk\u0131nda g\u00fcndeme gelen kumarhane<\/p>\n","protected":false},"author":1,"featured_media":3943,"comment_status":"open","ping_status":"open","sticky":false,"template":"","format":"standard","meta":{"_rtcl_gb_attr":"","footnotes":""},"categories":[1],"tags":[],"class_list":["post-3945","post","type-post","status-publish","format-standard","has-post-thumbnail","hentry","category-http-turkiyemhaber-com-wp-content-uploads-2026-03-saray-59-haber-13-mart-pdf"],"_links":{"self":[{"href":"https:\/\/turkiyemhaber.com\/index.php?rest_route=\/wp\/v2\/posts\/3945","targetHints":{"allow":["GET"]}}],"collection":[{"href":"https:\/\/turkiyemhaber.com\/index.php?rest_route=\/wp\/v2\/posts"}],"about":[{"href":"https:\/\/turkiyemhaber.com\/index.php?rest_route=\/wp\/v2\/types\/post"}],"author":[{"embeddable":true,"href":"https:\/\/turkiyemhaber.com\/index.php?rest_route=\/wp\/v2\/users\/1"}],"replies":[{"embeddable":true,"href":"https:\/\/turkiyemhaber.com\/index.php?rest_route=%2Fwp%2Fv2%2Fcomments&post=3945"}],"version-history":[{"count":1,"href":"https:\/\/turkiyemhaber.com\/index.php?rest_route=\/wp\/v2\/posts\/3945\/revisions"}],"predecessor-version":[{"id":3946,"href":"https:\/\/turkiyemhaber.com\/index.php?rest_route=\/wp\/v2\/posts\/3945\/revisions\/3946"}],"wp:featuredmedia":[{"embeddable":true,"href":"https:\/\/turkiyemhaber.com\/index.php?rest_route=\/wp\/v2\/media\/3943"}],"wp:attachment":[{"href":"https:\/\/turkiyemhaber.com\/index.php?rest_route=%2Fwp%2Fv2%2Fmedia&parent=3945"}],"wp:term":[{"taxonomy":"category","embeddable":true,"href":"https:\/\/turkiyemhaber.com\/index.php?rest_route=%2Fwp%2Fv2%2Fcategories&post=3945"},{"taxonomy":"post_tag","embeddable":true,"href":"https:\/\/turkiyemhaber.com\/index.php?rest_route=%2Fwp%2Fv2%2Ftags&post=3945"}],"curies":[{"name":"wp","href":"https:\/\/api.w.org\/{rel}","templated":true}]}}