{"id":3942,"date":"2026-07-15T14:50:39","date_gmt":"2026-07-15T14:50:39","guid":{"rendered":"https:\/\/turkiyemhaber.com\/?p=3942"},"modified":"2026-07-15T14:54:47","modified_gmt":"2026-07-15T14:54:47","slug":"ahbap-sorusturmasinda-yeni-iddia-70-milyon-dolar-verdim-dolandirildim","status":"publish","type":"post","link":"https:\/\/turkiyemhaber.com\/?p=3942","title":{"rendered":"Ahbap Soru\u015fturmas\u0131nda Yeni \u0130ddia: \u201c70 Milyon Dolar Verdim, Doland\u0131r\u0131ld\u0131m\u201d"},"content":{"rendered":"\n<p class=\"wp-block-paragraph\">\u0130stanbul Cumhuriyet Ba\u015fsavc\u0131l\u0131\u011f\u0131 taraf\u0131ndan Ahbap Derne\u011fi\u2019ne y\u00f6nelik y\u00fcr\u00fct\u00fclen soru\u015fturma kapsam\u0131nda g\u00f6zalt\u0131na al\u0131nan i\u015f insan\u0131 Esin \u00d6nder \u00c7a\u011flayan\u2019\u0131n emniyette verdi\u011fi 22 sayfal\u0131k ifade ortaya \u00e7\u0131kt\u0131. Hakk\u0131nda \u201csu\u00e7tan kaynaklanan mal varl\u0131\u011f\u0131 de\u011ferlerini aklama\u201d ve \u201c\u00f6rg\u00fct \u00fcyeli\u011fi\u201d su\u00e7lamalar\u0131 bulunan \u00c7a\u011flayan, Haluk Levent\u2019e yakla\u015f\u0131k 70 milyon dolar verdi\u011fini, buna ra\u011fmen ma\u011fdur edildi\u011fini \u00f6ne s\u00fcrd\u00fc.<\/p>\n\n\n\n<p class=\"wp-block-paragraph\">Soru\u015fturma dosyas\u0131na giren ifadeler, para transferleri, \u00e7ekler, ta\u015f\u0131nmaz devirleri ve imzal\u0131 oldu\u011fu iddia edilen belgeler dosyan\u0131n en dikkat \u00e7eken b\u00f6l\u00fcmleri aras\u0131nda yer ald\u0131.<\/p>\n\n\n\n<h2 class=\"wp-block-heading\">\u201cBorcumu \u00d6deyece\u011fim, \u0130yi Niyetlerini Kulland\u0131m\u201d \u0130ddias\u0131<\/h2>\n\n\n\n<p class=\"wp-block-paragraph\">Esin \u00d6nder \u00c7a\u011flayan\u2019\u0131n avukat\u0131 arac\u0131l\u0131\u011f\u0131yla savc\u0131l\u0131\u011fa sundu\u011fu belgeler aras\u0131nda, 17 May\u0131s 2026 tarihli oldu\u011fu belirtilen bir tutanak da yer ald\u0131.<\/p>\n\n\n\n<p class=\"wp-block-paragraph\">\u0130ddiaya g\u00f6re tutanakta Haluk Levent\u2019in imzas\u0131n\u0131n bulundu\u011fu ve \u015fu ifadelerin yer ald\u0131\u011f\u0131 \u00f6ne s\u00fcr\u00fcld\u00fc:<\/p>\n\n\n\n<blockquote class=\"wp-block-quote is-layout-flow wp-block-quote-is-layout-flow\">\n<p class=\"wp-block-paragraph\">\u201c\u00d6nder ailesine 2 milyar 100 milyon TL borcum bulunmaktad\u0131r. \u00d6nder ailesinin iyi niyetini kullanarak onlar\u0131 kand\u0131rd\u0131\u011f\u0131m i\u00e7in \u00e7ok \u00fczg\u00fcn\u00fcm. Borcumu 02.06.2026 tarihine kadar \u00f6deyece\u011fim.\u201d<\/p>\n<\/blockquote>\n\n\n\n<p class=\"wp-block-paragraph\">S\u00f6z konusu belgenin do\u011frulu\u011fu ve hukuki ge\u00e7erlili\u011finin soru\u015fturma kapsam\u0131nda incelendi\u011fi \u00f6\u011frenildi.<\/p>\n\n\n\n<h2 class=\"wp-block-heading\">\u201cHaluk Levent\u2019e 70 Milyon Dolar Verdim\u201d<\/h2>\n\n\n\n<p class=\"wp-block-paragraph\">\u00c7a\u011flayan ifadesinde Haluk Levent\u2019i yakla\u015f\u0131k 15 y\u0131ld\u0131r tan\u0131d\u0131\u011f\u0131n\u0131 belirterek, toplumdaki g\u00fcvenilir imaj\u0131 nedeniyle kendisine inand\u0131\u011f\u0131n\u0131 s\u00f6yledi.<\/p>\n\n\n\n<p class=\"wp-block-paragraph\">\u0130ddiaya g\u00f6re Levent\u2019in 2025 y\u0131l\u0131nda \u00e7e\u015fitli projeler ve alacaklar\u0131n\u0131 gerek\u00e7e g\u00f6stererek milyonlarca dolar talep etti\u011fini \u00f6ne s\u00fcren \u00c7a\u011flayan, ilk etapta 8 milyon dolar verdi\u011fini, ard\u0131ndan yeni talepler \u00fczerine toplam rakam\u0131n yakla\u015f\u0131k 70 milyon dolara ula\u015ft\u0131\u011f\u0131n\u0131 savundu.<\/p>\n\n\n\n<h2 class=\"wp-block-heading\">68 Ta\u015f\u0131nmaz Devredildi \u0130ddias\u0131<\/h2>\n\n\n\n<p class=\"wp-block-paragraph\">\u00c7a\u011flayan, verdi\u011fi paralar\u0131n kar\u015f\u0131l\u0131\u011f\u0131nda toplam 68 ta\u015f\u0131nmaz devrald\u0131\u011f\u0131n\u0131 s\u00f6yledi.<\/p>\n\n\n\n<p class=\"wp-block-paragraph\">\u0130fadesine g\u00f6re:<\/p>\n\n\n\n<ul class=\"wp-block-list\">\n<li>62-63 ta\u015f\u0131nmaz Yeliz Kaya taraf\u0131ndan,<\/li>\n\n\n\n<li>5-6 ta\u015f\u0131nmaz ise Zafer Yay taraf\u0131ndan devredildi.<\/li>\n<\/ul>\n\n\n\n<p class=\"wp-block-paragraph\">Ancak \u00c7a\u011flayan, devrald\u0131\u011f\u0131 ta\u015f\u0131nmazlar\u0131n toplam ekspertiz de\u011ferinin yakla\u015f\u0131k 35 milyon dolar oldu\u011funu, buna kar\u015f\u0131l\u0131k verdi\u011fi paran\u0131n 70 milyon dolar\u0131 buldu\u011funu \u00f6ne s\u00fcrd\u00fc.<\/p>\n\n\n\n<h2 class=\"wp-block-heading\">1 Milyar Liral\u0131k Para Trafi\u011fi<\/h2>\n\n\n\n<p class=\"wp-block-paragraph\">Mali incelemelerde dikkat \u00e7eken en \u00f6nemli ba\u015fl\u0131klardan biri de Esin \u00d6nder \u00c7a\u011flayan ile Yeliz Kaya aras\u0131ndaki para hareketleri oldu.<\/p>\n\n\n\n<p class=\"wp-block-paragraph\">Dosyaya g\u00f6re:<\/p>\n\n\n\n<ul class=\"wp-block-list\">\n<li>Yeliz Kaya\u2019dan \u00c7a\u011flayan\u2019a toplam 136 milyon 900 bin TL,<\/li>\n\n\n\n<li>\u00c7a\u011flayan\u2019dan Yeliz Kaya\u2019ya ise toplam 1 milyar 26 milyon 70 bin 952 TL g\u00f6nderildi.<\/li>\n<\/ul>\n\n\n\n<p class=\"wp-block-paragraph\">Aradaki b\u00fcy\u00fck fark\u0131n sorulmas\u0131 \u00fczerine \u00c7a\u011flayan, s\u00f6z konusu transferlerin tamam\u0131n\u0131n asl\u0131nda Haluk Levent\u2019e verilen bor\u00e7lar oldu\u011funu savundu.<\/p>\n\n\n\n<h2 class=\"wp-block-heading\">Ta\u015f\u0131nmaz Devirleri \u0130nceleme Alt\u0131nda<\/h2>\n\n\n\n<p class=\"wp-block-paragraph\">Soru\u015fturma dosyas\u0131nda yer alan tapu kay\u0131tlar\u0131nda baz\u0131 ta\u015f\u0131nmazlar\u0131n k\u0131sa s\u00fcre i\u00e7erisinde birka\u00e7 kez el de\u011fi\u015ftirdi\u011fi tespit edildi.<\/p>\n\n\n\n<p class=\"wp-block-paragraph\">Baz\u0131 ta\u015f\u0131nmazlar\u0131n:<\/p>\n\n\n\n<ul class=\"wp-block-list\">\n<li>\u00d6nce Yeliz Kaya ad\u0131na ge\u00e7ti\u011fi,<\/li>\n\n\n\n<li>Ard\u0131ndan Esin \u00d6nder \u00c7a\u011flayan veya \u015firketlerine devredildi\u011fi,<\/li>\n\n\n\n<li>Daha sonra yeniden farkl\u0131 ki\u015filere aktar\u0131ld\u0131\u011f\u0131 belirtildi.<\/li>\n<\/ul>\n\n\n\n<p class=\"wp-block-paragraph\">\u00d6zellikle Sakarya, \u0130stanbul, Antalya, Trabzon ve Karaman\u2019daki ta\u015f\u0131nmaz hareketlerinin soru\u015fturma kapsam\u0131nda detayl\u0131 \u015fekilde incelendi\u011fi \u00f6\u011frenildi.<\/p>\n\n\n\n<h2 class=\"wp-block-heading\">208 Milyon Liral\u0131k \u201cBor\u00e7\u201d A\u00e7\u0131klamas\u0131<\/h2>\n\n\n\n<p class=\"wp-block-paragraph\">Dosyada yer alan banka kay\u0131tlar\u0131na g\u00f6re Kas\u0131m 2025 i\u00e7erisinde Esin \u00d6nder \u00c7a\u011flayan\u2019dan Yeliz Kaya\u2019ya toplam 208 milyon 602 bin 700 TL g\u00f6nderildi\u011fi tespit edildi.<\/p>\n\n\n\n<p class=\"wp-block-paragraph\">Transfer a\u00e7\u0131klamalar\u0131nda \u201cbor\u00e7 olarak g\u00f6nderilen para\u201d ifadelerinin yer ald\u0131\u011f\u0131, ancak do\u011frudan ta\u015f\u0131nmaz sat\u0131\u015f bedeline ili\u015fkin a\u00e7\u0131klamalar\u0131n bulunmad\u0131\u011f\u0131 kaydedildi.<\/p>\n\n\n\n<h2 class=\"wp-block-heading\">\u201cMa\u011fdurum, Doland\u0131r\u0131ld\u0131m\u201d<\/h2>\n\n\n\n<p class=\"wp-block-paragraph\">Esin \u00d6nder \u00c7a\u011flayan ifadesinin sonunda su\u00e7lamalar\u0131 reddederek kendisinin ma\u011fdur oldu\u011funu savundu.<\/p>\n\n\n\n<p class=\"wp-block-paragraph\">\u00c7a\u011flayan:<\/p>\n\n\n\n<blockquote class=\"wp-block-quote is-layout-flow wp-block-quote-is-layout-flow\">\n<p class=\"wp-block-paragraph\">\u201cVicdan\u0131m istismar edilerek bir sarmal\u0131n i\u00e7ine \u00e7ekildim ve doland\u0131r\u0131ld\u0131m.\u201d<\/p>\n<\/blockquote>\n\n\n\n<p class=\"wp-block-paragraph\">ifadelerini kullanarak Haluk Levent hakk\u0131nda \u015fik\u00e2yet\u00e7i oldu\u011funu belirtti.<\/p>\n\n\n\n<p class=\"wp-block-paragraph\">\u00d6te yandan soru\u015fturma kapsam\u0131nda para transferleri, \u00e7ekler, tapu devirleri, ekspertiz raporlar\u0131 ve \u015f\u00fcpheli ifadelerinin birlikte de\u011ferlendirilmeye devam edildi\u011fi \u00f6\u011frenildi.<\/p>\n\n\n\n<hr class=\"wp-block-separator has-alpha-channel-opacity\"\/>\n\n\n\n<p class=\"wp-block-paragraph\">&#x1f449; T\u00fcrkiye g\u00fcndeminden en g\u00fcncel haberler i\u00e7in;<\/p>\n\n\n\n<p class=\"wp-block-paragraph\">&#x1f310; gundem59.com.tr<\/p>\n\n\n\n<p class=\"wp-block-paragraph\">&#x1f310; turkiyemhaber.com<\/p>\n\n\n\n<p class=\"wp-block-paragraph\">&#x1f310; gundem44.com.tr<\/p>\n\n\n\n<p class=\"wp-block-paragraph\">&#x1f310; gundem34haber.com.tr<\/p>\n\n\n\n<p class=\"wp-block-paragraph\">&#x1f310; saray59.com.tr<\/p>\n\n\n\n<p class=\"wp-block-paragraph\">&#x1f4fa; turkiyemhabertv.com<\/p>\n\n\n\n<p class=\"wp-block-paragraph\">&#x1f4fb; turkiyemradyo.com<\/p>\n\n\n\n<p class=\"wp-block-paragraph\">&#x1f4f1; @gundem59__<\/p>\n\n\n\n<p class=\"wp-block-paragraph\">&#x1f4f1; @turkiyemhaber_tr<\/p>\n\n\n\n<p class=\"wp-block-paragraph\">#SonDakika #HalukLevent #Ahbap #AHBAPDerne\u011fi #Esin\u00d6nder\u00c7a\u011flayan #YelizKaya #ZaferYay #Doland\u0131r\u0131c\u0131l\u0131k #\u0130stanbulCumhuriyetBa\u015fsavc\u0131l\u0131\u011f\u0131 #Soru\u015fturma #ParaTransferi #Tapu #Gayrimenkul #BankaHesaplar\u0131 #MASAK #Adliye #Mahkeme #G\u00fcndem #T\u00fcrkiye #G\u00fcncelHaber #Gundem59 #TurkiyemHaber #Gundem44 #Gundem34Haber #Saray59 #TurkiyemHaberTV #TurkiyemRadyo<\/p>\n","protected":false},"excerpt":{"rendered":"<p>\u0130stanbul Cumhuriyet Ba\u015fsavc\u0131l\u0131\u011f\u0131 taraf\u0131ndan Ahbap Derne\u011fi\u2019ne y\u00f6nelik y\u00fcr\u00fct\u00fclen soru\u015fturma kapsam\u0131nda g\u00f6zalt\u0131na al\u0131nan i\u015f insan\u0131 Esin<\/p>\n","protected":false},"author":1,"featured_media":3936,"comment_status":"open","ping_status":"open","sticky":false,"template":"","format":"standard","meta":{"_rtcl_gb_attr":"","footnotes":""},"categories":[1],"tags":[],"class_list":["post-3942","post","type-post","status-publish","format-standard","has-post-thumbnail","hentry","category-http-turkiyemhaber-com-wp-content-uploads-2026-03-saray-59-haber-13-mart-pdf"],"_links":{"self":[{"href":"https:\/\/turkiyemhaber.com\/index.php?rest_route=\/wp\/v2\/posts\/3942","targetHints":{"allow":["GET"]}}],"collection":[{"href":"https:\/\/turkiyemhaber.com\/index.php?rest_route=\/wp\/v2\/posts"}],"about":[{"href":"https:\/\/turkiyemhaber.com\/index.php?rest_route=\/wp\/v2\/types\/post"}],"author":[{"embeddable":true,"href":"https:\/\/turkiyemhaber.com\/index.php?rest_route=\/wp\/v2\/users\/1"}],"replies":[{"embeddable":true,"href":"https:\/\/turkiyemhaber.com\/index.php?rest_route=%2Fwp%2Fv2%2Fcomments&post=3942"}],"version-history":[{"count":1,"href":"https:\/\/turkiyemhaber.com\/index.php?rest_route=\/wp\/v2\/posts\/3942\/revisions"}],"predecessor-version":[{"id":3944,"href":"https:\/\/turkiyemhaber.com\/index.php?rest_route=\/wp\/v2\/posts\/3942\/revisions\/3944"}],"wp:featuredmedia":[{"embeddable":true,"href":"https:\/\/turkiyemhaber.com\/index.php?rest_route=\/wp\/v2\/media\/3936"}],"wp:attachment":[{"href":"https:\/\/turkiyemhaber.com\/index.php?rest_route=%2Fwp%2Fv2%2Fmedia&parent=3942"}],"wp:term":[{"taxonomy":"category","embeddable":true,"href":"https:\/\/turkiyemhaber.com\/index.php?rest_route=%2Fwp%2Fv2%2Fcategories&post=3942"},{"taxonomy":"post_tag","embeddable":true,"href":"https:\/\/turkiyemhaber.com\/index.php?rest_route=%2Fwp%2Fv2%2Ftags&post=3942"}],"curies":[{"name":"wp","href":"https:\/\/api.w.org\/{rel}","templated":true}]}}