{"id":3938,"date":"2026-07-15T14:43:46","date_gmt":"2026-07-15T14:43:46","guid":{"rendered":"https:\/\/turkiyemhaber.com\/?p=3938"},"modified":"2026-07-15T14:43:51","modified_gmt":"2026-07-15T14:43:51","slug":"deniz-baykalin-esi-olcay-baykal-hayatini-kaybetti","status":"publish","type":"post","link":"https:\/\/turkiyemhaber.com\/?p=3938","title":{"rendered":"Deniz Baykal\u2019\u0131n E\u015fi Olcay Baykal Hayat\u0131n\u0131 Kaybetti"},"content":{"rendered":"\n<p class=\"wp-block-paragraph\">Merhum CHP Genel Ba\u015fkan\u0131 Deniz Baykal\u2019\u0131n e\u015fi Olcay Baykal, tedavi g\u00f6rd\u00fc\u011f\u00fc Antalya\u2019da ya\u015fam\u0131n\u0131 yitirdi. 88 ya\u015f\u0131nda hayat\u0131n\u0131 kaybeden Olcay Baykal\u2019\u0131n cenazesi, son yolculu\u011funa u\u011furlanmak \u00fczere Ankara\u2019ya g\u00f6nderildi.<\/p>\n\n\n\n<p class=\"wp-block-paragraph\">Bir s\u00fcredir sa\u011fl\u0131k sorunlar\u0131 nedeniyle Antalya Kepez Devlet Hastanesi\u2019nde tedavi alt\u0131nda bulunan Olcay Baykal\u2019\u0131n bu sabah hayat\u0131n\u0131 kaybetti\u011fi \u00f6\u011frenildi. Ac\u0131 haberin ard\u0131ndan Baykal\u2019\u0131n cenazesi, Antalya B\u00fcy\u00fck\u015fehir Belediyesi\u2019ne ait cenaze arac\u0131yla Antalya Havaliman\u0131\u2019na g\u00f6t\u00fcr\u00fcld\u00fc ve buradan hava yoluyla Ankara\u2019ya nakledildi.<\/p>\n\n\n\n<h2 class=\"wp-block-heading\">Cuma G\u00fcn\u00fc Deniz Baykal\u2019\u0131n Yan\u0131na Defnedilecek<\/h2>\n\n\n\n<p class=\"wp-block-paragraph\">Aile yak\u0131nlar\u0131ndan edinilen bilgilere g\u00f6re Olcay Baykal\u2019\u0131n cenazesi, cuma g\u00fcn\u00fc Ankara\u2019da d\u00fczenlenecek t\u00f6renin ard\u0131ndan 2023 y\u0131l\u0131nda hayat\u0131n\u0131 kaybeden e\u015fi Deniz Baykal\u2019\u0131n yan\u0131na defnedilecek.<\/p>\n\n\n\n<p class=\"wp-block-paragraph\">T\u00fcrk siyasetinin \u00f6nemli isimlerinden biri olan Deniz Baykal\u2019\u0131n vefat\u0131n\u0131n ard\u0131ndan g\u00f6zlerden uzak bir ya\u015fam s\u00fcrd\u00fcren Olcay Baykal\u2019\u0131n \u00f6l\u00fcm\u00fc, siyaset ve e\u011fitim camias\u0131nda \u00fcz\u00fcnt\u00fcyle kar\u015f\u0131land\u0131.<\/p>\n\n\n\n<h2 class=\"wp-block-heading\">Lise A\u015fk\u0131 Gizli Nik\u00e2hla Evlili\u011fe D\u00f6n\u00fc\u015ft\u00fc<\/h2>\n\n\n\n<p class=\"wp-block-paragraph\">Mesle\u011fi \u00f6\u011fretmenlik olan Olcay Baykal ile Deniz Baykal\u2019\u0131n hik\u00e2yesi lise y\u0131llar\u0131nda ba\u015flad\u0131. \u00c7ift, 1963 y\u0131l\u0131nda ailelerinden habersiz \u015fekilde evlenme karar\u0131 ald\u0131.<\/p>\n\n\n\n<p class=\"wp-block-paragraph\">O d\u00f6nem avukatl\u0131k yapan Deniz Baykal, Olcay Baykal\u2019\u0131 Karadeniz k\u0131y\u0131s\u0131ndaki Ak\u00e7akoca\u2019ya g\u00f6t\u00fcrd\u00fc. \u00c7ift burada gizlice nik\u00e2h k\u0131yd\u0131ktan sonra evliliklerini ailelerine a\u00e7\u0131klad\u0131.<\/p>\n\n\n\n<p class=\"wp-block-paragraph\">Y\u0131llarca s\u00fcren evliliklerini b\u00fcy\u00fck bir uyum i\u00e7erisinde s\u00fcrd\u00fcren Baykal \u00e7iftinin Ata\u00e7 ve Asl\u0131 isimlerinde iki \u00e7ocuklar\u0131 bulunuyor.<\/p>\n\n\n\n<figure class=\"wp-block-image size-full\"><img loading=\"lazy\" decoding=\"async\" width=\"640\" height=\"427\" src=\"https:\/\/turkiyemhaber.com\/wp-content\/uploads\/2026\/07\/deniz-baykal-in-esi-olcay-baykal-yasamini-yit-20054391_o.jpg\" alt=\"\" class=\"wp-image-3940\" srcset=\"https:\/\/turkiyemhaber.com\/wp-content\/uploads\/2026\/07\/deniz-baykal-in-esi-olcay-baykal-yasamini-yit-20054391_o.jpg 640w, https:\/\/turkiyemhaber.com\/wp-content\/uploads\/2026\/07\/deniz-baykal-in-esi-olcay-baykal-yasamini-yit-20054391_o-300x200.jpg 300w, https:\/\/turkiyemhaber.com\/wp-content\/uploads\/2026\/07\/deniz-baykal-in-esi-olcay-baykal-yasamini-yit-20054391_o-18x12.jpg 18w\" sizes=\"auto, (max-width: 640px) 100vw, 640px\" \/><\/figure>\n\n\n\n<h2 class=\"wp-block-heading\">Siyaset D\u00fcnyas\u0131nda \u00dcz\u00fcnt\u00fc Yaratt\u0131<\/h2>\n\n\n\n<p class=\"wp-block-paragraph\">Deniz Baykal\u2019\u0131n siyasi ya\u015fam\u0131 boyunca en b\u00fcy\u00fck destek\u00e7ilerinden biri olarak bilinen Olcay Baykal\u2019\u0131n vefat\u0131, CHP camias\u0131 ba\u015fta olmak \u00fczere siyaset d\u00fcnyas\u0131nda b\u00fcy\u00fck \u00fcz\u00fcnt\u00fc yaratt\u0131.<\/p>\n\n\n\n<p class=\"wp-block-paragraph\">88 ya\u015f\u0131nda hayat\u0131n\u0131 kaybeden Olcay Baykal, cuma g\u00fcn\u00fc Ankara\u2019da d\u00fczenlenecek cenaze t\u00f6reninin ard\u0131ndan e\u015fi Deniz Baykal\u2019\u0131n yan\u0131nda son yolculu\u011funa u\u011furlanacak.<\/p>\n\n\n\n<p class=\"wp-block-paragraph\"><em>Kaynak: DHA<\/em><\/p>\n\n\n\n<hr class=\"wp-block-separator has-alpha-channel-opacity\"\/>\n\n\n\n<p class=\"wp-block-paragraph\">&#x1f449; T\u00fcrkiye g\u00fcndeminden en g\u00fcncel haberler i\u00e7in;<\/p>\n\n\n\n<p class=\"wp-block-paragraph\">&#x1f310; gundem59.com.tr<\/p>\n\n\n\n<p class=\"wp-block-paragraph\">&#x1f310; turkiyemhaber.com<\/p>\n\n\n\n<p class=\"wp-block-paragraph\">&#x1f310; gundem44.com.tr<\/p>\n\n\n\n<p class=\"wp-block-paragraph\">&#x1f310; gundem34haber.com.tr<\/p>\n\n\n\n<p class=\"wp-block-paragraph\">&#x1f310; saray59.com.tr<\/p>\n\n\n\n<p class=\"wp-block-paragraph\">&#x1f4fa; turkiyemhabertv.com<\/p>\n\n\n\n<p class=\"wp-block-paragraph\">&#x1f4fb; turkiyemradyo.com<\/p>\n\n\n\n<p class=\"wp-block-paragraph\">&#x1f4f1; @gundem59__<\/p>\n\n\n\n<p class=\"wp-block-paragraph\">&#x1f4f1; @turkiyemhaber_tr<\/p>\n\n\n\n<p class=\"wp-block-paragraph\">#SonDakika #OlcayBaykal #DenizBaykal #CHP #CumhuriyetHalkPartisi #Antalya #Ankara #Siyaset #T\u00fcrkiye #Vefat #Cenaze #G\u00fcncel #YerelHaberler #Ya\u015fam #Politika #Gundem59 #TurkiyemHaber #Gundem44 #Gundem34Haber #Saray59 #TurkiyemHaberTV #TurkiyemRadyo<\/p>\n","protected":false},"excerpt":{"rendered":"<p>Merhum CHP Genel Ba\u015fkan\u0131 Deniz Baykal\u2019\u0131n e\u015fi Olcay Baykal, tedavi g\u00f6rd\u00fc\u011f\u00fc Antalya\u2019da ya\u015fam\u0131n\u0131 yitirdi. 88<\/p>\n","protected":false},"author":1,"featured_media":3939,"comment_status":"open","ping_status":"open","sticky":false,"template":"","format":"standard","meta":{"_rtcl_gb_attr":"","footnotes":""},"categories":[1],"tags":[],"class_list":["post-3938","post","type-post","status-publish","format-standard","has-post-thumbnail","hentry","category-http-turkiyemhaber-com-wp-content-uploads-2026-03-saray-59-haber-13-mart-pdf"],"_links":{"self":[{"href":"https:\/\/turkiyemhaber.com\/index.php?rest_route=\/wp\/v2\/posts\/3938","targetHints":{"allow":["GET"]}}],"collection":[{"href":"https:\/\/turkiyemhaber.com\/index.php?rest_route=\/wp\/v2\/posts"}],"about":[{"href":"https:\/\/turkiyemhaber.com\/index.php?rest_route=\/wp\/v2\/types\/post"}],"author":[{"embeddable":true,"href":"https:\/\/turkiyemhaber.com\/index.php?rest_route=\/wp\/v2\/users\/1"}],"replies":[{"embeddable":true,"href":"https:\/\/turkiyemhaber.com\/index.php?rest_route=%2Fwp%2Fv2%2Fcomments&post=3938"}],"version-history":[{"count":1,"href":"https:\/\/turkiyemhaber.com\/index.php?rest_route=\/wp\/v2\/posts\/3938\/revisions"}],"predecessor-version":[{"id":3941,"href":"https:\/\/turkiyemhaber.com\/index.php?rest_route=\/wp\/v2\/posts\/3938\/revisions\/3941"}],"wp:featuredmedia":[{"embeddable":true,"href":"https:\/\/turkiyemhaber.com\/index.php?rest_route=\/wp\/v2\/media\/3939"}],"wp:attachment":[{"href":"https:\/\/turkiyemhaber.com\/index.php?rest_route=%2Fwp%2Fv2%2Fmedia&parent=3938"}],"wp:term":[{"taxonomy":"category","embeddable":true,"href":"https:\/\/turkiyemhaber.com\/index.php?rest_route=%2Fwp%2Fv2%2Fcategories&post=3938"},{"taxonomy":"post_tag","embeddable":true,"href":"https:\/\/turkiyemhaber.com\/index.php?rest_route=%2Fwp%2Fv2%2Ftags&post=3938"}],"curies":[{"name":"wp","href":"https:\/\/api.w.org\/{rel}","templated":true}]}}