{"id":3934,"date":"2026-07-15T14:39:22","date_gmt":"2026-07-15T14:39:22","guid":{"rendered":"https:\/\/turkiyemhaber.com\/?p=3934"},"modified":"2026-07-15T14:39:26","modified_gmt":"2026-07-15T14:39:26","slug":"haluk-leventin-ne-evi-ne-de-arabasi-var-mi-savcilik-ifadesindeki-detaylar-dikkat-cekti","status":"publish","type":"post","link":"https:\/\/turkiyemhaber.com\/?p=3934","title":{"rendered":"Haluk Levent\u2019in Ne Evi Ne de Arabas\u0131 Var m\u0131? Savc\u0131l\u0131k \u0130fadesindeki Detaylar Dikkat \u00c7ekti"},"content":{"rendered":"\n<p class=\"wp-block-paragraph\">\u0130stanbul Cumhuriyet Ba\u015fsavc\u0131l\u0131\u011f\u0131 taraf\u0131ndan Ahbap Derne\u011fi\u2019ne y\u00f6nelik y\u00fcr\u00fct\u00fclen soru\u015fturma kapsam\u0131nda g\u00f6zalt\u0131na al\u0131nan ve bug\u00fcn 22 \u015f\u00fcpheliyle birlikte adliyeye sevk edilen sanat\u00e7\u0131 Haluk Levent\u2019in savc\u0131l\u0131k ifadesine ili\u015fkin yeni ayr\u0131nt\u0131lar ortaya \u00e7\u0131kt\u0131. Levent\u2019in mal varl\u0131\u011f\u0131, banka hesaplar\u0131, telefonlar\u0131 ve Ahbap Derne\u011fi\u2019nin mali yap\u0131s\u0131na ili\u015fkin verdi\u011fi yan\u0131tlar kamuoyunda tart\u0131\u015fma yaratt\u0131.<\/p>\n\n\n\n<h2 class=\"wp-block-heading\">\u201c\u00dczerime Kay\u0131tl\u0131 Hi\u00e7bir \u015eey Yok\u201d<\/h2>\n\n\n\n<p class=\"wp-block-paragraph\">Savc\u0131l\u0131k sorgusunda Haluk Levent\u2019e, \u00fczerine kay\u0131tl\u0131 gayrimenkul, ara\u00e7 ve di\u011fer mal varl\u0131klar\u0131n\u0131n olup olmad\u0131\u011f\u0131 soruldu. Levent bu soruya, \u201c\u00dczerime kay\u0131tl\u0131 hi\u00e7bir \u015fey yoktur\u201d yan\u0131t\u0131n\u0131 verdi.<\/p>\n\n\n\n<p class=\"wp-block-paragraph\">Savc\u0131l\u0131k taraf\u0131ndan ayr\u0131ca, \u00fczerine kay\u0131tl\u0131 olmad\u0131\u011f\u0131 halde sahibi oldu\u011fu veya kullan\u0131m\u0131nda bulunan herhangi bir mal varl\u0131\u011f\u0131 olup olmad\u0131\u011f\u0131 da soruldu. Levent, kay\u0131tl\u0131 olmayan herhangi bir ta\u015f\u0131nmaz, ara\u00e7 ya da ba\u015fka bir mal varl\u0131\u011f\u0131n\u0131n da bulunmad\u0131\u011f\u0131n\u0131 ifade etti.<\/p>\n\n\n\n<p class=\"wp-block-paragraph\">Bu beyan, soru\u015fturma dosyas\u0131nda yer ald\u0131\u011f\u0131 \u00f6ne s\u00fcr\u00fclen y\u00fcksek tutarl\u0131 para hareketleri nedeniyle dikkat \u00e7ekti.<\/p>\n\n\n\n<figure class=\"wp-block-image size-full\"><img loading=\"lazy\" decoding=\"async\" width=\"735\" height=\"490\" src=\"https:\/\/turkiyemhaber.com\/wp-content\/uploads\/2026\/07\/haluk-levent-icin-savciya-sunulan-belge-bomba_20054307_97.jpg\" alt=\"\" class=\"wp-image-3936\" srcset=\"https:\/\/turkiyemhaber.com\/wp-content\/uploads\/2026\/07\/haluk-levent-icin-savciya-sunulan-belge-bomba_20054307_97.jpg 735w, https:\/\/turkiyemhaber.com\/wp-content\/uploads\/2026\/07\/haluk-levent-icin-savciya-sunulan-belge-bomba_20054307_97-300x200.jpg 300w, https:\/\/turkiyemhaber.com\/wp-content\/uploads\/2026\/07\/haluk-levent-icin-savciya-sunulan-belge-bomba_20054307_97-18x12.jpg 18w\" sizes=\"auto, (max-width: 735px) 100vw, 735px\" \/><\/figure>\n\n\n\n<h2 class=\"wp-block-heading\">Telefonlar\u0131n \u015eifresini Vermedi<\/h2>\n\n\n\n<p class=\"wp-block-paragraph\">G\u00f6zalt\u0131na al\u0131nd\u0131\u011f\u0131nda \u00fczerinde d\u00f6rt adet cep telefonu bulundu\u011fu belirtilen Haluk Levent\u2019in, emniyette telefon \u015fifrelerini payla\u015fmad\u0131\u011f\u0131 \u00f6\u011frenildi.<\/p>\n\n\n\n<p class=\"wp-block-paragraph\">Savc\u0131l\u0131k taraf\u0131ndan kendisine bug\u00fcne kadar kulland\u0131\u011f\u0131 telefon numaralar\u0131 soruldu\u011funda ise Levent, \u00fczerine kay\u0131tl\u0131 telefon numaralar\u0131n\u0131n hi\u00e7birini hat\u0131rlamad\u0131\u011f\u0131n\u0131 s\u00f6yledi.<\/p>\n\n\n\n<h2 class=\"wp-block-heading\">\u00c7al\u0131\u015ft\u0131\u011f\u0131 Yerleri de Hat\u0131rlamad\u0131\u011f\u0131n\u0131 S\u00f6yledi<\/h2>\n\n\n\n<p class=\"wp-block-paragraph\">Savc\u0131l\u0131k sorgusunda Haluk Levent\u2019e ge\u00e7mi\u015fte SGK\u2019l\u0131 veya SGK\u2019s\u0131z olarak \u00e7al\u0131\u015ft\u0131\u011f\u0131 i\u015f yerleri de soruldu.<\/p>\n\n\n\n<p class=\"wp-block-paragraph\">Levent, bu soruya verdi\u011fi yan\u0131tta, ge\u00e7mi\u015fte \u00e7al\u0131\u015ft\u0131\u011f\u0131 yerlerin \u00e7o\u011funu hat\u0131rlamad\u0131\u011f\u0131n\u0131 belirterek, 1998 y\u0131l\u0131nda Adana\u2019da birka\u00e7 y\u0131l maa\u015fl\u0131 olarak \u00e7al\u0131\u015ft\u0131\u011f\u0131n\u0131, daha sonra m\u00fczik kariyerine ba\u015flad\u0131\u011f\u0131 i\u00e7in herhangi bir i\u015f yerinde maa\u015fl\u0131 \u00e7al\u0131\u015fan olarak g\u00f6rev yapmad\u0131\u011f\u0131n\u0131 s\u00f6yledi.<\/p>\n\n\n\n<h2 class=\"wp-block-heading\">Gayri Resmi Ortakl\u0131k \u0130tiraf\u0131<\/h2>\n\n\n\n<p class=\"wp-block-paragraph\">Savc\u0131l\u0131k, Haluk Levent\u2019e sahibi oldu\u011fu ya da ortak bulundu\u011fu \u015firketleri de sordu.<\/p>\n\n\n\n<p class=\"wp-block-paragraph\">Levent ifadesinde:<\/p>\n\n\n\n<p class=\"wp-block-paragraph\">\u201cRisus Organizasyon Ltd. \u015eti. \u00fcnvanl\u0131 firmada gayri resmi olarak orta\u011f\u0131y\u0131m. Resmiyette sahibi Zafer Yay isimli \u015fah\u0131st\u0131r. Hen\u00fcz k\u00e2r etmedi\u011fi i\u00e7in herhangi bir kazanc\u0131m olmad\u0131. \u015eirket organizasyon ve m\u00fczik alan\u0131nda faaliyet g\u00f6stermektedir.\u201d<\/p>\n\n\n\n<p class=\"wp-block-paragraph\">ifadelerini kulland\u0131.<\/p>\n\n\n\n<p class=\"wp-block-paragraph\">Bunun d\u0131\u015f\u0131nda sahibi, orta\u011f\u0131 veya y\u00f6neticisi oldu\u011fu ba\u015fka bir \u015firket bulunmad\u0131\u011f\u0131n\u0131 belirtti.<\/p>\n\n\n\n<h2 class=\"wp-block-heading\">Asistan\u0131n\u0131n Hesaplar\u0131n\u0131 Kendisinin Y\u00f6netti\u011fini S\u00f6yledi<\/h2>\n\n\n\n<p class=\"wp-block-paragraph\">Savc\u0131l\u0131k taraf\u0131ndan banka hesaplar\u0131 ve mali i\u015flemleriyle ilgili y\u00f6neltilen sorulara da cevap veren Haluk Levent, asistan\u0131 Yeliz Kaya ad\u0131na kay\u0131tl\u0131 Vak\u0131fbank ve Halkbank hesaplar\u0131n\u0131 kendisinin y\u00f6netti\u011fini ifade etti.<\/p>\n\n\n\n<p class=\"wp-block-paragraph\">Levent, konser gelirlerinin bu hesaplara yat\u0131r\u0131ld\u0131\u011f\u0131n\u0131 ve hesaplardaki paralar\u0131 kendisinin kulland\u0131\u011f\u0131n\u0131 belirtti.<\/p>\n\n\n\n<p class=\"wp-block-paragraph\">Ayr\u0131ca Zafer Yay ad\u0131na kay\u0131tl\u0131 baz\u0131 borsa hesaplar\u0131nda da i\u015flem yapt\u0131\u011f\u0131n\u0131 s\u00f6yledi.<\/p>\n\n\n\n<p class=\"wp-block-paragraph\">Kendi ad\u0131na kay\u0131tl\u0131 kredi kart\u0131 bulunmad\u0131\u011f\u0131n\u0131 belirten Levent, ge\u00e7mi\u015fte Halkbank\u2019a ait bir kredi kart\u0131 kulland\u0131\u011f\u0131n\u0131 ancak kart\u0131n \u015fu an kapal\u0131 oldu\u011funu ifade etti.<\/p>\n\n\n\n<h2 class=\"wp-block-heading\">Ahbap Derne\u011fi ve Senet A\u00e7\u0131klamas\u0131<\/h2>\n\n\n\n<p class=\"wp-block-paragraph\">Ahbap Derne\u011fi\u2019nin kurucusu ve ba\u015fkan\u0131 oldu\u011funu belirten Haluk Levent, dernek \u00e7al\u0131\u015fanlar\u0131 ad\u0131na herhangi bir \u00e7ek d\u00fczenlenmedi\u011fini s\u00f6yledi.<\/p>\n\n\n\n<p class=\"wp-block-paragraph\">Buna kar\u015f\u0131n baz\u0131 kurulu\u015flara 2026 y\u0131l\u0131nda ger\u00e7ekle\u015ftirilen m\u00fclk al\u0131mlar\u0131 kapsam\u0131nda senet verildi\u011fini belirten Levent, s\u00f6z konusu i\u015flemlerin ayr\u0131nt\u0131lar\u0131n\u0131 mahkemede a\u00e7\u0131klayaca\u011f\u0131n\u0131 ifade etti.<\/p>\n\n\n\n<h2 class=\"wp-block-heading\">Deprem D\u00f6neminde Toplanan Ba\u011f\u0131\u015f Miktar\u0131n\u0131 A\u00e7\u0131klad\u0131<\/h2>\n\n\n\n<p class=\"wp-block-paragraph\">Savc\u0131l\u0131k ifadesinde Ahbap Derne\u011fi\u2019nin deprem d\u00f6neminde toplad\u0131\u011f\u0131 ba\u011f\u0131\u015flar da g\u00fcndeme geldi.<\/p>\n\n\n\n<p class=\"wp-block-paragraph\">Haluk Levent, 6 \u015eubat 2023 Kahramanmara\u015f merkezli depremler sonras\u0131nda Ahbap Derne\u011fi hesaplar\u0131na yurt i\u00e7i ve yurt d\u0131\u015f\u0131ndan yakla\u015f\u0131k 4 milyar 300 milyon lira ba\u011f\u0131\u015f geldi\u011fini belirtti.<\/p>\n\n\n\n<p class=\"wp-block-paragraph\">Levent, s\u00f6z konusu ba\u011f\u0131\u015flar\u0131n b\u00fcy\u00fck b\u00f6l\u00fcm\u00fcn\u00fcn deprem b\u00f6lgesinde ger\u00e7ekle\u015ftirilen yard\u0131m faaliyetlerinde kullan\u0131ld\u0131\u011f\u0131n\u0131 savundu.<\/p>\n\n\n\n<p class=\"wp-block-paragraph\">Soru\u015fturma kapsam\u0131nda savc\u0131l\u0131k ve mali su\u00e7larla m\u00fccadele ekiplerinin, para hareketleri, \u015firket ili\u015fkileri, ta\u015f\u0131nmaz i\u015flemleri ve ba\u011f\u0131\u015f hesaplar\u0131na ili\u015fkin incelemelerinin s\u00fcrd\u00fc\u011f\u00fc \u00f6\u011frenildi.<\/p>\n\n\n\n<hr class=\"wp-block-separator has-alpha-channel-opacity\"\/>\n\n\n\n<p class=\"wp-block-paragraph\">&#x1f449; T\u00fcrkiye g\u00fcndeminden en g\u00fcncel haberler i\u00e7in;<\/p>\n\n\n\n<p class=\"wp-block-paragraph\">&#x1f310; gundem59.com.tr<\/p>\n\n\n\n<p class=\"wp-block-paragraph\">&#x1f310; turkiyemhaber.com<\/p>\n\n\n\n<p class=\"wp-block-paragraph\">&#x1f310; gundem44.com.tr<\/p>\n\n\n\n<p class=\"wp-block-paragraph\">&#x1f310; gundem34haber.com.tr<\/p>\n\n\n\n<p class=\"wp-block-paragraph\">&#x1f310; saray59.com.tr<\/p>\n\n\n\n<p class=\"wp-block-paragraph\">&#x1f4fa; turkiyemhabertv.com<\/p>\n\n\n\n<p class=\"wp-block-paragraph\">&#x1f4fb; turkiyemradyo.com<\/p>\n\n\n\n<p class=\"wp-block-paragraph\">&#x1f4f1; @gundem59__<\/p>\n\n\n\n<p class=\"wp-block-paragraph\">&#x1f4f1; @turkiyemhaber_tr<\/p>\n\n\n\n<p class=\"wp-block-paragraph\">#SonDakika #HalukLevent #Ahbap #AHBAPDerne\u011fi #\u0130stanbulCumhuriyetBa\u015fsavc\u0131l\u0131\u011f\u0131 #MASAK #Soru\u015fturma #G\u00f6zalt\u0131 #YelizKaya #ZaferYay #BankaHesab\u0131 #ParaTransferi #Doland\u0131r\u0131c\u0131l\u0131k #DepremYard\u0131mlar\u0131 #Adliye #Mahkeme #G\u00fcndem #T\u00fcrkiye #G\u00fcncelHaber #Gundem59 #TurkiyemHaber #Gundem44 #Gundem34Haber #Saray59 #TurkiyemHaberTV #TurkiyemRadyo<\/p>\n","protected":false},"excerpt":{"rendered":"<p>\u0130stanbul Cumhuriyet Ba\u015fsavc\u0131l\u0131\u011f\u0131 taraf\u0131ndan Ahbap Derne\u011fi\u2019ne y\u00f6nelik y\u00fcr\u00fct\u00fclen soru\u015fturma kapsam\u0131nda g\u00f6zalt\u0131na al\u0131nan ve bug\u00fcn 22<\/p>\n","protected":false},"author":1,"featured_media":3935,"comment_status":"open","ping_status":"open","sticky":false,"template":"","format":"standard","meta":{"_rtcl_gb_attr":"","footnotes":""},"categories":[1],"tags":[],"class_list":["post-3934","post","type-post","status-publish","format-standard","has-post-thumbnail","hentry","category-http-turkiyemhaber-com-wp-content-uploads-2026-03-saray-59-haber-13-mart-pdf"],"_links":{"self":[{"href":"https:\/\/turkiyemhaber.com\/index.php?rest_route=\/wp\/v2\/posts\/3934","targetHints":{"allow":["GET"]}}],"collection":[{"href":"https:\/\/turkiyemhaber.com\/index.php?rest_route=\/wp\/v2\/posts"}],"about":[{"href":"https:\/\/turkiyemhaber.com\/index.php?rest_route=\/wp\/v2\/types\/post"}],"author":[{"embeddable":true,"href":"https:\/\/turkiyemhaber.com\/index.php?rest_route=\/wp\/v2\/users\/1"}],"replies":[{"embeddable":true,"href":"https:\/\/turkiyemhaber.com\/index.php?rest_route=%2Fwp%2Fv2%2Fcomments&post=3934"}],"version-history":[{"count":1,"href":"https:\/\/turkiyemhaber.com\/index.php?rest_route=\/wp\/v2\/posts\/3934\/revisions"}],"predecessor-version":[{"id":3937,"href":"https:\/\/turkiyemhaber.com\/index.php?rest_route=\/wp\/v2\/posts\/3934\/revisions\/3937"}],"wp:featuredmedia":[{"embeddable":true,"href":"https:\/\/turkiyemhaber.com\/index.php?rest_route=\/wp\/v2\/media\/3935"}],"wp:attachment":[{"href":"https:\/\/turkiyemhaber.com\/index.php?rest_route=%2Fwp%2Fv2%2Fmedia&parent=3934"}],"wp:term":[{"taxonomy":"category","embeddable":true,"href":"https:\/\/turkiyemhaber.com\/index.php?rest_route=%2Fwp%2Fv2%2Fcategories&post=3934"},{"taxonomy":"post_tag","embeddable":true,"href":"https:\/\/turkiyemhaber.com\/index.php?rest_route=%2Fwp%2Fv2%2Ftags&post=3934"}],"curies":[{"name":"wp","href":"https:\/\/api.w.org\/{rel}","templated":true}]}}