{"id":3931,"date":"2026-07-15T14:35:20","date_gmt":"2026-07-15T14:35:20","guid":{"rendered":"https:\/\/turkiyemhaber.com\/?p=3931"},"modified":"2026-07-15T14:35:26","modified_gmt":"2026-07-15T14:35:26","slug":"ozgur-ozelden-yeni-parti-icin-ilk-kez-tarih-temmuz-sonu-agustos-basi-isaret-edildi","status":"publish","type":"post","link":"https:\/\/turkiyemhaber.com\/?p=3931","title":{"rendered":"\u00d6zg\u00fcr \u00d6zel&#8217;den Yeni Parti \u0130\u00e7in \u0130lk Kez Tarih: Temmuz Sonu-A\u011fustos Ba\u015f\u0131 \u0130\u015faret Edildi"},"content":{"rendered":"\n<p class=\"wp-block-paragraph\">CHP&#8217;de &#8220;mutlak butlan&#8221; karar\u0131n\u0131n ard\u0131ndan ya\u015fanan siyasi kriz derinle\u015firken, CHP Grup Ba\u015fkan\u0131 \u00d6zg\u00fcr \u00d6zel&#8217;den dikkat \u00e7eken yeni parti a\u00e7\u0131klamas\u0131 geldi. Parti i\u00e7indeki hukuki s\u00fcre\u00e7lerin devam etti\u011fini belirten \u00d6zel, olas\u0131 erken se\u00e7im ve siyasi geli\u015fmelere kar\u015f\u0131 haz\u0131rl\u0131klar\u0131n s\u00fcrd\u00fc\u011f\u00fcn\u00fc ifade ederek yeni olu\u015fum i\u00e7in ilk kez net bir takvim verdi.<\/p>\n\n\n\n<h2 class=\"wp-block-heading\">&#8220;Temmuz Sonu, A\u011fustos Ba\u015f\u0131nda Resmi Ad\u0131m At\u0131labilir&#8221;<\/h2>\n\n\n\n<p class=\"wp-block-paragraph\">Kat\u0131ld\u0131\u011f\u0131 programda konu\u015fan \u00d6zg\u00fcr \u00d6zel, bir yandan mevcut CHP y\u00f6netimine kar\u015f\u0131 hukuki m\u00fccadelelerini s\u00fcrd\u00fcrd\u00fcklerini, di\u011fer yandan ise her t\u00fcrl\u00fc siyasi senaryoya haz\u0131rl\u0131kl\u0131 olmak amac\u0131yla yeni parti \u00e7al\u0131\u015fmalar\u0131n\u0131 y\u00fcr\u00fctt\u00fcklerini s\u00f6yledi.<\/p>\n\n\n\n<p class=\"wp-block-paragraph\">\u00d6zel, &#8220;Bir grup arkada\u015f\u0131m\u0131z yeni parti kurulumu \u00fczerinde \u00e7al\u0131\u015f\u0131yor. Bir grup arkada\u015f\u0131m\u0131z da mevcut bir siyasi partinin haz\u0131r tutulmas\u0131 konusunda g\u00f6r\u00fc\u015fmeler yap\u0131yor. Bask\u0131n se\u00e7im olursa se\u00e7ime girmek i\u00e7in haz\u0131rda bir parti olmas\u0131 gerekiyor. T\u00fcz\u00fck yaz\u0131l\u0131yor, program haz\u0131rlan\u0131yor, kurucular kurulu \u015fekilleniyor. Temmuz ay\u0131n\u0131n sonu ile a\u011fustos ay\u0131n\u0131n ba\u015f\u0131nda resmi ad\u0131m at\u0131labilir&#8221; ifadelerini kulland\u0131.<\/p>\n\n\n\n<h2 class=\"wp-block-heading\">&#8220;Kemal Bey&#8217;e Oy Veren Delegeler Bile \u0130mza Verdi&#8221;<\/h2>\n\n\n\n<p class=\"wp-block-paragraph\">CHP i\u00e7erisindeki kurultay tart\u0131\u015fmalar\u0131na da de\u011finen \u00d6zel, delegelerin b\u00fcy\u00fck b\u00f6l\u00fcm\u00fcn\u00fcn yeniden kurultay yap\u0131lmas\u0131n\u0131 istedi\u011fini belirterek \u015funlar\u0131 s\u00f6yledi:<\/p>\n\n\n\n<p class=\"wp-block-paragraph\">&#8220;Son se\u00e7imde Kemal Bey&#8217;e oy veren 600&#8217;\u00fc a\u015fk\u0131n delegeden yakla\u015f\u0131k 500&#8217;\u00fc bile &#8216;Kurultay\u0131 yap\u0131n&#8217; diyerek imza verdi. Biz bu imzalar\u0131 teslim ettik ancak buna ra\u011fmen kurultay yap\u0131lmad\u0131. Bunun mahkeme ve Yarg\u0131tay s\u00fcre\u00e7leri devam ediyor.&#8221;<\/p>\n\n\n\n<h2 class=\"wp-block-heading\">Bask\u0131n Se\u00e7im Senaryosuna Kar\u015f\u0131 Haz\u0131rl\u0131k<\/h2>\n\n\n\n<p class=\"wp-block-paragraph\">\u00d6zel, siyasi g\u00fcndemde zaman zaman konu\u015fulan erken se\u00e7im ihtimaline kar\u015f\u0131 t\u00fcm se\u00e7enekleri de\u011ferlendirdiklerini belirterek, se\u00e7im karar\u0131 al\u0131nmas\u0131 halinde hukuki engeller nedeniyle ma\u011fduriyet ya\u015fanmamas\u0131 i\u00e7in alternatif planlar\u0131n haz\u0131rland\u0131\u011f\u0131n\u0131 dile getirdi.<\/p>\n\n\n\n<p class=\"wp-block-paragraph\">Yeni olu\u015fumun yaln\u0131zca parti i\u00e7i bir tepki hareketi olmad\u0131\u011f\u0131n\u0131 vurgulayan \u00d6zel, kapsaml\u0131 bir siyasi program ve te\u015fkilatlanma \u00e7al\u0131\u015fmas\u0131n\u0131n s\u00fcrd\u00fc\u011f\u00fcn\u00fc ifade etti.<\/p>\n\n\n\n<h2 class=\"wp-block-heading\">Yeni Partinin \u0130smi Merak Konusu<\/h2>\n\n\n\n<p class=\"wp-block-paragraph\">Siyaset kulislerinde yeni partinin ad\u0131yla ilgili \u00e7ok say\u0131da iddia g\u00fcndeme gelirken, \u00d6zg\u00fcr \u00d6zel isim konusunda hen\u00fcz resmi bir a\u00e7\u0131klama yapmad\u0131.<\/p>\n\n\n\n<p class=\"wp-block-paragraph\">Partinin ad\u0131 ve logosu \u00fczerinde \u00e7al\u0131\u015fmalar\u0131n s\u00fcrd\u00fc\u011f\u00fcn\u00fc belirten \u00d6zel, &#8220;Bir\u00e7ok isim konu\u015fuluyor. Genel kabul g\u00f6ren bir isim ortaya \u00e7\u0131kmaya ba\u015flad\u0131. Logo \u00e7al\u0131\u015fmalar\u0131 da devam ediyor. \u015eimdilik &#8216;yeni parti&#8217; diyelim&#8221; ifadelerini kulland\u0131.<\/p>\n\n\n\n<p class=\"wp-block-paragraph\">CHP&#8217;de ya\u015fanan geli\u015fmeler ve yeni parti haz\u0131rl\u0131klar\u0131 \u00f6n\u00fcm\u00fczdeki g\u00fcnlerde T\u00fcrk siyasetinin en \u00f6nemli g\u00fcndem ba\u015fl\u0131klar\u0131ndan biri olmaya devam edecek gibi g\u00f6r\u00fcn\u00fcyor.<\/p>\n\n\n\n<p class=\"wp-block-paragraph\">&#x1f449; T\u00fcrkiye g\u00fcndeminden en g\u00fcncel haberler i\u00e7in;<\/p>\n\n\n\n<p class=\"wp-block-paragraph\">&#x1f310; <a href=\"https:\/\/www.gundem59.com.tr\/?utm_source=chatgpt.com\">G\u00fcndem59<\/a><\/p>\n\n\n\n<p class=\"wp-block-paragraph\">&#x1f310; <a href=\"https:\/\/www.turkiyemhaber.com\/?utm_source=chatgpt.com\">T\u00fcrkiyem Haber<\/a><\/p>\n\n\n\n<p class=\"wp-block-paragraph\">&#x1f310; <a href=\"https:\/\/www.gundem44.com.tr\/?utm_source=chatgpt.com\">G\u00fcndem44<\/a><\/p>\n\n\n\n<p class=\"wp-block-paragraph\">&#x1f310; <a href=\"https:\/\/www.gundem34haber.com.tr\/?utm_source=chatgpt.com\">G\u00fcndem34 Haber<\/a><\/p>\n\n\n\n<p class=\"wp-block-paragraph\">&#x1f310; <a href=\"https:\/\/www.saray59.com.tr\/?utm_source=chatgpt.com\">Saray59<\/a><\/p>\n\n\n\n<p class=\"wp-block-paragraph\">&#x1f4fa; <a href=\"https:\/\/www.turkiyemhabertv.com\/?utm_source=chatgpt.com\">T\u00fcrkiyem Haber TV<\/a><\/p>\n\n\n\n<p class=\"wp-block-paragraph\">&#x1f4fb; <a href=\"https:\/\/www.turkiyemradyo.com\/?utm_source=chatgpt.com\">T\u00fcrkiyem Radyo<\/a><\/p>\n\n\n\n<p class=\"wp-block-paragraph\">&#x1f4f1; @gundem59__<\/p>\n\n\n\n<p class=\"wp-block-paragraph\">&#x1f4f1; @turkiyemhaber_tr<\/p>\n\n\n\n<p class=\"wp-block-paragraph\">#SonDakika #CHP #\u00d6zg\u00fcr\u00d6zel #YeniParti #MutlakButlan #Kurultay #KemalK\u0131l\u0131\u00e7daro\u011flu #Siyaset #Politika #ErkenSe\u00e7im #Bask\u0131nSe\u00e7im #T\u00fcrkiye #G\u00fcndem #G\u00fcncelHaber #Gundem59 #TurkiyemHaber #Gundem44 #Gundem34Haber #Saray59 #TurkiyemHaberTV #TurkiyemRadyo<\/p>\n","protected":false},"excerpt":{"rendered":"<p>CHP&#8217;de &#8220;mutlak butlan&#8221; karar\u0131n\u0131n ard\u0131ndan ya\u015fanan siyasi kriz derinle\u015firken, CHP Grup Ba\u015fkan\u0131 \u00d6zg\u00fcr \u00d6zel&#8217;den dikkat<\/p>\n","protected":false},"author":1,"featured_media":3932,"comment_status":"open","ping_status":"open","sticky":false,"template":"","format":"standard","meta":{"_rtcl_gb_attr":"","footnotes":""},"categories":[44],"tags":[],"class_list":["post-3931","post","type-post","status-publish","format-standard","has-post-thumbnail","hentry","category-politika"],"_links":{"self":[{"href":"https:\/\/turkiyemhaber.com\/index.php?rest_route=\/wp\/v2\/posts\/3931","targetHints":{"allow":["GET"]}}],"collection":[{"href":"https:\/\/turkiyemhaber.com\/index.php?rest_route=\/wp\/v2\/posts"}],"about":[{"href":"https:\/\/turkiyemhaber.com\/index.php?rest_route=\/wp\/v2\/types\/post"}],"author":[{"embeddable":true,"href":"https:\/\/turkiyemhaber.com\/index.php?rest_route=\/wp\/v2\/users\/1"}],"replies":[{"embeddable":true,"href":"https:\/\/turkiyemhaber.com\/index.php?rest_route=%2Fwp%2Fv2%2Fcomments&post=3931"}],"version-history":[{"count":1,"href":"https:\/\/turkiyemhaber.com\/index.php?rest_route=\/wp\/v2\/posts\/3931\/revisions"}],"predecessor-version":[{"id":3933,"href":"https:\/\/turkiyemhaber.com\/index.php?rest_route=\/wp\/v2\/posts\/3931\/revisions\/3933"}],"wp:featuredmedia":[{"embeddable":true,"href":"https:\/\/turkiyemhaber.com\/index.php?rest_route=\/wp\/v2\/media\/3932"}],"wp:attachment":[{"href":"https:\/\/turkiyemhaber.com\/index.php?rest_route=%2Fwp%2Fv2%2Fmedia&parent=3931"}],"wp:term":[{"taxonomy":"category","embeddable":true,"href":"https:\/\/turkiyemhaber.com\/index.php?rest_route=%2Fwp%2Fv2%2Fcategories&post=3931"},{"taxonomy":"post_tag","embeddable":true,"href":"https:\/\/turkiyemhaber.com\/index.php?rest_route=%2Fwp%2Fv2%2Ftags&post=3931"}],"curies":[{"name":"wp","href":"https:\/\/api.w.org\/{rel}","templated":true}]}}