{"id":3927,"date":"2026-07-15T14:30:33","date_gmt":"2026-07-15T14:30:33","guid":{"rendered":"https:\/\/turkiyemhaber.com\/?p=3927"},"modified":"2026-07-15T14:30:40","modified_gmt":"2026-07-15T14:30:40","slug":"bakan-gurlekin-esine-yonelik-suikast-planinda-sok-detaylar-ifadeler-ortaya-cikti","status":"publish","type":"post","link":"https:\/\/turkiyemhaber.com\/?p=3927","title":{"rendered":"Bakan G\u00fcrlek\u2019in E\u015fine Y\u00f6nelik Suikast Plan\u0131nda \u015eok Detaylar: \u0130fadeler Ortaya \u00c7\u0131kt\u0131"},"content":{"rendered":"\n<p class=\"wp-block-paragraph\">Adalet Bakan\u0131 Ak\u0131n G\u00fcrlek\u2019in e\u015fi Elif G\u00fcl\u015fah G\u00fcrlek\u2019e y\u00f6nelik sald\u0131r\u0131 haz\u0131rl\u0131\u011f\u0131nda bulunduklar\u0131 iddias\u0131yla tutuklanan \u015f\u00fcphelilerin ifadeleri ortaya \u00e7\u0131kt\u0131. Bak\u0131rk\u00f6y Cumhuriyet Ba\u015fsavc\u0131l\u0131\u011f\u0131 taraf\u0131ndan y\u00fcr\u00fct\u00fclen soru\u015fturmada, plan\u0131n detaylar\u0131 kadar olay\u0131n ortaya \u00e7\u0131k\u0131\u015f \u015fekli de dikkat \u00e7ekti. Skandal giri\u015fim, bir vatanda\u015f\u0131n C\u0130MER\u2019e yapt\u0131\u011f\u0131 ihbar sayesinde de\u015fifre edildi.<\/p>\n\n\n\n<h2 class=\"wp-block-heading\">C\u0130MER \u0130hbar\u0131 Soru\u015fturman\u0131n Fitilini Ate\u015fledi<\/h2>\n\n\n\n<p class=\"wp-block-paragraph\">Soru\u015fturma dosyas\u0131na g\u00f6re, G\u00fcng\u00f6ren\u2019de bir i\u015f yerinde bulunan vatanda\u015f, d\u00f6rt ki\u015finin kendi aralar\u0131nda yapt\u0131\u011f\u0131 konu\u015fmalara \u015fahit oldu. Konu\u015fmalarda s\u0131k s\u0131k Elif G\u00fcl\u015fah G\u00fcrlek isminin ge\u00e7mesi \u00fczerine durumdan \u015f\u00fcphelenen vatanda\u015f, ara\u015ft\u0131rma yapt\u0131ktan sonra s\u00f6z konusu ki\u015finin Adalet Bakan\u0131 Ak\u0131n G\u00fcrlek\u2019in e\u015fi oldu\u011funu \u00f6\u011frendi.<\/p>\n\n\n\n<p class=\"wp-block-paragraph\">Bunun \u00fczerine Cumhurba\u015fkanl\u0131\u011f\u0131 \u0130leti\u015fim Merkezi\u2019ne (C\u0130MER) ihbarda bulunan vatanda\u015f, \u015fah\u0131slar\u0131n su\u00e7 ge\u00e7mi\u015fi bulunan ki\u015filer oldu\u011funu ve yurt d\u0131\u015f\u0131na \u00e7\u0131k\u0131\u015f planlar\u0131 yapt\u0131klar\u0131n\u0131 belirtti.<\/p>\n\n\n\n<h2 class=\"wp-block-heading\">\u0130ki \u015e\u00fcpheli Tutukland\u0131<\/h2>\n\n\n\n<p class=\"wp-block-paragraph\">Bak\u0131rk\u00f6y Cumhuriyet Ba\u015fsavc\u0131l\u0131\u011f\u0131 taraf\u0131ndan y\u00fcr\u00fct\u00fclen soru\u015fturma kapsam\u0131nda U\u011fur Y\u0131lmaz ve Yavuz Canba\u015f\u0131 g\u00f6zalt\u0131na al\u0131nd\u0131. Hakim kar\u015f\u0131s\u0131na \u00e7\u0131kar\u0131lan iki \u015f\u00fcpheli tutuklanarak cezaevine g\u00f6nderildi.<\/p>\n\n\n\n<p class=\"wp-block-paragraph\">Soru\u015fturma kapsam\u0131nda yap\u0131lan \u00e7al\u0131\u015fmalarda \u015f\u00fcphelilerin hedefe y\u00f6nelik ke\u015fif yapt\u0131\u011f\u0131, adres ve g\u00fczerg\u00e2h bilgileri toplad\u0131\u011f\u0131 tespit edildi.<\/p>\n\n\n\n<h2 class=\"wp-block-heading\">Operasyonlarda Silah ve Milyonlarca Lira Ele Ge\u00e7irildi<\/h2>\n\n\n\n<p class=\"wp-block-paragraph\">\u015e\u00fcphelilere y\u00f6nelik operasyonlarda \u00e7ok say\u0131da ruhsats\u0131z silah ele ge\u00e7irilirken, yap\u0131lan aramalarda toplam 3 milyon 206 bin lira nakit para bulundu.<\/p>\n\n\n\n<p class=\"wp-block-paragraph\">Soru\u015fturma dosyas\u0131na giren bilgilerde, \u015f\u00fcphelilerin eylem \u00f6ncesinde haz\u0131rl\u0131k yapt\u0131klar\u0131 ve \u00e7e\u015fitli organizasyonlar i\u00e7erisinde yer ald\u0131klar\u0131 de\u011ferlendirildi.<\/p>\n\n\n\n<h2 class=\"wp-block-heading\">&#8220;\u0130\u015f Bittikten Sonra 1,5 Milyon Lira Verece\u011fim&#8221;<\/h2>\n\n\n\n<p class=\"wp-block-paragraph\">Soru\u015fturman\u0131n en dikkat \u00e7ekici b\u00f6l\u00fcmlerinden biri ise ihbarc\u0131n\u0131n ifadeleri oldu.<\/p>\n\n\n\n<p class=\"wp-block-paragraph\">Canl\u0131 te\u015fhis i\u015flemi s\u0131ras\u0131nda ihbarc\u0131, Yavuz Canba\u015f\u0131\u2019n\u0131n telefon \u00fczerinden g\u00f6r\u00fcnt\u00fcl\u00fc g\u00f6r\u00fc\u015ft\u00fc\u011f\u00fc ki\u015finin U\u011fur Y\u0131lmaz oldu\u011funu belirtti.<\/p>\n\n\n\n<p class=\"wp-block-paragraph\">\u0130hbarc\u0131 ifadesinde \u015fu iddiay\u0131 dile getirdi:<\/p>\n\n\n\n<blockquote class=\"wp-block-quote is-layout-flow wp-block-quote-is-layout-flow\">\n<p class=\"wp-block-paragraph\">&#8220;Yavuz isimli \u015fah\u0131s, Elif G\u00fcl\u015fah G\u00fcrlek&#8217;e y\u00f6nelik d\u00fczenlenecek sald\u0131r\u0131yla ilgili U\u011fur\u2019dan 250 bin TL talep etti. U\u011fur ise &#8216;\u0130\u015f bittikten sonra 1 milyon 500 bin TL verece\u011fim. Para haz\u0131r bende&#8217; dedi.&#8221;<\/p>\n<\/blockquote>\n\n\n\n<p class=\"wp-block-paragraph\">Bu ifadeler soru\u015fturman\u0131n en \u00f6nemli delilleri aras\u0131nda yer ald\u0131.<\/p>\n\n\n\n<h2 class=\"wp-block-heading\">U\u011fur Y\u0131lmaz Su\u00e7lamalar\u0131 Reddetti<\/h2>\n\n\n\n<p class=\"wp-block-paragraph\">Tutuklanan \u015f\u00fcpheli U\u011fur Y\u0131lmaz, emniyette verdi\u011fi ifadede hakk\u0131ndaki su\u00e7lamalar\u0131 kabul etmedi.<\/p>\n\n\n\n<p class=\"wp-block-paragraph\">Y\u0131lmaz ifadesinde:<\/p>\n\n\n\n<blockquote class=\"wp-block-quote is-layout-flow wp-block-quote-is-layout-flow\">\n<p class=\"wp-block-paragraph\">&#8220;Elif G\u00fcl\u015fah G\u00fcrlek\u2019e y\u00f6nelik suikast giri\u015fimi benzeri bir olay ger\u00e7ekle\u015ftirilmek isteniyor olabilir ancak benim bu olaylarla hi\u00e7bir alakam yoktur. B\u00f6yle bir haz\u0131rl\u0131k i\u00e7erisinde bulunmad\u0131m.&#8221;<\/p>\n<\/blockquote>\n\n\n\n<p class=\"wp-block-paragraph\">dedi.<\/p>\n\n\n\n<p class=\"wp-block-paragraph\">\u0130hbarc\u0131 taraf\u0131ndan te\u015fhis edilmesiyle ilgili olarak ise \u00e7evresinde kendisine zarar vermek isteyen ki\u015filer bulundu\u011funu \u00f6ne s\u00fcrd\u00fc.<\/p>\n\n\n\n<h2 class=\"wp-block-heading\">Evde Bulunan Para Dikkat \u00c7ekti<\/h2>\n\n\n\n<p class=\"wp-block-paragraph\">Soru\u015fturma dosyas\u0131na g\u00f6re U\u011fur Y\u0131lmaz\u2019\u0131n evinde yap\u0131lan aramalarda 1 milyon 748 bin lira nakit para ele ge\u00e7irildi.<\/p>\n\n\n\n<p class=\"wp-block-paragraph\">Y\u0131lmaz, bu paran\u0131n arac\u0131n\u0131 satmas\u0131ndan kaynakland\u0131\u011f\u0131n\u0131 savunurken, soru\u015fturma makamlar\u0131 para miktar\u0131 ile ihbarc\u0131n\u0131n anlatt\u0131\u011f\u0131 rakamlar aras\u0131ndaki benzerli\u011fi de incelemeye ald\u0131.<\/p>\n\n\n\n<h2 class=\"wp-block-heading\">Telefon \u015eifresini Vermedi<\/h2>\n\n\n\n<p class=\"wp-block-paragraph\">Soru\u015fturma kapsam\u0131nda incelenmek istenen cep telefonunun \u015fifresini payla\u015fmayan U\u011fur Y\u0131lmaz, cihazda kendisine ve k\u0131z arkada\u015f\u0131na ait \u00f6zel g\u00f6r\u00fcnt\u00fcler bulundu\u011funu gerek\u00e7e g\u00f6sterdi.<\/p>\n\n\n\n<p class=\"wp-block-paragraph\">Bu durum da soru\u015fturma dosyas\u0131nda ayr\u0131ca yer ald\u0131.<\/p>\n\n\n\n<h2 class=\"wp-block-heading\">Yavuz Canba\u015f\u0131 da \u0130ddialar\u0131 Kabul Etmedi<\/h2>\n\n\n\n<p class=\"wp-block-paragraph\">Di\u011fer tutuklu \u015f\u00fcpheli Yavuz Canba\u015f\u0131 ise sald\u0131r\u0131 kar\u015f\u0131l\u0131\u011f\u0131nda 250 bin lira talep etti\u011fi ve eylem sonras\u0131nda 1 milyon 500 bin lira \u00f6deme yap\u0131laca\u011f\u0131n\u0131n konu\u015fuldu\u011fu y\u00f6n\u00fcndeki iddialar\u0131 reddetti.<\/p>\n\n\n\n<p class=\"wp-block-paragraph\">Canba\u015f\u0131 ifadesinde:<\/p>\n\n\n\n<blockquote class=\"wp-block-quote is-layout-flow wp-block-quote-is-layout-flow\">\n<p class=\"wp-block-paragraph\">&#8220;\u0130hbarc\u0131 \u015fah\u0131s, abimle ya\u015fad\u0131\u011f\u0131 tart\u0131\u015fma nedeniyle hakk\u0131mda as\u0131ls\u0131z beyanda bulunmu\u015ftur. Te\u015fhise de bunu desteklemek amac\u0131yla kat\u0131lm\u0131\u015ft\u0131r.&#8221;<\/p>\n<\/blockquote>\n\n\n\n<p class=\"wp-block-paragraph\">ifadelerini kulland\u0131.<\/p>\n\n\n\n<h2 class=\"wp-block-heading\">Gen\u00e7leri Su\u00e7 \u00d6rg\u00fctlerine Kazand\u0131rd\u0131klar\u0131 \u0130ddias\u0131<\/h2>\n\n\n\n<p class=\"wp-block-paragraph\">Soru\u015fturma kapsam\u0131nda y\u00fcr\u00fct\u00fclen fiziki ve teknik takip \u00e7al\u0131\u015fmalar\u0131 sonucunda, U\u011fur Y\u0131lmaz ve Yavuz Canba\u015f\u0131&#8217;n\u0131n yurt i\u00e7i ve yurt d\u0131\u015f\u0131 ba\u011flant\u0131l\u0131 organize su\u00e7 \u00f6rg\u00fctlerine 18-25 ya\u015f aral\u0131\u011f\u0131ndaki gen\u00e7leri y\u00f6nlendirdikleri iddias\u0131 da dosyaya girdi.<\/p>\n\n\n\n<p class=\"wp-block-paragraph\">G\u00fcvenlik birimlerinin tespitlerine g\u00f6re bu ki\u015filerin temin etti\u011fi gen\u00e7lerin \u00e7e\u015fitli silahl\u0131 sald\u0131r\u0131 ve kur\u015funlama olaylar\u0131nda kullan\u0131ld\u0131\u011f\u0131 de\u011ferlendiriliyor.<\/p>\n\n\n\n<h2 class=\"wp-block-heading\">Soru\u015fturma \u00c7ok Y\u00f6nl\u00fc S\u00fcr\u00fcyor<\/h2>\n\n\n\n<p class=\"wp-block-paragraph\">Bak\u0131rk\u00f6y Cumhuriyet Ba\u015fsavc\u0131l\u0131\u011f\u0131 taraf\u0131ndan y\u00fcr\u00fct\u00fclen soru\u015fturmada ele ge\u00e7irilen para, silahlar, telefon kay\u0131tlar\u0131 ve ihbarc\u0131n\u0131n ifadeleri detayl\u0131 \u015fekilde incelenmeye devam ediyor.<\/p>\n\n\n\n<p class=\"wp-block-paragraph\">Adalet Bakan\u0131 Ak\u0131n G\u00fcrlek\u2019in e\u015fine y\u00f6nelik planland\u0131\u011f\u0131 \u00f6ne s\u00fcr\u00fclen sald\u0131r\u0131 giri\u015fimine ili\u015fkin soru\u015fturman\u0131n \u00f6n\u00fcm\u00fczdeki g\u00fcnlerde yeni g\u00f6zalt\u0131 ve ifadelerle daha da geni\u015fleyebilece\u011fi belirtiliyor.<\/p>\n\n\n\n<p class=\"wp-block-paragraph\">&#x1f449; T\u00fcrkiye g\u00fcndeminden en g\u00fcncel haberler i\u00e7in;<\/p>\n\n\n\n<p class=\"wp-block-paragraph\">&#x1f310; <a href=\"http:\/\/www.gundem59.com.tr\/\">www.gundem59.com.tr<\/a><\/p>\n\n\n\n<p class=\"wp-block-paragraph\">&#x1f310; <a href=\"http:\/\/www.turkiyemhaber.com\/\">www.turkiyemhaber.com<\/a><\/p>\n\n\n\n<p class=\"wp-block-paragraph\">&#x1f310; <a href=\"http:\/\/www.gundem44.com.tr\/\">www.gundem44.com.tr<\/a><\/p>\n\n\n\n<p class=\"wp-block-paragraph\">&#x1f310; <a href=\"http:\/\/www.gundem34haber.com.tr\/\">www.gundem34haber.com.tr<\/a><\/p>\n\n\n\n<p class=\"wp-block-paragraph\">&#x1f310; <a href=\"http:\/\/www.saray59.com.tr\/\">www.saray59.com.tr<\/a><\/p>\n\n\n\n<p class=\"wp-block-paragraph\">&#x1f4fa; <a href=\"http:\/\/www.turkiyemhabertv.com\/\">www.turkiyemhabertv.com<\/a><\/p>\n\n\n\n<p class=\"wp-block-paragraph\">&#x1f4fb; <a href=\"http:\/\/www.turkiyemradyo.com\/\">www.turkiyemradyo.com<\/a><\/p>\n\n\n\n<p class=\"wp-block-paragraph\">&#x1f4f1; @gundem59__<\/p>\n\n\n\n<p class=\"wp-block-paragraph\">&#x1f4f1; @turkiyemhaber_tr<\/p>\n\n\n\n<p class=\"wp-block-paragraph\">#SonDakika #Ak\u0131nG\u00fcrlek #ElifG\u00fcl\u015fahG\u00fcrlek #C\u0130MER #Bak\u0131rk\u00f6yCumhuriyetBa\u015fsavc\u0131l\u0131\u011f\u0131 #Tutuklama #Suikast #Operasyon #U\u011furY\u0131lmaz #YavuzCanba\u015f\u0131 #Adliye #Emniyet #Soru\u015fturma #G\u00fcndem #T\u00fcrkiye #G\u00fcncelHaber #Gundem59 #TurkiyemHaber #Gundem44 #Gundem34Haber #Saray59 #TurkiyemHaberTV #TurkiyemRadyo<\/p>\n","protected":false},"excerpt":{"rendered":"<p>Adalet Bakan\u0131 Ak\u0131n G\u00fcrlek\u2019in e\u015fi Elif G\u00fcl\u015fah G\u00fcrlek\u2019e y\u00f6nelik sald\u0131r\u0131 haz\u0131rl\u0131\u011f\u0131nda bulunduklar\u0131 iddias\u0131yla tutuklanan \u015f\u00fcphelilerin<\/p>\n","protected":false},"author":1,"featured_media":3928,"comment_status":"open","ping_status":"open","sticky":false,"template":"","format":"standard","meta":{"_rtcl_gb_attr":"","footnotes":""},"categories":[1],"tags":[],"class_list":["post-3927","post","type-post","status-publish","format-standard","has-post-thumbnail","hentry","category-http-turkiyemhaber-com-wp-content-uploads-2026-03-saray-59-haber-13-mart-pdf"],"_links":{"self":[{"href":"https:\/\/turkiyemhaber.com\/index.php?rest_route=\/wp\/v2\/posts\/3927","targetHints":{"allow":["GET"]}}],"collection":[{"href":"https:\/\/turkiyemhaber.com\/index.php?rest_route=\/wp\/v2\/posts"}],"about":[{"href":"https:\/\/turkiyemhaber.com\/index.php?rest_route=\/wp\/v2\/types\/post"}],"author":[{"embeddable":true,"href":"https:\/\/turkiyemhaber.com\/index.php?rest_route=\/wp\/v2\/users\/1"}],"replies":[{"embeddable":true,"href":"https:\/\/turkiyemhaber.com\/index.php?rest_route=%2Fwp%2Fv2%2Fcomments&post=3927"}],"version-history":[{"count":1,"href":"https:\/\/turkiyemhaber.com\/index.php?rest_route=\/wp\/v2\/posts\/3927\/revisions"}],"predecessor-version":[{"id":3929,"href":"https:\/\/turkiyemhaber.com\/index.php?rest_route=\/wp\/v2\/posts\/3927\/revisions\/3929"}],"wp:featuredmedia":[{"embeddable":true,"href":"https:\/\/turkiyemhaber.com\/index.php?rest_route=\/wp\/v2\/media\/3928"}],"wp:attachment":[{"href":"https:\/\/turkiyemhaber.com\/index.php?rest_route=%2Fwp%2Fv2%2Fmedia&parent=3927"}],"wp:term":[{"taxonomy":"category","embeddable":true,"href":"https:\/\/turkiyemhaber.com\/index.php?rest_route=%2Fwp%2Fv2%2Fcategories&post=3927"},{"taxonomy":"post_tag","embeddable":true,"href":"https:\/\/turkiyemhaber.com\/index.php?rest_route=%2Fwp%2Fv2%2Ftags&post=3927"}],"curies":[{"name":"wp","href":"https:\/\/api.w.org\/{rel}","templated":true}]}}