{"id":3923,"date":"2026-07-15T14:27:01","date_gmt":"2026-07-15T14:27:01","guid":{"rendered":"https:\/\/turkiyemhaber.com\/?p=3923"},"modified":"2026-07-15T14:27:09","modified_gmt":"2026-07-15T14:27:09","slug":"bomba-iddia-huseyin-basaran-haluk-leventi-dolandirmak-isterken-dolandirildi","status":"publish","type":"post","link":"https:\/\/turkiyemhaber.com\/?p=3923","title":{"rendered":"Bomba \u0130ddia: H\u00fcseyin Ba\u015faran, Haluk Levent&#8217;i Doland\u0131rmak \u0130sterken Doland\u0131r\u0131ld\u0131"},"content":{"rendered":"\n<p class=\"wp-block-paragraph\">Ahbap Derne\u011fi&#8217;ne y\u00f6nelik y\u00fcr\u00fct\u00fclen soru\u015fturmada dikkat \u00e7eken yeni iddialar g\u00fcndeme geldi. Haluk Levent hakk\u0131nda su\u00e7 duyurusunda bulunan i\u015f insan\u0131 H\u00fcseyin Ba\u015faran&#8217;\u0131n, milyonlarca dolarl\u0131k gayrimenkul ticareti \u00fczerinden y\u00fcr\u00fcyen alacak-verecek ili\u015fkisinde san\u0131landan farkl\u0131 bir pozisyonda oldu\u011fu \u00f6ne s\u00fcr\u00fcld\u00fc.<\/p>\n\n\n\n<p class=\"wp-block-paragraph\">\u0130stanbul Cumhuriyet Ba\u015fsavc\u0131l\u0131\u011f\u0131 taraf\u0131ndan Ahbap Derne\u011fi&#8217;ne y\u00f6nelik y\u00fcr\u00fct\u00fclen soru\u015fturma kapsam\u0131nda g\u00f6zalt\u0131na al\u0131nan Haluk Levent&#8217;le ilgili ortaya at\u0131lan yeni iddialar kamuoyunda geni\u015f yank\u0131 uyand\u0131rd\u0131.<\/p>\n\n\n\n<h2 class=\"wp-block-heading\">H\u00fcseyin Ba\u015faran Bu \u0130\u015fin Neresinde?<\/h2>\n\n\n\n<p class=\"wp-block-paragraph\">Soru\u015fturman\u0131n m\u00fc\u015ftekilerinden biri olan Ba\u015faran Holding Y\u00f6netim Kurulu Ba\u015fkan\u0131 H\u00fcseyin Ba\u015faran&#8217;\u0131n, kamuoyuna yans\u0131d\u0131\u011f\u0131 \u015feklin aksine ticaretin do\u011frudan taraflar\u0131ndan biri oldu\u011fu ileri s\u00fcr\u00fcld\u00fc.<\/p>\n\n\n\n<p class=\"wp-block-paragraph\">\u0130ddialara g\u00f6re Ba\u015faran, Ahbap Derne\u011fi \u00fczerinden \u00f6deme yap\u0131laca\u011f\u0131 taahh\u00fcd\u00fcyle elindeki baz\u0131 gayrimenkulleri Haluk Levent&#8217;e ger\u00e7ek piyasa de\u011ferinin olduk\u00e7a \u00fczerinde fiyatlarla ve vadeli olarak satt\u0131.<\/p>\n\n\n\n<h2 class=\"wp-block-heading\">&#8220;Ball\u0131 Ticaret&#8221; \u0130ddias\u0131<\/h2>\n\n\n\n<p class=\"wp-block-paragraph\">Kulislerde konu\u015fulan iddialara g\u00f6re H\u00fcseyin Ba\u015faran, sat\u0131\u015flar\u0131n ard\u0131ndan alacaklar\u0131n\u0131n tahsili i\u00e7in Haluk Levent \u00fczerinde yo\u011fun bask\u0131 kurdu. S\u00fcrecin ilerleyen a\u015famas\u0131nda ya\u015fanan anla\u015fmazl\u0131klar\u0131n ard\u0131ndan ise savc\u0131l\u0131\u011fa ba\u015fvurarak su\u00e7 duyurusunda bulundu.<\/p>\n\n\n\n<p class=\"wp-block-paragraph\">Soru\u015fturmaya yak\u0131n kaynaklar, ya\u015fanan s\u00fcrecin basit bir doland\u0131r\u0131c\u0131l\u0131k dosyas\u0131ndan \u00e7ok ticari bir alacak-verecek anla\u015fmazl\u0131\u011f\u0131 g\u00f6r\u00fcnt\u00fcs\u00fc verdi\u011fini savunuyor.<\/p>\n\n\n\n<figure class=\"wp-block-image size-full\"><img loading=\"lazy\" decoding=\"async\" width=\"640\" height=\"426\" src=\"https:\/\/turkiyemhaber.com\/wp-content\/uploads\/2026\/07\/bomba-iddia-huseyin-basaran-ha-20053588-1577_1_m.webp\" alt=\"\" class=\"wp-image-3925\" srcset=\"https:\/\/turkiyemhaber.com\/wp-content\/uploads\/2026\/07\/bomba-iddia-huseyin-basaran-ha-20053588-1577_1_m.webp 640w, https:\/\/turkiyemhaber.com\/wp-content\/uploads\/2026\/07\/bomba-iddia-huseyin-basaran-ha-20053588-1577_1_m-300x200.webp 300w, https:\/\/turkiyemhaber.com\/wp-content\/uploads\/2026\/07\/bomba-iddia-huseyin-basaran-ha-20053588-1577_1_m-18x12.webp 18w\" sizes=\"auto, (max-width: 640px) 100vw, 640px\" \/><\/figure>\n\n\n\n<h2 class=\"wp-block-heading\">Sezgin Baran Korkmaz&#8217;dan Dikkat \u00c7eken \u00c7\u0131k\u0131\u015f<\/h2>\n\n\n\n<p class=\"wp-block-paragraph\">Firari i\u015f insan\u0131 Sezgin Baran Korkmaz da sosyal medya hesab\u0131ndan yapt\u0131\u011f\u0131 payla\u015f\u0131m ile tart\u0131\u015fmalara dahil oldu.<\/p>\n\n\n\n<p class=\"wp-block-paragraph\">Korkmaz payla\u015f\u0131m\u0131nda \u015fu ifadeleri kulland\u0131:<\/p>\n\n\n\n<blockquote class=\"wp-block-quote is-layout-flow wp-block-quote-is-layout-flow\">\n<p class=\"wp-block-paragraph\">&#8220;Savc\u0131l\u0131k H\u00fcseyin Ba\u015faran&#8217;\u0131 biraz e\u015felerse depremde toplanan yard\u0131m\u0131n onlarca kat\u0131 vergi doland\u0131r\u0131c\u0131l\u0131\u011f\u0131 kamu zarar\u0131 g\u00f6recektir.&#8221;<\/p>\n<\/blockquote>\n\n\n\n<p class=\"wp-block-paragraph\">Bu payla\u015f\u0131m k\u0131sa s\u00fcrede sosyal medyada g\u00fcndem olurken, soru\u015fturman\u0131n farkl\u0131 boyutlar\u0131na ili\u015fkin tart\u0131\u015fmalar\u0131 da beraberinde getirdi.<\/p>\n\n\n\n<h2 class=\"wp-block-heading\">\u0130smail Saymaz&#8217;dan &#8220;\u00c7ok Ball\u0131 Ticaret&#8221; Yorumu<\/h2>\n\n\n\n<p class=\"wp-block-paragraph\">Gazeteci \u0130smail Saymaz da dosyada g\u00fcndeme gelen rakamlarla ilgili dikkat \u00e7ekici bir de\u011ferlendirmede bulundu.<\/p>\n\n\n\n<p class=\"wp-block-paragraph\">Saymaz sosyal medya hesab\u0131ndan yapt\u0131\u011f\u0131 payla\u015f\u0131mda \u015fu ifadeleri kulland\u0131:<\/p>\n\n\n\n<blockquote class=\"wp-block-quote is-layout-flow wp-block-quote-is-layout-flow\">\n<p class=\"wp-block-paragraph\">&#8220;H\u00fcseyin Ba\u015faran, kendisini aldatan Haluk Levent&#8217;e 60 milyon dolarl\u0131k 22 ta\u015f\u0131nmaz\u0131 bedava vermi\u015f. Ey\u00fcp&#8217;te 2 d\u00fckk\u00e2n\u0131 800 milyon TL saym\u0131\u015f. Ne bu, Bo\u011faz&#8217;da yal\u0131 m\u0131? G\u00f6kt\u00fcrk ve Fikirtepe&#8217;deki 9 dairesi 500 milyonmu\u015f. Ba\u011fdat Caddesi daha ucuz. \u00c7ok &#8216;ball\u0131&#8217; bir ticaret de\u011fil mi bu?&#8221;<\/p>\n<\/blockquote>\n\n\n\n<p class=\"wp-block-paragraph\">Saymaz&#8217;\u0131n payla\u015f\u0131m\u0131 da kamuoyunda geni\u015f yank\u0131 uyand\u0131rd\u0131.<\/p>\n\n\n\n<h2 class=\"wp-block-heading\">Haluk Levent: &#8220;Bu Bir Alacak Verecek Meselesidir&#8221;<\/h2>\n\n\n\n<p class=\"wp-block-paragraph\">Soru\u015fturma kapsam\u0131nda ifade veren Haluk Levent ise H\u00fcseyin Ba\u015faran ile aras\u0131ndaki ili\u015fkinin ticari bir uyu\u015fmazl\u0131ktan ibaret oldu\u011funu savundu.<\/p>\n\n\n\n<p class=\"wp-block-paragraph\">Levent ifadesinde \u015fu de\u011ferlendirmeyi yapt\u0131:<\/p>\n\n\n\n<blockquote class=\"wp-block-quote is-layout-flow wp-block-quote-is-layout-flow\">\n<p class=\"wp-block-paragraph\">&#8220;Dosyan\u0131n m\u00fc\u015ftekilerinde olan H\u00fcseyin Ba\u015faran ile aram\u0131zda ger\u00e7ekle\u015fen gayrimenkul ticareti alacak-verecek meselesi ile ilgilidir. Herhangi bir doland\u0131r\u0131c\u0131l\u0131k eylemi yoktur. Konunun hukuki uyu\u015fmazl\u0131\u011fa giren konulardan oldu\u011funu de\u011ferlendiriyorum. Ayr\u0131ca \u015fik\u00e2yete konu gayrimenkuller iddia olundu\u011fu miktarda de\u011fildir. Taraf\u0131mca da bir k\u0131s\u0131m \u00f6deme yap\u0131lm\u0131\u015ft\u0131r.&#8221;<\/p>\n<\/blockquote>\n\n\n\n<h2 class=\"wp-block-heading\">Soru\u015fturmada Yeni Geli\u015fmeler Bekleniyor<\/h2>\n\n\n\n<p class=\"wp-block-paragraph\">Ahbap Derne\u011fi soru\u015fturmas\u0131nda taraflar\u0131n kar\u015f\u0131l\u0131kl\u0131 iddialar\u0131 g\u00fcndemi me\u015fgul etmeye devam ederken, savc\u0131l\u0131\u011f\u0131n dosyadaki mali kay\u0131tlar, tapu i\u015flemleri ve para transferlerine ili\u015fkin incelemelerini s\u00fcrd\u00fcrd\u00fc\u011f\u00fc \u00f6\u011frenildi.<\/p>\n\n\n\n<p class=\"wp-block-paragraph\">\u00d6n\u00fcm\u00fczdeki g\u00fcnlerde soru\u015fturma kapsam\u0131nda yeni ifade ve belgelerin dosyaya girmesi beklenirken, kamuoyu geli\u015fmeleri yak\u0131ndan takip ediyor.<\/p>\n\n\n\n<p class=\"wp-block-paragraph\">&#x1f449; T\u00fcrkiye g\u00fcndeminden en g\u00fcncel haberler i\u00e7in;<\/p>\n\n\n\n<p class=\"wp-block-paragraph\">&#x1f310; <a href=\"http:\/\/www.gundem59.com.tr\/\">www.gundem59.com.tr<\/a><\/p>\n\n\n\n<p class=\"wp-block-paragraph\">&#x1f310; <a href=\"http:\/\/www.turkiyemhaber.com\/\">www.turkiyemhaber.com<\/a><\/p>\n\n\n\n<p class=\"wp-block-paragraph\">&#x1f310; <a href=\"http:\/\/www.gundem44.com.tr\/\">www.gundem44.com.tr<\/a><\/p>\n\n\n\n<p class=\"wp-block-paragraph\">&#x1f310; <a href=\"http:\/\/www.gundem34haber.com.tr\/\">www.gundem34haber.com.tr<\/a><\/p>\n\n\n\n<p class=\"wp-block-paragraph\">&#x1f310; <a href=\"http:\/\/www.saray59.com.tr\/\">www.saray59.com.tr<\/a><\/p>\n\n\n\n<p class=\"wp-block-paragraph\">&#x1f4fa; <a href=\"http:\/\/www.turkiyemhabertv.com\/\">www.turkiyemhabertv.com<\/a><\/p>\n\n\n\n<p class=\"wp-block-paragraph\">&#x1f4fb; <a href=\"http:\/\/www.turkiyemradyo.com\/\">www.turkiyemradyo.com<\/a><\/p>\n\n\n\n<p class=\"wp-block-paragraph\">&#x1f4f1; @gundem59__<\/p>\n\n\n\n<p class=\"wp-block-paragraph\">&#x1f4f1; @turkiyemhaber_tr<\/p>\n\n\n\n<p class=\"wp-block-paragraph\">#SonDakika #Ahbap #AHBAPDerne\u011fi #HalukLevent #H\u00fcseyinBa\u015faran #SezginBaranKorkmaz #\u0130smailSaymaz #MASAK #\u0130stanbulCumhuriyetBa\u015fsavc\u0131l\u0131\u011f\u0131 #Soru\u015fturma #G\u00f6zalt\u0131 #Gayrimenkul #Tapu #ParaTransferi #MaliSu\u00e7lar #Adliye #Mahkeme #G\u00fcndem #T\u00fcrkiye #G\u00fcncelHaber #Gundem59 #TurkiyemHaber #Gundem44 #Gundem34Haber #Saray59 #TurkiyemHaberTV #TurkiyemRadyo<\/p>\n","protected":false},"excerpt":{"rendered":"<p>Ahbap Derne\u011fi&#8217;ne y\u00f6nelik y\u00fcr\u00fct\u00fclen soru\u015fturmada dikkat \u00e7eken yeni iddialar g\u00fcndeme geldi. Haluk Levent hakk\u0131nda su\u00e7<\/p>\n","protected":false},"author":1,"featured_media":3924,"comment_status":"open","ping_status":"open","sticky":false,"template":"","format":"standard","meta":{"_rtcl_gb_attr":"","footnotes":""},"categories":[1],"tags":[],"class_list":["post-3923","post","type-post","status-publish","format-standard","has-post-thumbnail","hentry","category-http-turkiyemhaber-com-wp-content-uploads-2026-03-saray-59-haber-13-mart-pdf"],"_links":{"self":[{"href":"https:\/\/turkiyemhaber.com\/index.php?rest_route=\/wp\/v2\/posts\/3923","targetHints":{"allow":["GET"]}}],"collection":[{"href":"https:\/\/turkiyemhaber.com\/index.php?rest_route=\/wp\/v2\/posts"}],"about":[{"href":"https:\/\/turkiyemhaber.com\/index.php?rest_route=\/wp\/v2\/types\/post"}],"author":[{"embeddable":true,"href":"https:\/\/turkiyemhaber.com\/index.php?rest_route=\/wp\/v2\/users\/1"}],"replies":[{"embeddable":true,"href":"https:\/\/turkiyemhaber.com\/index.php?rest_route=%2Fwp%2Fv2%2Fcomments&post=3923"}],"version-history":[{"count":1,"href":"https:\/\/turkiyemhaber.com\/index.php?rest_route=\/wp\/v2\/posts\/3923\/revisions"}],"predecessor-version":[{"id":3926,"href":"https:\/\/turkiyemhaber.com\/index.php?rest_route=\/wp\/v2\/posts\/3923\/revisions\/3926"}],"wp:featuredmedia":[{"embeddable":true,"href":"https:\/\/turkiyemhaber.com\/index.php?rest_route=\/wp\/v2\/media\/3924"}],"wp:attachment":[{"href":"https:\/\/turkiyemhaber.com\/index.php?rest_route=%2Fwp%2Fv2%2Fmedia&parent=3923"}],"wp:term":[{"taxonomy":"category","embeddable":true,"href":"https:\/\/turkiyemhaber.com\/index.php?rest_route=%2Fwp%2Fv2%2Fcategories&post=3923"},{"taxonomy":"post_tag","embeddable":true,"href":"https:\/\/turkiyemhaber.com\/index.php?rest_route=%2Fwp%2Fv2%2Ftags&post=3923"}],"curies":[{"name":"wp","href":"https:\/\/api.w.org\/{rel}","templated":true}]}}